{"id":869,"date":"2011-11-23T23:00:00","date_gmt":"2011-11-23T22:00:00","guid":{"rendered":"http:\/\/unipas.si\/wp\/2011\/11\/23\/osmi-veer-odgovornost-za-skupno-dobro\/"},"modified":"2011-11-23T23:00:00","modified_gmt":"2011-11-23T22:00:00","slug":"osmi-veer-odgovornost-za-skupno-dobro","status":"publish","type":"post","link":"http:\/\/unipas.si\/_stara20112018\/osmi-veer-odgovornost-za-skupno-dobro\/","title":{"rendered":"Osmi ve\u010der: Odgovornost za skupno dobro"},"content":{"rendered":"<p style=\"text-align: justify;\"> \t<img loading=\"lazy\" class=\" alignleft size-full wp-image-861\" alt=\"alt\" src=\"http:\/\/unipas.si-content\/uploads\/2011\/11\/osmi.JPG\" style=\"width: 100px; height: 93px; float: left;\" width=\"100\" height=\"93\" \/><span data-scayt_word=\"Na\" data-scaytid=\"1\">Na<\/span> <span data-scayt_word=\"zaklju\u010dni\" data-scaytid=\"2\">zaklju\u010dni<\/span> <span data-scayt_word=\"okrogli\" data-scaytid=\"3\">okrogli<\/span> <span data-scayt_word=\"mizi\" data-scaytid=\"4\">mizi<\/span> 45. <span data-scayt_word=\"Nikodemovih\" data-scaytid=\"5\">Nikodemovih<\/span> <span data-scayt_word=\"ve\u010derov\" data-scaytid=\"6\">ve\u010derov<\/span>, <span data-scayt_word=\"ki\" data-scaytid=\"7\">ki<\/span> so <span data-scayt_word=\"potekali\" data-scaytid=\"8\">potekali<\/span> pod <span data-scayt_word=\"geslom\" data-scaytid=\"9\">geslom<\/span> &raquo;\u010ce pa se <span data-scayt_word=\"sol\" data-scaytid=\"10\">sol<\/span> <span data-scayt_word=\"pokvari\" data-scaytid=\"11\">pokvari<\/span> &hellip;&laquo; so se <span data-scayt_word=\"nam\" data-scaytid=\"12\">nam<\/span> <span data-scayt_word=\"pridru\u017eili\" data-scaytid=\"13\">pridru\u017eili<\/span> in <span data-scayt_word=\"ve\u010der\" data-scaytid=\"14\">ve\u010der<\/span> <span data-scayt_word=\"obogatili\" data-scaytid=\"15\">obogatili<\/span> Jo\u017ee <span data-scayt_word=\"Gornik\" data-scaytid=\"16\">Gornik<\/span>, <span data-scayt_word=\"biv\u0161i\" data-scaytid=\"17\">biv&scaron;i<\/span> <span data-scayt_word=\"direktor\" data-scaytid=\"18\">direktor<\/span> <span data-scayt_word=\"Centra\" data-scaytid=\"19\">Centra<\/span> <span data-scayt_word=\"nevladnih\" data-scaytid=\"20\">nevladnih<\/span> organizacij Slovenije, Tilen Mlakar, predsednik Sveta katoli&scaron;kih laikov Slovenije in Anica Miku&scaron; Kos, predsednica Slovenske filantropije. Vsak je najprej predstavil podro\u010dje civilne dru\u017ebe, na katerem deluje in v kraj&scaron;i predstavitvi dal izto\u010dnice za pogovor.<\/p>\n<p>   <!--more-->  <\/p>\n<p style=\"text-align: justify;\"> \t&nbsp;<\/p>\n<p style=\"text-align: justify;\"> \tVsi gostje so se strinjali, da imamo ljudje danes preve\u010d stvari, v katere smo vpeti in zato zmanjkuje \u010dasa za to, da bi se vklju\u010dili &scaron;e v civilno sfero. Jo\u017ee <span data-scayt_word=\"Gornik\" data-scaytid=\"22\">Gornik<\/span> je ob tem poudaril, da je v Sloveniji civilna dru\u017eba sicer dobro razvita, vendar pa ima svoje pomanjkljivosti. Gostje so poudarili tudi prisotnost t. i. vrti\u010dkarstva, <span data-scayt_word=\"ki\" data-scaytid=\"21\">ki<\/span> je dandanes vse bolj prisotno in pomeni, da vsak dela samo zase in premalo za druge in za skupnost. Pri tem pa se ne zavedamo, da ravno skupaj zmoremo ve\u010d.<\/p>\n<p style=\"text-align: justify;\"> \t&nbsp;<\/p>\n<p style=\"text-align: justify;\"> \tVe\u010der smo zaklju\u010dili z mislijo, da morda na&scaron;e o\u010di vidijo skupno prihodnost zamegljeno, vendar sedanjost terja od nas, da ne obupamo. Pogumno, vztrajno, vsak po svojih mo\u010deh in dol\u017enostih naredimo nekaj za skupno dobro. V\u010dasih je potrebno malo, le simboli\u010dna gesta, morda malo soli, da naredimo prihodnost bolj&scaron;o.<\/p>\n<p style=\"text-align: justify;\"> \t&nbsp;<\/p>\n<div> \tAVDIO &#8211; Radio Ognji&scaron;\u010de:<\/div>\n<p style=\"text-align: justify;\"> \t<a href=\"http:\/\/audio.ognjisce.si\/index.php?p=Arhiv_leto_2011\/Nikodemovi_veceri_2011\">http:\/\/<span data-scayt_word=\"audio.ognjisce.si\" data-scaytid=\"23\">audio.ognjisce.si<\/span>\/<span data-scayt_word=\"index.php\" data-scaytid=\"24\">index.php<\/span>?p=Arhiv_leto_2011\/Nikodemovi_veceri_2011<\/a><\/p>\n<p style=\"text-align: justify;\"> \t&nbsp;<\/p>\n<p style=\"text-align: justify;\"> \tVIDEO &#8211; Socialna akademija:<\/p>\n<p> \t<a href=\"http:\/\/www.youtube.com\/watch?v=0fAC1eJLCpI&amp;feature=related\" data-rel=\"lightbox-video-0\">http:\/\/www.youtube.com\/watch?v=0fAC1eJLCpI&amp;feature=related<\/a><\/p>\n<p style=\"text-align: justify;\"> \t<span id=\"simpleimagegallery\"><div id='gallery-1' class='gallery galleryid-869 gallery-columns-3 gallery-size-thumbnail'><figure class='gallery-item'>\n\t\t\t<div class='gallery-icon landscape'>\n\t\t\t\t<a href='http:\/\/unipas.si\/_stara20112018\/wp-content\/uploads\/2011\/11\/IMG_0454.jpg' title=\"\" data-rl_title=\"\" class=\"rl-gallery-link\" data-rl_caption=\"\" data-rel=\"lightbox-gallery-1\"><img width=\"150\" height=\"150\" src=\"http:\/\/unipas.si\/_stara20112018\/wp-content\/uploads\/2011\/11\/IMG_0454-150x150.jpg\" class=\"attachment-thumbnail size-thumbnail\" alt=\"\" loading=\"lazy\" \/><\/a>\n\t\t\t<\/div><\/figure><figure class='gallery-item'>\n\t\t\t<div class='gallery-icon landscape'>\n\t\t\t\t<a href='http:\/\/unipas.si\/_stara20112018\/wp-content\/uploads\/2011\/11\/IMG_0466.jpg' title=\"\" data-rl_title=\"\" class=\"rl-gallery-link\" data-rl_caption=\"\" data-rel=\"lightbox-gallery-1\"><img width=\"150\" height=\"150\" src=\"http:\/\/unipas.si\/_stara20112018\/wp-content\/uploads\/2011\/11\/IMG_0466-150x150.jpg\" class=\"attachment-thumbnail size-thumbnail\" alt=\"\" loading=\"lazy\" \/><\/a>\n\t\t\t<\/div><\/figure><figure class='gallery-item'>\n\t\t\t<div class='gallery-icon landscape'>\n\t\t\t\t<a href='http:\/\/unipas.si\/_stara20112018\/wp-content\/uploads\/2011\/11\/IMG_0475.jpg' title=\"\" data-rl_title=\"\" class=\"rl-gallery-link\" data-rl_caption=\"\" data-rel=\"lightbox-gallery-1\"><img width=\"150\" height=\"150\" src=\"http:\/\/unipas.si\/_stara20112018\/wp-content\/uploads\/2011\/11\/IMG_0475-150x150.jpg\" class=\"attachment-thumbnail size-thumbnail\" alt=\"\" loading=\"lazy\" \/><\/a>\n\t\t\t<\/div><\/figure><figure class='gallery-item'>\n\t\t\t<div class='gallery-icon landscape'>\n\t\t\t\t<a href='http:\/\/unipas.si\/_stara20112018\/wp-content\/uploads\/2011\/11\/IMG_0490.jpg' title=\"\" data-rl_title=\"\" class=\"rl-gallery-link\" data-rl_caption=\"\" data-rel=\"lightbox-gallery-1\"><img width=\"150\" height=\"150\" src=\"http:\/\/unipas.si\/_stara20112018\/wp-content\/uploads\/2011\/11\/IMG_0490-150x150.jpg\" class=\"attachment-thumbnail size-thumbnail\" alt=\"\" loading=\"lazy\" \/><\/a>\n\t\t\t<\/div><\/figure><figure class='gallery-item'>\n\t\t\t<div class='gallery-icon portrait'>\n\t\t\t\t<a href='http:\/\/unipas.si\/_stara20112018\/wp-content\/uploads\/2011\/11\/IMG_0497.jpg' title=\"\" data-rl_title=\"\" class=\"rl-gallery-link\" data-rl_caption=\"\" data-rel=\"lightbox-gallery-1\"><img width=\"150\" height=\"150\" src=\"http:\/\/unipas.si\/_stara20112018\/wp-content\/uploads\/2011\/11\/IMG_0497-150x150.jpg\" class=\"attachment-thumbnail size-thumbnail\" alt=\"\" loading=\"lazy\" \/><\/a>\n\t\t\t<\/div><\/figure><figure class='gallery-item'>\n\t\t\t<div class='gallery-icon landscape'>\n\t\t\t\t<a href='http:\/\/unipas.si\/_stara20112018\/wp-content\/uploads\/2011\/11\/IMG_0513.jpg' title=\"\" data-rl_title=\"\" class=\"rl-gallery-link\" data-rl_caption=\"\" data-rel=\"lightbox-gallery-1\"><img width=\"150\" height=\"150\" src=\"http:\/\/unipas.si\/_stara20112018\/wp-content\/uploads\/2011\/11\/IMG_0513-150x150.jpg\" class=\"attachment-thumbnail size-thumbnail\" alt=\"\" loading=\"lazy\" \/><\/a>\n\t\t\t<\/div><\/figure><figure class='gallery-item'>\n\t\t\t<div class='gallery-icon landscape'>\n\t\t\t\t<a href='http:\/\/unipas.si\/_stara20112018\/wp-content\/uploads\/2011\/11\/IMG_0515.jpg' title=\"\" data-rl_title=\"\" class=\"rl-gallery-link\" data-rl_caption=\"\" data-rel=\"lightbox-gallery-1\"><img width=\"150\" height=\"150\" src=\"http:\/\/unipas.si\/_stara20112018\/wp-content\/uploads\/2011\/11\/IMG_0515-150x150.jpg\" class=\"attachment-thumbnail size-thumbnail\" alt=\"\" loading=\"lazy\" \/><\/a>\n\t\t\t<\/div><\/figure>\n\t\t<\/div>\n<\/span><\/p>\n","protected":false},"excerpt":{"rendered":"<p>Na zaklju\u010dni okrogli mizi 45. Nikodemovih ve\u010derov, ki so potekali pod geslom &raquo;\u010ce pa se sol pokvari &hellip;&laquo; so se nam pridru\u017eili in ve\u010der obogatili Jo\u017ee Gornik, biv&scaron;i direktor Centra&hellip; <\/p>\n","protected":false},"author":1,"featured_media":860,"comment_status":"closed","ping_status":"closed","sticky":false,"template":"","format":"standard","meta":{"_monsterinsights_skip_tracking":false,"_monsterinsights_sitenote_active":false,"_monsterinsights_sitenote_note":"","_monsterinsights_sitenote_category":0,"ngg_post_thumbnail":0},"categories":[21],"tags":[],"_links":{"self":[{"href":"http:\/\/unipas.si\/_stara20112018\/wp-json\/wp\/v2\/posts\/869"}],"collection":[{"href":"http:\/\/unipas.si\/_stara20112018\/wp-json\/wp\/v2\/posts"}],"about":[{"href":"http:\/\/unipas.si\/_stara20112018\/wp-json\/wp\/v2\/types\/post"}],"author":[{"embeddable":true,"href":"http:\/\/unipas.si\/_stara20112018\/wp-json\/wp\/v2\/users\/1"}],"replies":[{"embeddable":true,"href":"http:\/\/unipas.si\/_stara20112018\/wp-json\/wp\/v2\/comments?post=869"}],"version-history":[{"count":0,"href":"http:\/\/unipas.si\/_stara20112018\/wp-json\/wp\/v2\/posts\/869\/revisions"}],"wp:featuredmedia":[{"embeddable":true,"href":"http:\/\/unipas.si\/_stara20112018\/wp-json\/wp\/v2\/media\/860"}],"wp:attachment":[{"href":"http:\/\/unipas.si\/_stara20112018\/wp-json\/wp\/v2\/media?parent=869"}],"wp:term":[{"taxonomy":"category","embeddable":true,"href":"http:\/\/unipas.si\/_stara20112018\/wp-json\/wp\/v2\/categories?post=869"},{"taxonomy":"post_tag","embeddable":true,"href":"http:\/\/unipas.si\/_stara20112018\/wp-json\/wp\/v2\/tags?post=869"}],"curies":[{"name":"wp","href":"https:\/\/api.w.org\/{rel}","templated":true}]}}