{"id":703,"date":"2011-10-19T14:57:44","date_gmt":"2011-10-19T12:57:44","guid":{"rendered":"http:\/\/unipas.si\/wp\/2011\/10\/19\/nikodemovi-veceri-2011-napovednik\/"},"modified":"2011-10-19T14:57:44","modified_gmt":"2011-10-19T12:57:44","slug":"nikodemovi-veceri-2011-napovednik","status":"publish","type":"post","link":"http:\/\/unipas.si\/_stara20112018\/nikodemovi-veceri-2011-napovednik\/","title":{"rendered":"Nikodemovi ve\u010deri 2011 &#8211; napovednik"},"content":{"rendered":"<p style=\"text-align: center;\"> \t<img loading=\"lazy\" class=\" size-full wp-image-685\" alt=\"alt\" border=\"0\" src=\"http:\/\/unipas.si-content\/uploads\/2011\/10\/NV_2011_net_MALI.jpg\" width=\"300\" height=\"232\" \/><\/p>\n<p style=\"text-align: center;\"> \t&nbsp;<\/p>\n<p style=\"text-align: center;\"> \t&nbsp;<\/p>\n<p style=\"text-align: center;\"> \t&nbsp;<\/p>\n<p style=\"text-align: center;\"> \t&nbsp;<\/p>\n<p style=\"text-align: center;\"> \t&nbsp;<\/p>\n<p style=\"text-align: center;\"> \t&nbsp;<\/p>\n<p style=\"text-align: center;\"> \t&nbsp;<\/p>\n<p> \t&nbsp;<\/p>\n<p> \t&nbsp;<\/p>\n<p> \t<strong><span><span data-scayt_word=\"Ponedeljek\" data-scaytid=\"1\">Ponedeljek<\/span><\/span>, 14.11.: <span><span data-scayt_word=\"KRISTJAN\" data-scaytid=\"2\">KRISTJAN<\/span><\/span> &ndash; <span><span data-scayt_word=\"ODGOVOREN\" data-scaytid=\"3\">ODGOVOREN<\/span><\/span> <span><span data-scayt_word=\"DR\u017dAVLJAN\" data-scaytid=\"4\">DR\u017dAVLJAN<\/span><\/span><\/strong><\/p>\n<p style=\"text-align: justify;\"> \t<span><span data-scayt_word=\"Kaj\" data-scaytid=\"9\">Kaj<\/span><\/span> je <span><span data-scayt_word=\"dru\u017ebeni\" data-scaytid=\"10\">dru\u017ebeni<\/span><\/span> <span><span data-scayt_word=\"nauk\" data-scaytid=\"12\">nauk<\/span><\/span> <span><span data-scayt_word=\"Cerkve\" data-scaytid=\"14\">Cerkve<\/span><\/span> in <span><span data-scayt_word=\"zakaj\" data-scaytid=\"16\">zakaj<\/span><\/span> <span><span data-scayt_word=\"pastoralno\" data-scaytid=\"17\">pastoralno<\/span><\/span> <span><span data-scayt_word=\"leto\" data-scaytid=\"18\">leto<\/span><\/span> &raquo;<span><span data-scayt_word=\"Pravi\u010dnost\" data-scaytid=\"19\">Pravi\u010dnost<\/span><\/span> v <span><span data-scayt_word=\"ljubezni\" data-scaytid=\"20\">ljubezni<\/span><\/span>&laquo;? <span><span data-scayt_word=\"Ve\u010der\" data-scaytid=\"21\">Ve\u010der<\/span><\/span> se <span><span data-scayt_word=\"bo\" data-scaytid=\"22\">bo<\/span><\/span> <span><span data-scayt_word=\"posve\u010dal\" data-scaytid=\"24\">posve\u010dal<\/span><\/span> <span><span data-scayt_word=\"odgovorom\" data-scaytid=\"25\">odgovorom<\/span><\/span> <span><span data-scayt_word=\"na\" data-scaytid=\"26\">na<\/span><\/span> <span><span data-scayt_word=\"vpra\u0161anja\" data-scaytid=\"27\">vpra&scaron;anja<\/span><\/span>, <span><span data-scayt_word=\"kako\" data-scaytid=\"28\">kako<\/span><\/span> <span><span data-scayt_word=\"naj\" data-scaytid=\"31\">naj<\/span><\/span> <span><span data-scayt_word=\"razumemo\" data-scaytid=\"32\">razumemo<\/span><\/span> <span><span data-scayt_word=\"dru\u017ebene\" data-scaytid=\"33\">dru\u017ebene<\/span><\/span> <span><span data-scayt_word=\"situacije\" data-scaytid=\"34\">situacije<\/span><\/span> z <span><span data-scayt_word=\"vidika\" data-scaytid=\"40\">vidika<\/span><\/span> <span><span data-scayt_word=\"pravi\u010dnosti\" data-scaytid=\"41\">pravi\u010dnosti<\/span><\/span>, <span><span data-scayt_word=\"kot\" data-scaytid=\"42\">kot<\/span><\/span> <span><span data-scayt_word=\"jo\" data-scaytid=\"43\">jo<\/span><\/span> <span><span data-scayt_word=\"pojmuje\" data-scaytid=\"44\">pojmuje<\/span><\/span> <span><span data-scayt_word=\"dru\u017ebeni\" data-scaytid=\"11\">dru\u017ebeni<\/span><\/span> <span><span data-scayt_word=\"nauk\" data-scaytid=\"13\">nauk<\/span><\/span> <span><span data-scayt_word=\"Cerkve\" data-scaytid=\"15\">Cerkve<\/span><\/span>. <span><span data-scayt_word=\"Gosta\" data-scaytid=\"45\">Gosta<\/span><\/span> <span><span data-scayt_word=\"bosta\" data-scaytid=\"46\">bosta<\/span><\/span> <span><span data-scayt_word=\"odkrivala\" data-scaytid=\"47\">odkrivala<\/span><\/span>,<span><span data-scayt_word=\"kako\" data-scaytid=\"29\">kako<\/span><\/span> <span><span data-scayt_word=\"aktivni\" data-scaytid=\"48\">aktivni<\/span><\/span> <span><span data-scayt_word=\"dr\u017eavljani\" data-scaytid=\"50\">dr\u017eavljani<\/span><\/span> so <span><span data-scayt_word=\"kristjani\" data-scaytid=\"52\">kristjani<\/span><\/span> v <span><span data-scayt_word=\"dana\u0161nji\" data-scaytid=\"53\">dana&scaron;nji<\/span><\/span> <span><span data-scayt_word=\"dru\u017ebi\" data-scaytid=\"54\">dru\u017ebi<\/span><\/span> in <span><span data-scayt_word=\"kdo\" data-scaytid=\"55\">kdo<\/span><\/span> <span><span data-scayt_word=\"pravzaprav\" data-scaytid=\"56\">pravzaprav<\/span><\/span> so <span><span data-scayt_word=\"aktivni\" data-scaytid=\"49\">aktivni<\/span><\/span> <span><span data-scayt_word=\"dr\u017eavljani\" data-scaytid=\"51\">dr\u017eavljani<\/span><\/span>. <span><span data-scayt_word=\"Razprava\" data-scaytid=\"57\">Razprava<\/span><\/span> <span><span data-scayt_word=\"bo\" data-scaytid=\"23\">bo<\/span><\/span> <span><span data-scayt_word=\"tekla\" data-scaytid=\"58\">tekla<\/span><\/span> o <span><span data-scayt_word=\"tem\" data-scaytid=\"59\">tem<\/span><\/span>, <span><span data-scayt_word=\"kako\" data-scaytid=\"30\">kako<\/span><\/span> <span><span data-scayt_word=\"po\" data-scaytid=\"61\">po<\/span><\/span> <span><span data-scayt_word=\"dvajsetih\" data-scaytid=\"62\">dvajsetih<\/span><\/span> <span><span data-scayt_word=\"letih\" data-scaytid=\"63\">letih<\/span><\/span> <span><span data-scayt_word=\"samostojnosti\" data-scaytid=\"64\">samostojnosti<\/span><\/span> <span><span data-scayt_word=\"upravljamo\" data-scaytid=\"65\">upravljamo<\/span><\/span> s <span><span data-scayt_word=\"svojo\" data-scaytid=\"66\">svojo<\/span><\/span> <span><span data-scayt_word=\"dr\u017eavo\" data-scaytid=\"67\">dr\u017eavo<\/span><\/span> in <span><span data-scayt_word=\"katere\" data-scaytid=\"68\">katere<\/span><\/span> <span><span data-scayt_word=\"vrednote\" data-scaytid=\"69\">vrednote<\/span><\/span> <span><span data-scayt_word=\"nas\" data-scaytid=\"70\">nas<\/span><\/span> <span><span data-scayt_word=\"pri\" data-scaytid=\"71\">pri<\/span><\/span> <span><span data-scayt_word=\"tem\" data-scaytid=\"60\">tem<\/span><\/span> <span><span data-scayt_word=\"vodijo\" data-scaytid=\"72\">vodijo<\/span><\/span>.<\/p>\n<p> \t&nbsp;<\/p>\n<p> \t<img loading=\"lazy\" class=\" alignleft size-full wp-image-686\" alt=\"alt\" border=\"0\" src=\"http:\/\/unipas.si-content\/uploads\/2011\/10\/stres.jpg\" style=\"width: 100px; height: 100px; float: left;\" width=\"100\" height=\"100\" \/><strong><em>Dr. Anton <span><span data-scayt_word=\"Stres\" data-scaytid=\"5\">Stres<\/span><\/span>, <span><span data-scayt_word=\"ljubljanski\" data-scaytid=\"6\">ljubljanski<\/span><\/span> <span><span data-scayt_word=\"nad\u0161kof\" data-scaytid=\"7\">nad&scaron;kof<\/span><\/span> in <span><span data-scayt_word=\"metropolit\" data-scaytid=\"8\">metropolit<\/span><\/span><\/em><\/strong><\/p>\n<p> \t<em><span><span data-scayt_word=\"Odgovornost\" data-scaytid=\"73\">Odgovornost<\/span><\/span> <span><span data-scayt_word=\"za\" data-scaytid=\"74\">za<\/span><\/span> <span><span data-scayt_word=\"dru\u017ebene\" data-scaytid=\"35\">dru\u017ebene<\/span><\/span> <span><span data-scayt_word=\"razmere\" data-scaytid=\"75\">razmere<\/span><\/span> je <span><span data-scayt_word=\"sestavni\" data-scaytid=\"77\">sestavni<\/span><\/span> del <span><span data-scayt_word=\"na\u0161e\" data-scaytid=\"78\">na&scaron;e<\/span><\/span> <span><span data-scayt_word=\"splo\u0161ne\" data-scaytid=\"80\">splo&scaron;ne<\/span><\/span> <span><span data-scayt_word=\"moralne\" data-scaytid=\"81\">moralne<\/span><\/span> <span><span data-scayt_word=\"odgovornosti\" data-scaytid=\"82\">odgovornosti<\/span><\/span>. Po <span><span data-scayt_word=\"letu\" data-scaytid=\"84\">letu<\/span><\/span> <span><span data-scayt_word=\"solidarnosti\" data-scaytid=\"85\">solidarnosti<\/span><\/span> in <span><span data-scayt_word=\"dobrodelnosti\" data-scaytid=\"86\">dobrodelnosti<\/span><\/span> <span><span data-scayt_word=\"nas\" data-scaytid=\"37\">nas<\/span><\/span> <span><span data-scayt_word=\"leto\" data-scaytid=\"38\">leto<\/span><\/span> <span><span data-scayt_word=\"dru\u017ebene\" data-scaytid=\"36\">dru\u017ebene<\/span><\/span> <span><span data-scayt_word=\"pravi\u010dnosti\" data-scaytid=\"39\">pravi\u010dnosti<\/span><\/span> <span><span data-scayt_word=\"spodbuja\" data-scaytid=\"87\">spodbuja<\/span><\/span> k <span><span data-scayt_word=\"mo\u010dnej\u0161i\" data-scaytid=\"88\">mo\u010dnej&scaron;i<\/span><\/span> <span><span data-scayt_word=\"zavesti\" data-scaytid=\"89\">zavesti<\/span><\/span> <span><span data-scayt_word=\"na\u0161e\" data-scaytid=\"79\">na&scaron;e<\/span><\/span> <span><span data-scayt_word=\"odgovornosti\" data-scaytid=\"83\">odgovornosti<\/span><\/span> v <span><span data-scayt_word=\"slovenskem\" data-scaytid=\"90\">slovenskem<\/span><\/span> <span><span data-scayt_word=\"narodu\" data-scaytid=\"91\">narodu<\/span><\/span> in <span><span data-scayt_word=\"dr\u017eavi\" data-scaytid=\"92\">dr\u017eavi<\/span><\/span>. <span><span data-scayt_word=\"Te\u017eke\" data-scaytid=\"93\">Te\u017eke<\/span><\/span> <span><span data-scayt_word=\"razmere\" data-scaytid=\"76\">razmere<\/span><\/span>, v <span><span data-scayt_word=\"katerih\" data-scaytid=\"94\">katerih<\/span><\/span> <span><span data-scayt_word=\"smo\" data-scaytid=\"95\">smo<\/span><\/span> se <span><span data-scayt_word=\"zna\u0161li\" data-scaytid=\"96\">zna&scaron;li<\/span><\/span>, to <span><span data-scayt_word=\"odgovornost\" data-scaytid=\"97\">odgovornost<\/span><\/span> &scaron;e <span><span data-scayt_word=\"bolj\" data-scaytid=\"99\">bolj<\/span><\/span> <span><span data-scayt_word=\"zahtevajo\" data-scaytid=\"100\">zahtevajo<\/span><\/span>. <span><span data-scayt_word=\"Za\" data-scaytid=\"101\">Za<\/span><\/span> to pa je <span><span data-scayt_word=\"potrebno\" data-scaytid=\"102\">potrebno<\/span><\/span> <span><span data-scayt_word=\"zavre\u010di\" data-scaytid=\"103\">zavre\u010di<\/span><\/span> <span><span data-scayt_word=\"nekatere\" data-scaytid=\"104\">nekatere<\/span><\/span> <span><span data-scayt_word=\"predsodke\" data-scaytid=\"105\">predsodke<\/span><\/span> <span><span data-scayt_word=\"proti\" data-scaytid=\"106\">proti<\/span><\/span> <span>dru\u017ebenemu<\/span> in <span>politi\u010dnemu<\/span> <span>udejstvovanju<\/span> <span>vernikov<\/span>, <span>kajti<\/span> <span>na&scaron;a<\/span> <span>vera<\/span> ne bi <span>smela<\/span> <span>slabiti<\/span> <span>ampak<\/span> <span>krepiti<\/span> <span>na&scaron;o<\/span> <span><span data-scayt_word=\"odgovornost\" data-scaytid=\"98\">odgovornost<\/span><\/span>.<\/em><\/p>\n<p> \t&nbsp;<\/p>\n<p> \t<em><img loading=\"lazy\" class=\" alignleft size-full wp-image-687\" alt=\"alt\" border=\"0\" src=\"http:\/\/unipas.si-content\/uploads\/2011\/10\/cepin.jpg\" style=\"width: 100px; height: 100px; float: left;\" width=\"100\" height=\"100\" \/><\/em><strong><span>Matej<\/span> <span>Cepin<\/span> , <span>direktor<\/span> <span>Socialne<\/span> <span>akademije<\/span><\/strong><\/p>\n<p> \t<em>\u010ce <span>smo<\/span> <span>imeli<\/span> <span>kristjani<\/span> <span>leta<\/span> 1991 &scaron;e <span>izgovor<\/span>, <span>da<\/span> <span>nismo<\/span> <span>usposobljeni<\/span> in <span>kompetentni<\/span> <span>za<\/span> <span>svoje<\/span> <span>javno<\/span> <span>delovanje<\/span>, <span>ga<\/span> 20 let <span>po<\/span> <span>tem<\/span> <span>gotovo<\/span> ne bi <span>smeli<\/span> <span>ve\u010d<\/span> <span>imeti<\/span>. <\/em><\/p>\n<p> \t&nbsp;<\/p>\n<p> \t&nbsp;<\/p>\n<p> \t<strong><span>Torek<\/span>, 15.11.: <span>VZGOJA<\/span> <span>ZA<\/span> <span>KRITI\u010cNI<\/span> UM<\/strong><\/p>\n<p> \t&nbsp;<\/p>\n<p style=\"text-align: justify;\"> \t<span>Kak&scaron;na<\/span> <span>naj<\/span> <span>bodo<\/span> <span>na\u010dela<\/span> <span>vzgoje<\/span>, <span>ki<\/span> <span>bodo<\/span> <span>spodbujala<\/span> <span>kriti\u010dni<\/span> um in <span>kriti\u010den<\/span> <span>odnos<\/span> do <span>samega<\/span> <span>sebe<\/span>, <span>skupnosti<\/span> in <span>dru\u017ebe<\/span>. <span>Sku&scaron;ali<\/span> <span>bomo<\/span> <span>odgovoriti<\/span> <span>na<\/span> <span>vpra&scaron;anja<\/span>, <span>kak&scaron;na<\/span> <span>na\u010dela<\/span> in <span>katere<\/span> <span>metode<\/span> <span>gradijo<\/span> <span>tako<\/span> <span>za<\/span> <span>lastno<\/span> <span>kot<\/span> <span>skupno<\/span> <span>dobro<\/span> <span>odgovornega<\/span> <span>dr\u017eavljana<\/span>. <span>Razmi&scaron;ljali<\/span> <span>bomo<\/span>, <span>kako<\/span> je z <span>vzgojo<\/span> <span>za<\/span> <span>kriti\u010dnost<\/span> v <span>na&scaron;em<\/span> <span>vzgojno-izobra\u017eevalnem<\/span> <span>sistemu<\/span> in v <span>dru\u017einah<\/span> <span>po<\/span> <span>Sloveniji<\/span>. Ne <span>nazadnje<\/span> <span>bomo<\/span> <span>odprli<\/span> <span>tudi<\/span> <span>vpra&scaron;anje<\/span> <span>formacije<\/span> <span>kriti\u010dne<\/span> <span>misli<\/span> <span>pri<\/span> <span>odraslih<\/span>.<\/p>\n<p> \t&nbsp;<\/p>\n<p> \t<img loading=\"lazy\" class=\" alignleft size-full wp-image-688\" alt=\"alt\" border=\"0\" src=\"http:\/\/unipas.si-content\/uploads\/2011\/10\/zorz.jpg\" style=\"width: 100px; height: 100px; float: left;\" width=\"100\" height=\"100\" \/><strong> <span>Bogdan<\/span> \u017dor\u017e, <span>psihoterapavet<\/span><\/strong><\/p>\n<p style=\"text-align: justify;\"> \t<em><span>Kako<\/span> <span>lahko<\/span> je <span>iz<\/span> <span>kriti\u010dnosti<\/span> <span>zdrkniti<\/span> v <span>kritizerstvo<\/span> in <span>iz<\/span> <span>prilagodljivosti<\/span> v <span>slepo<\/span> <span>podredljivost<\/span>! <span>Zdi<\/span> se, <span>da<\/span> v <span>dana&scaron;njem<\/span> <span>\u010dasu<\/span> <span>sre\u010dujemo<\/span> <span>oboje<\/span>, <span>oboje<\/span> pa je v <span>&scaron;kodo<\/span> <span>\u010dlovekovi<\/span> <span>zdravi<\/span> <span>rasti<\/span>. Ob <span>razmi&scaron;ljanju<\/span> o <span>vzgoji<\/span> <span>za<\/span> <span>kriti\u010dni<\/span> um <span>bomo<\/span> <span>posku&scaron;ali<\/span> <span>iskati<\/span> <span>odgovore<\/span> <span>prav<\/span> <span>na<\/span> to: <span>kako<\/span> <span>vzgajati<\/span> <span>otroka<\/span>, <span>da<\/span> <span>bo<\/span> <span>znal<\/span>, <span>zmogel<\/span> in hotel <span>sprejemati<\/span> <span>druge<\/span>, se <span>prilagajati<\/span> &#8211; <span>obenem<\/span> pa <span>ohranjati<\/span> <span>zdravo<\/span> <span>kriti\u010dnost<\/span>!<\/em><\/p>\n<p style=\"text-align: justify;\"> \t&nbsp;<\/p>\n<p style=\"text-align: justify;\"> \t&nbsp;<\/p>\n<p> \t<strong><span>Sreda<\/span>, 16.11.: <span>SLOVENIJA<\/span> &ndash; <span>MOJA<\/span> <span>DOMOVINA<\/span><\/strong><\/p>\n<p> \t&nbsp;<\/p>\n<p style=\"text-align: justify;\"> \t<span>Ve\u010der<\/span> &raquo;<span>Slovenija<\/span> &ndash; <span>moja<\/span> <span>domovina<\/span>&laquo; se <span>bo<\/span> <span>dotaknil<\/span> <span>vloge<\/span> <span>domoljubja<\/span> <span>pri<\/span> <span>nas<\/span>. Je <span>domoljubje<\/span> &scaron;e v <span>Slovarju<\/span> <span>slovenskega<\/span> <span>knji\u017enega<\/span> <span>jezika<\/span> <span>ali<\/span> <span>postaja<\/span> <span>tabu<\/span> <span>tema<\/span>? Z <span>gostjo<\/span> <span>ve\u010dera<\/span> <span>bomo<\/span> <span>ob<\/span> <span>spoznavanju<\/span> <span>osamosvojitvenih<\/span> <span>procesov<\/span> <span>odkrivali<\/span>, <span>kak&scaron;en<\/span> <span>predznak<\/span> <span>dajemo<\/span> <span>Slovenci<\/span> <span>domoljubju<\/span>. <span>Pri<\/span> <span>tem<\/span> <span>bomo<\/span> <span>odprli<\/span> <span>tudi<\/span> <span>vpra&scaron;anja<\/span>, <span>kje<\/span> in <span>kako<\/span> se <span>sistemati\u010dno<\/span> <span>goji<\/span> <span>domoljubje<\/span> in <span>kje<\/span> je <span>meja<\/span> med <span>domoljubjem<\/span> in <span>nacionalizmom<\/span>, <span>ali<\/span> <span>Slovenci<\/span> <span>zares<\/span> <span>do\u017eivljamo<\/span> <span>svojo<\/span> <span>dr\u017eavo<\/span> <span>kot<\/span> <span>domovino<\/span> oz. <span>ali<\/span> je to <span>sploh<\/span> <span>potrebno<\/span>.<\/p>\n<p style=\"text-align: justify;\"> \t&nbsp;<\/p>\n<p> \t<img loading=\"lazy\" class=\" alignleft size-full wp-image-689\" alt=\"alt\" border=\"0\" src=\"http:\/\/unipas.si-content\/uploads\/2011\/10\/pesek.jpg\" style=\"width: 100px; height: 100px; float: left;\" width=\"100\" height=\"100\" \/><strong>Dr. <span>Rosvita<\/span> <span>Pesek<\/span> , <span>novinarka<\/span> in <span>publicistka<\/span><\/strong><\/p>\n<p> \t<span>Kjer<\/span> so <span>pri\u010dakovanja<\/span> velika, je <span>tudi<\/span> razo\u010daranje silno!<\/p>\n<p> \t&nbsp;<\/p>\n<p> \t&nbsp;<\/p>\n<p> \t&nbsp;<\/p>\n<p> \t<strong>\u010cetrtek, 17.11.: BITI POLITIK DANES<\/strong><\/p>\n<p> \t&nbsp;<\/p>\n<p style=\"text-align: justify;\"> \tGoste ve\u010dera bomo vpra&scaron;ali, zakaj se danes, ko se politiko ozna\u010duje predvsem negativno, odlo\u010diti zanjo in kako vlogo politika &#8211; politi\u010darke vzeti nase kot svoje poslanstvo. Zanimalo nas bo, kako lahko svoje vrednote uresni\u010dujejo v politi\u010dnem \u017eivljenju. Ve\u010der bo predstavil osebne zgodbe in motive politi\u010dnega delovanja, njihovo politi\u010dno aktivnost in realnost politi\u010dnega \u017eivljenja.<\/p>\n<p style=\"text-align: justify;\"> \t&nbsp;<\/p>\n<p> \t<img loading=\"lazy\" class=\" alignleft size-full wp-image-690\" alt=\"alt\" border=\"0\" src=\"http:\/\/unipas.si-content\/uploads\/2011\/10\/cukjati.jpg\" style=\"width: 100px; height: 100px; float: left;\" width=\"100\" height=\"100\" \/><strong> France <span>Cukjati<\/span>, <span>stranka<\/span> <span>SDS<\/span><\/strong><\/p>\n<p> \tSlovenska politika nujno potrebuje &quot;dokapitalizacijo&quot; eti\u010dnih vrednot!<\/p>\n<p> \t&nbsp;<\/p>\n<p> \t&nbsp;<\/p>\n<p> \t&nbsp;<\/p>\n<p> \t<img loading=\"lazy\" class=\" alignleft size-full wp-image-691\" alt=\"alt\" border=\"0\" src=\"http:\/\/unipas.si-content\/uploads\/2011\/10\/sverc.jpg\" style=\"width: 100px; height: 100px; float: left;\" width=\"100\" height=\"100\" \/><strong>Dr. Magdalena Alenka &Scaron;verc, stranka NSi<\/strong><\/p>\n<p style=\"text-align: justify;\"> \tV tistih dneh, ko je Mojzes dorastel, je &scaron;el k svojim bratom in videl, kako te\u017ea&scaron;ko delajo. Zagledal je Egip\u010dana, ki je pretepal Hebrejca, enega izmed njegovih bratov. Ozrl se je na levo in na desno, in ko je videl, da ni nikogar, je Egip\u010dana ubil in ga skril v pesek. Ko je &scaron;el drugi dan spet ven, glej, prepirala sta se dva hebrejska mo\u017ea. Rekel je tistemu, ki ni imel prav: &raquo;Zakaj tepe&scaron; svojega bli\u017enjega?&laquo; Rekel je: &raquo;Kdo te je postavil za poglavarja in sodnika nad nami? Ali me ho\u010de&scaron; ubiti, kakor si ubil Egip\u010dana?&laquo; Mojzes se je prestra&scaron;il in rekel: &raquo;Resni\u010dno, stvar se je razvedela.&laquo; (2 Mz 2,11-14)<\/p>\n<p> \t&nbsp;<\/p>\n<p> \t<img loading=\"lazy\" class=\" alignleft size-full wp-image-692\" alt=\"alt\" border=\"0\" src=\"http:\/\/unipas.si-content\/uploads\/2011\/10\/vrtovec.jpg\" style=\"width: 100px; height: 100px; float: left;\" width=\"100\" height=\"100\" \/><strong>Jernej Vrtovec, predsednik Mlade Slovenije<\/strong><\/p>\n<p style=\"text-align: justify;\"> \tPolitika je danes vse. Kroji \u017eivljenje slehernega dr\u017eavljana. Svoje dru\u017ebeno &ndash; politi\u010dno udejstvovanje prepoznam kot zmo\u017enost razvijanja talenta, da delujem v dobro skupnosti.<\/p>\n<p> \t&nbsp;<\/p>\n<p> \t&nbsp;<\/p>\n<p> \t<img loading=\"lazy\" class=\" alignleft size-full wp-image-693\" alt=\"alt\" border=\"0\" src=\"http:\/\/unipas.si-content\/uploads\/2011\/10\/kek.jpg\" style=\"width: 100px; height: 100px; float: left;\" width=\"100\" height=\"100\" \/><strong>Franci Kek, stranka Zares socialno liberalni<\/strong><\/p>\n<p> \tPoslanec &#8211; od ljudstva izbrani &quot;sovra\u017enik&quot; ljudstva.<\/p>\n<p> \t&nbsp;<\/p>\n<p> \t&nbsp;<\/p>\n<p> \t&nbsp;<\/p>\n<p> \t&nbsp;<\/p>\n<p> \t<strong>Ponedeljek, 21.11.: KAJ LAHKO CERKEV RE\u010cE NA PODRO\u010cJU SODOBNIH ETI\u010cNIH IN MORALNIH VPRA&Scaron;ANJ, &Scaron;OLSTVA IN VZGOJE?<\/strong><\/p>\n<p> \t&nbsp;<\/p>\n<p style=\"text-align: justify;\"> \tZ eminentnimi gosti bomo razmi&scaron;ljali o vlogo Cerkev v tem trenutku, ko ji mnogi zaradi &scaron;kandalov odrekajo avtoriteto in glas na dru\u017ebenem podro\u010dju. Kako Cerkev govori in kdo jo poslu&scaron;a? Gostje bodo razpravljali o prilo\u017enostih in ovirah na eti\u010dnem, moralnem, &scaron;olskem in vzgojnem podro\u010dju. Razmi&scaron;ljali bodo o tem, kako sli&scaron;ijo Cerkev in kako si predstavljajo delovanje Cerkve na podro\u010djih, na katerih so sami dejavni.<\/p>\n<p> \t&nbsp;<\/p>\n<p> \t<img loading=\"lazy\" class=\" alignleft size-full wp-image-694\" alt=\"alt\" border=\"0\" src=\"http:\/\/unipas.si-content\/uploads\/2011\/10\/jamnik.jpg\" style=\"width: 100px; height: 100px; float: left;\" width=\"100\" height=\"100\" \/><strong>Dr. Anton Jamnik, ljubljanski pomo\u017eni &scaron;kof<\/strong><\/p>\n<p style=\"text-align: justify;\"> \t&quot;SRCE GOVORI SRCU &#8211; COR AD COR LOQUITUR&quot; &#8211; <em>Fran\u010di&scaron;ek Sale&scaron;ki v pismu &scaron;kofu Bourgesu leta 1604. <\/em>Kristjanova govorica sodobnemu iskalcu in dru\u017ebi, v kateri \u017eivimo, naj bi bila predvsem na\u010din \u017eivljenja, ki izvira in osebne in pristne vere, ne pa teoreti\u010dna in abstraktna &quot;telovadba mo\u017eganov&quot;, ki slej ko prej zaide v dogmatizem in poceni moraliziranje. Samo, \u010de sami \u017eivimo besedo evangelija, ki osvobaja, prina&scaron;a mir, pogum in radost bivanja, to lahko podarimo tudi drugim.<\/p>\n<p> \t&nbsp;<\/p>\n<p> \t<img loading=\"lazy\" class=\" alignleft size-full wp-image-695\" alt=\"alt\" border=\"0\" src=\"http:\/\/unipas.si-content\/uploads\/2011\/10\/pejovnik.jpg\" style=\"width: 100px; height: 100px; float: left;\" width=\"100\" height=\"100\" \/><strong>Dr. Radovan Pejovnik, <\/strong><strong>rektor Univerze v Ljubljani<\/strong><\/p>\n<p> \t(Teorija) relativnosti velja za fiziko, ne etiko. (Albert Einstein)<\/p>\n<p> \t&nbsp;<\/p>\n<p> \t&nbsp;<\/p>\n<p> \t&nbsp;<\/p>\n<p> \t<img loading=\"lazy\" class=\" alignleft size-full wp-image-696\" alt=\"alt\" border=\"0\" src=\"http:\/\/unipas.si-content\/uploads\/2011\/10\/trontelj.jpg\" style=\"width: 100px; height: 100px; float: left;\" width=\"100\" height=\"100\" \/><strong>Dr. Jo\u017ee Trontelj, predsednik SAZU<\/strong><\/p>\n<p style=\"text-align: justify;\"> \tSekularne bioetike se razlikujejo po stopnji svoje libertarnosti. Mo\u010dno pa prevladujejo pogledi, kodificirani v Oviedski konvenciji Sveta Evrope o \u010dlovekovih pravicah v zvezi z biomedicino.&nbsp; Na &scaron;tevilnih podro\u010djih so stali&scaron;\u010da skoraj identi\u010dna. &Scaron;e najve\u010dja odstopanja so pri pravicah \u010dlove&scaron;kega zarodka. A tudi tu lahko vsaka dr\u017eava pristopnica zase uveljavi vi&scaron;ji eti\u010dni standard. Kr&scaron;\u010danska etika je nedvomno pustila globoko sled tudi v dana&scaron;nji civilizaciji zahodnega sveta.<\/p>\n<p> \t&nbsp;<\/p>\n<p> \t&nbsp;<\/p>\n<p> \t<strong>Torek, 22.11.: VERA IN KULTURA <\/strong><\/p>\n<p> \t&nbsp;<\/p>\n<p> \tGost ve\u010dera nam bo predstavil, kako se v njegovem \u017eivljenju prepletata vera in kultura oz. umetnost. Spregovoril bo o razliki med kulturo in umetnostjo in o razliki med umetnostjo in vero. Razmi&scaron;ljal bo o tem kdaj je gledali&scaron;\u010de dolgo\u010dasno in zakaj je kr&scaron;\u010dansko gledali&scaron;\u010de &scaron;e najbolj dolgo\u010dasno. O razliki med pristnostjo, resni\u010dnostjo in realnostjo in o tem zakaj zahtevamo vrhunsko umetnost in pristajamo na slabo kr&scaron;\u010dansko umetnost. In seveda: kak&scaron;no vlogo pri tem igra Cerkev?<\/p>\n<p style=\"text-align: justify;\"> \t&nbsp;<\/p>\n<p> \t<img loading=\"lazy\" class=\" alignleft size-full wp-image-697\" alt=\"alt\" border=\"0\" src=\"http:\/\/unipas.si-content\/uploads\/2011\/10\/cusin.jpg\" style=\"width: 100px; height: 100px; float: left;\" width=\"100\" height=\"100\" \/><strong>Gregor \u010cu&scaron;in, dramski igralec<\/strong><\/p>\n<p> \tKr&scaron;\u010danska umetnost &ndash; pred uporabo natan\u010dno preberite navodila. O tveganju in ne\u017eelenih stranskih u\u010dinkih se posvetujte s teologom.<\/p>\n<p style=\"text-align: justify;\"> \t&nbsp;<\/p>\n<p style=\"text-align: justify;\"> \t&nbsp;<\/p>\n<p style=\"text-align: justify;\"> \t&nbsp;<\/p>\n<p> \t<strong>Sreda, 23.11.: KDO USTVARJA, KAKO DELIMO<\/strong><\/p>\n<p> \t&nbsp;<\/p>\n<p style=\"text-align: justify;\"> \tGosta ve\u010dera bosta vsak s svojega gledi&scaron;\u010da razmi&scaron;ljala, kako kot skupnost ustvarjamo, kje so na&scaron;i skupni viri in kako ustvarjeno porabljamo ter delimo. Kako porabljamo javne finance, ki jih skupaj prispevamo v dr\u017eavno blagajno? Slovenija sodi med bogate dr\u017eave, vendar prizadevanje za razvoj terja svoj davek, ki se najbolj pozna na na&scaron;em okolju in v medosebnih odnosih. Kako krepiti ustvarjalne in pravi\u010dne na\u010dine ustvarjanja in delitve dobrin? Odprli bomo vpra&scaron;anje odnosa katoli&scaron;tva do nekaterih ideologij, kot je na primer liberalizem.<\/p>\n<p style=\"text-align: justify;\"> \t&nbsp;<\/p>\n<p> \t<img loading=\"lazy\" class=\" alignleft size-full wp-image-698\" alt=\"alt\" border=\"0\" src=\"http:\/\/unipas.si-content\/uploads\/2011\/10\/Brscic.jpg\" style=\"width: 100px; height: 100px; float: left;\" width=\"100\" height=\"100\" \/><strong>Mag. Bernard Br&scaron;\u010di\u010d, predavatelj na Ekonomski fakulteti<\/strong><\/p>\n<p style=\"text-align: justify;\"> \tVpra&scaron;anje, kaj posamezniki dolgujemo drug drugemu, je eno temeljnih vpra&scaron;anj politi\u010dne filozofije. Dobra dru\u017eba je pravi\u010dna dru\u017eba, a vpra&scaron;anje, \u010de socialno pravi\u010dna. V nepopolnem svetu, v katerem \u017eivimo, je ta privid, svojevrstno protislovje v izrazih. Edini dosegljiv tuzemski politi\u010dni ideal je udejanjanje postopkovne pravi\u010dnosti.<\/p>\n<p> \t&nbsp;<\/p>\n<p> \t&nbsp;<\/p>\n<p> \t<img loading=\"lazy\" class=\" alignleft size-full wp-image-699\" alt=\"alt\" border=\"0\" src=\"http:\/\/unipas.si-content\/uploads\/2011\/10\/kovac.jpg\" style=\"width: 100px; height: 100px; float: left;\" width=\"100\" height=\"100\" \/><\/p>\n<p> \t<strong>Dr. Edvard Kova\u010d, OFM, filozof in teolog<\/strong><\/p>\n<p style=\"text-align: justify;\"> \t\u010cloveka lahko opredelimo kot ustvarjalno bitje, pri \u010demer je gospodarsko ustvarjanje samo neka razse\u017enost \u010dlove&scaron;ke &scaron;ir&scaron;e kreativnosti. \u010clovek je namre\u010d kreativno bitje tudi v duhovnem in eti\u010dnem smislu in kot tak vedno ohranja dostojanstvo \u010dlove&scaron;ke osebe. Prav v imenu tega dostojanstva pa je tudi vzpostavil vzajemnost z drugimi ljudmi. Tako lahko pre\u017eivi tudi nekdo, ki gmotno ne ustvarja. Kako naj \u010dlovek ustvarja in medsebojno deli pridobljeno, ne da bi pri tem koga zanemaril in ne da bi zapravil najve\u010dje bogastvo, v katerem \u017eivi, ki je narava sama?<\/p>\n<p> \t&nbsp;<\/p>\n<p> \t&nbsp;<\/p>\n<p> \t<strong>\u010cetrtek, 24.11.: ODGOVORNOST ZA SKUPNO DOBRO<\/strong><\/p>\n<p> \t&nbsp;<\/p>\n<p style=\"text-align: justify;\"> \tZaklju\u010dna okrogla miza Nikodemovih ve\u010derov 2011 se navezuje na uvodno sre\u010danje in \u017eeli predstaviti konkretno situacijo civilne dru\u017ebe (kr&scaron;\u010danskih in\/ali popolnoma civilnih organizacij). Gostje bodo predstavili, kako deluje na&scaron;a civilna dru\u017eba, s kak&scaron;nimi izzivi in ovirami se sre\u010duje. V kolik&scaron;ni meri smo vsi skupaj odgovorni za skupno dobro in kako bi lahko za dobro nas vseh storili &scaron;e ve\u010d? Predvsem nas bo zanimalo, kako iz teorije in besed preiti na konkretne korake v vsakdanjem \u017eivljenju.<\/p>\n<p> \t&nbsp;<\/p>\n<p> \t<img loading=\"lazy\" class=\" alignleft size-full wp-image-700\" alt=\"alt\" border=\"0\" src=\"http:\/\/unipas.si-content\/uploads\/2011\/10\/gornik.jpg\" style=\"width: 100px; height: 100px; float: left;\" width=\"100\" height=\"100\" \/><strong>Jo\u017ee Gornik, biv&scaron;i direktor CNVOS<\/strong><\/p>\n<p style=\"text-align: justify;\"> \tNevladne organizacije kot del civilne dru\u017ebe prevzemajo veliko odgovornosti v kriznih \u010dasih, predvsem pa da tudi z manj denarja delajo dobro in transparentno.<\/p>\n<p style=\"text-align: justify;\"> \t&nbsp;<\/p>\n<p style=\"text-align: justify;\"> \t&nbsp;<\/p>\n<p> \t<img loading=\"lazy\" class=\" alignleft size-full wp-image-701\" alt=\"alt\" border=\"0\" src=\"http:\/\/unipas.si-content\/uploads\/2011\/10\/mlakar.jpg\" style=\"width: 100px; height: 100px; float: left;\" width=\"100\" height=\"100\" \/><strong>Tilen Mlakar, predsednik SKLS<\/strong><\/p>\n<p style=\"text-align: justify;\"> \tMed kristjani je &scaron;e vse preve\u010d vrti\u010dkarstva. Premalo se zavedamo, da se civilna dru\u017eba ustvarja s povezovanjem in sinergijo.<\/p>\n<p> \t&nbsp;<\/p>\n<p> \t&nbsp;<\/p>\n<p> \t&nbsp;<\/p>\n<p> \t<img loading=\"lazy\" class=\" alignleft size-full wp-image-702\" alt=\"alt\" border=\"0\" src=\"http:\/\/unipas.si-content\/uploads\/2011\/10\/mikus_kos.jpg\" style=\"width: 100px; height: 100px; float: left;\" width=\"100\" height=\"100\" \/><strong>Anica Miku&scaron; Kos, predsednica Slovenske filantropije<\/strong><\/p>\n<p style=\"text-align: justify;\"> \tProstovoljno delo je ena od pomembnih dejavnosti, skozi katero se izra\u017ea odgovornost civilne dru\u017ebe in dr\u017eavljanov za skupno dobro in za dobro ogro\u017eenih in prikraj&scaron;anih posameznikov in skupin. Prostovoljno delo popravlja in spreminja svet.&nbsp; Kak&scaron;na je njegova pri\u010dakovana vloga, kak&scaron;na predstavljena vloga, ka&scaron;na dejanska vloga v na&scaron;em \u010dasu?<\/p>\n","protected":false},"excerpt":{"rendered":"<p>&nbsp; &nbsp; &nbsp; &nbsp; &nbsp; &nbsp; &nbsp; &nbsp; &nbsp; Ponedeljek, 14.11.: KRISTJAN &ndash; ODGOVOREN DR\u017dAVLJAN Kaj je dru\u017ebeni nauk Cerkve in zakaj pastoralno leto &raquo;Pravi\u010dnost v ljubezni&laquo;? Ve\u010der se bo&hellip; <\/p>\n","protected":false},"author":1,"featured_media":684,"comment_status":"closed","ping_status":"closed","sticky":false,"template":"","format":"standard","meta":{"_monsterinsights_skip_tracking":false,"_monsterinsights_sitenote_active":false,"_monsterinsights_sitenote_note":"","_monsterinsights_sitenote_category":0,"ngg_post_thumbnail":0},"categories":[21],"tags":[],"_links":{"self":[{"href":"http:\/\/unipas.si\/_stara20112018\/wp-json\/wp\/v2\/posts\/703"}],"collection":[{"href":"http:\/\/unipas.si\/_stara20112018\/wp-json\/wp\/v2\/posts"}],"about":[{"href":"http:\/\/unipas.si\/_stara20112018\/wp-json\/wp\/v2\/types\/post"}],"author":[{"embeddable":true,"href":"http:\/\/unipas.si\/_stara20112018\/wp-json\/wp\/v2\/users\/1"}],"replies":[{"embeddable":true,"href":"http:\/\/unipas.si\/_stara20112018\/wp-json\/wp\/v2\/comments?post=703"}],"version-history":[{"count":0,"href":"http:\/\/unipas.si\/_stara20112018\/wp-json\/wp\/v2\/posts\/703\/revisions"}],"wp:featuredmedia":[{"embeddable":true,"href":"http:\/\/unipas.si\/_stara20112018\/wp-json\/wp\/v2\/media\/684"}],"wp:attachment":[{"href":"http:\/\/unipas.si\/_stara20112018\/wp-json\/wp\/v2\/media?parent=703"}],"wp:term":[{"taxonomy":"category","embeddable":true,"href":"http:\/\/unipas.si\/_stara20112018\/wp-json\/wp\/v2\/categories?post=703"},{"taxonomy":"post_tag","embeddable":true,"href":"http:\/\/unipas.si\/_stara20112018\/wp-json\/wp\/v2\/tags?post=703"}],"curies":[{"name":"wp","href":"https:\/\/api.w.org\/{rel}","templated":true}]}}