{"id":47,"date":"2010-11-05T17:26:19","date_gmt":"2010-11-05T16:26:19","guid":{"rendered":"http:\/\/unipas.si\/wp\/2010\/11\/05\/konec-43-nikodemovih-vecerov\/"},"modified":"2010-11-05T17:26:19","modified_gmt":"2010-11-05T16:26:19","slug":"konec-43-nikodemovih-vecerov","status":"publish","type":"post","link":"http:\/\/unipas.si\/_stara20112018\/konec-43-nikodemovih-vecerov\/","title":{"rendered":"Konec 43. Nikodemovih ve\u010derov"},"content":{"rendered":"<p> \t<strong>Vse zvo\u010dne posnetke lahko najdete v <a href=\"http:\/\/audio.ognjisce.si\/index.php?p=Arhiv_leto_2009\/Nikodemovi_veceri_2009\" target=\"_blank\">audio arhivu radia Ognji&scaron;\u010de<\/a>, lahko pa si v nekaj vrsticah preberete povzetek vsakega ve\u010dera posebej &#8230;<\/strong><\/p>\n<p> \t&nbsp;<\/p>\n<p> \tV ponedeljek 16. 11. 2009 ob 20.00 je mag. Klemen Svetelj, ob navzo\u010dnosti polne dvorane poslu&scaron;alcev, otvoril 43. Nikodemove ve\u010dere, ki potekajo pod naslovom: Skrivnosti poznanega &ndash; Objem Boga v evharistiji.<\/p>\n<p> \t<strong>PONEDELJEK, 16.11.09 &raquo;Evharistija &#8211; skrivnostna navzo\u010dnost&laquo;<\/strong><br \/> \tEVHARISTIJA &ndash; SKRIVNOSTNA NAVZO\u010cNOST je bila prva tema, ki jo je pripravil p. Miran &Scaron;peli\u010d OFM.&nbsp; Dotaknil se je nekaj najpomembnej&scaron;ih teolo&scaron;kih razmislekov o Kristusovem telesu v podobi kruha. Najprej smo se podali na zanimiv sprehod skozi zgodovino razvoja kr&scaron;\u010danske refleksije o evharistiji. Za\u010deli smo pri prvih navodilih o obhajanju tega zakramenta ob koncu prvega stoletja po Kristusu in nadaljevali vse do dana&scaron;njih dni. Zatem smo se pomudili ob vpra&scaron;anju, kaj evharistija pomeni za nas danes. Ob koncu predavanja smo lahko sli&scaron;ali &scaron;e razmislek brata &Scaron;peli\u010da o razli\u010dnih dojemanjih Jezusove navzo\u010dnosti v zakramentu evharistije, ki se je kon\u010dal pri navzo\u010dnosti, ki nas bo preoblikovala ob koncu \u010dasov.<\/p>\n<p> \tTudi vpra&scaron;anja poslu&scaron;alcev, ki so sledila predavanju, so izzvala mnogo zanimivih odgovorov. Segala so na razli\u010dna podro\u010dja: vse od pravil v liturgiji in ekumenskega dialoga do na&scaron;ega osebnega odnosa do evharistije.<\/p>\n<p> \tNedvomno je bil ve\u010der tako teolo&scaron;ko kot duhovno zelo bogat. Bil je na&scaron; prvi korak na poti odstiranja tan\u010dic Kristusove navzo\u010dnosti v zakramentu evharistije. Organizatorji samo upamo, da se bo topel odziv poslu&scaron;alcev, ki jih je bilo v dvorani malo pod 300, v naslednjih dneh nadaljeval in se &scaron;e stopnjeval.<\/p>\n<p> \t<strong>TOREK, 17.11.09 &raquo;Razkrijmo skrivnost, odeto v tan\u010dico&laquo;<\/strong><br \/> \tGost leto&scaron;njega drugega Nikodemovega ve\u010dera je bil KARLO BOL\u010cINA. Med predavanjem na temo RAZKRIJMO SKRIVNOST, ODETO V TAN\u010cICO je spregovoril o pomenu liturgi\u010dnega prostora, oseb in simbolov.<\/p>\n<p> \tMed predavanjem in z odgovori na zastavljena vpra&scaron;anja, je poslu&scaron;alcem odkrival skrivnost, ki se skriva za dolo\u010denimi simboli, gestami, cerkvenimi objekti in s tem odpiral pot do bolj&scaron;ega razumevanja liturgije in do bolj osebnega odnosa z Bogom. Do izraza je pri&scaron;la lepota in bogastvo kr&scaron;\u010danske tradicije, duhovnost, ki se mo\u010dno izra\u017ea tudi preko umetnosti in dialog med vero in razli\u010dnimi kulturami. Da se \u010dlovek prepusti Skrivnosti, je potrebna dolo\u010dena mera razumevanja kr&scaron;\u010danske simbolike. Vstop Bo\u017ejega v \u010dlove&scaron;ki \u010das in prostor je nekaj \u010dudovitega in tekom stoletij dobiva vedno nove izraze. Predavanje Karla Bol\u010dine je bilo dobra izhodi&scaron;\u010dna to\u010dka za odkrivanje Bo\u017eje in \u010dlove&scaron;ke govorice ter smisla, ki se skriva za tem dialogom.<\/p>\n<p> \t<strong>SREDA, 18.11.09 &raquo;Mladi, pa k ma&scaron;i&laquo;<\/strong><br \/> \tTretji ve\u010der smo se zbrali na okrogli mizi z naslovom &raquo;MLADI, PA K MA&Scaron;I&laquo;. Na okrogli mizi se je zbralo pet gostov: Jeanette Johan, jezusova stra\u017earka, Alek Zwitter, duhovnik skuponosti emanuel, skavtinja Ana Strajnar, voditelj oratorija slovenija Jure Babnik in Tadej Stegu iz neokatehumenske poti.<\/p>\n<p> \tPo glasbenem uvodu Primo\u017ea Kri\u017eaja in Filipa Firbasa smo se najprej ustavili ob vpra&scaron;anju, zakaj mladih evharsitija ne nagovarja. Vedno nam je hudo, \u010de se zdi, da Jezus mladim ni ve\u010d blizu, pa vendar moramo sprejeti, da je on tisti, ki navdihuje in kli\u010de. Po razli\u010dnih skupnostih imamo razli\u010dne prakse posredovanja liturgije, a v vseh prepri\u010da predvsem osebna vera, ki jo \u017eivi skupnost. Skupaj smo pri&scaron;li do tega, da ni tako pomembna oblika, s katero bi sku&scaron;ali mladim ma&scaron;o pribli\u017eati, pomembnej&scaron;a je pristnost in resni\u010dno osebno do\u017eivljanje&nbsp; &#8211; \u017eiv odnos z JK.<\/p>\n<p> \t<strong>\u010cETRTEK, 19.11.09 &raquo;Zakonca Dolinar&laquo;<\/strong><br \/> \tPRVI TEDEN leto&scaron;njih Nikodemovih ve\u010derov smo zaklju\u010dili s pri\u010devanjem zakoncev Dolinar.<\/p>\n<p> \tOba sta dejavna tako v Cerkvi kot v dru\u017ebi. Ga. Mojca je nekdanja poslanka in ministrica, g. Matja\u017e pa ob\u010dinski svetnik. Oba sta aktivna tudi v svoji \u017eupniji. Tako sta nam spregovorila iz svojih bogatih izku&scaron;enj zakonskega \u017eivljenja in dela v dru\u017ebi in politiki. Za\u010dela sta pri dru\u017einah, v katerih sta odra&scaron;\u010dala. Tudi s pomo\u010djo vpra&scaron;anj poslu&scaron;alcev sta se dotaknila medosebnih odnosov, odnosa do Boga in zakramentov, dejavnosti v \u017eupniji, pomo\u010di pri vzgoji svojih ne\u010dakov, kulturnega udejstvovanja, njunih vzgibov za politi\u010dno delovanje &#8230; Ob vpra&scaron;anjih poslu&scaron;alcev sta te teme le &scaron;e poglobila in raz&scaron;irila.<\/p>\n<p> \tZakonca Dolinar sta bila nedvomno primerna sogovornika ob koncu prve polovice leto&scaron;njih Nikodemovih ve\u010derov, saj sta o vseh tistih vidikih evharistije, o katerih smo govorili prve tri ve\u010dere morda malo bolj teoreti\u010dno, spregovorila iz lastne izku&scaron;nje dejavnih dr\u017eavljanov in kr&scaron;\u010danskega zakonskega para.<\/p>\n<p> \t<strong>PONEDELJEK, 23.11.09, <\/strong><strong>&raquo;<\/strong><strong>Teologija telesa<\/strong><strong>&laquo;<\/strong><br \/> \tNa petem leto&scaron;njem Nikodemovem ve\u010deru so nas gostje popeljali v, lahko re\u010demo, teolo&scaron;ko revolucionarni svet Teologije telesa Janeza Pavla II.<\/p>\n<p> \tNajprej je nekaj temeljnih miselnih poudarkov pokojnega pape\u017ea povzela ur&scaron;ulinka s. Marjeta Pija Cevc. Sledil je pogovor &scaron;e z ostalimi gosti: Ano Vogrin\u010di\u010d, Toma\u017eem Ketejem in &Scaron;tefanom Kri\u017ei&scaron;nikom. Ob pomo\u010di vpra&scaron;anj poslu&scaron;alcev so se dotaknili mnogih tem v povezavi s \u010dlovekovim telesom: spolnih odnosov in \u010distosti v zakonu in zunaj njega, Bo\u017ejega razodevanja v spolnosti, telesne samopodobe, celibata, \u010distosti &hellip;<\/p>\n<p> \tOdziv poslu&scaron;alcev, ki so popolnoma napolnili veliko dvorano Teolo&scaron;ke fakultete, je dokazal, da je teologija telesa in na&scaron; odnos do telesa na splo&scaron;no tema, ki je aktualna za vse, &scaron;e zlasti za mlade. Organizatorji lahko upamo le, da so na Nikodemovem ve\u010deru dobili odgovore na vpra&scaron;anja, ki so jih iskali.<\/p>\n<p> \t<strong>TOREK, 24.11.09 &raquo;Boj med vra\u017eeverjem in molitvijo&laquo;&nbsp;&nbsp;<\/strong>&nbsp;&nbsp;&nbsp;&nbsp;&nbsp;&nbsp;&nbsp;&nbsp;&nbsp;&nbsp;&nbsp;&nbsp;&nbsp;&nbsp;&nbsp;&nbsp;&nbsp;&nbsp;&nbsp;&nbsp;&nbsp;&nbsp;&nbsp;&nbsp;&nbsp;&nbsp;&nbsp;&nbsp;&nbsp;&nbsp;&nbsp;&nbsp;&nbsp;&nbsp;&nbsp;&nbsp;&nbsp;&nbsp;&nbsp;&nbsp;&nbsp;&nbsp;&nbsp;&nbsp;&nbsp;&nbsp;&nbsp;&nbsp;&nbsp;&nbsp;&nbsp;&nbsp;&nbsp;&nbsp; &nbsp;<br \/> \tV\u010deraj zve\u010der je velika dvorana Teolo&scaron;ke fakultete ponovno pokala po &scaron;ivih. Poslu&scaron;alce je o\u010ditno pritegnila tema z naslovom &raquo;Boj med vra\u017eeverjem in molitvijo&laquo; in predavatelj g. Marijan Veternik.<\/p>\n<p> \tKot eksorcist Mariborske nad&scaron;kofije nam je iz lastne izku&scaron;nje spregovoril o vstopnih mestih, na katerih lahko v na&scaron;a \u017eivljenja vstopa hudi duh. To se lahko zgodi na primer zaradi osebnih grehov ali grehov v dru\u017einskem deblu, zaradi notranjih ran, lahko je vzrok ukvarjanje z okultizmom &#8230; Podal je tudi mnogo konkretnih primerov oseb, ki so bile pod vplivom hudi\u010da. &Scaron;e ve\u010dji poudarek pa je v svojem predavanju dal na\u010dinom, kako se lahko pred zlom zate\u010demo v objem Bo\u017eje milosti. Nujna je seveda sveta spoved, ki vodi k spreobrnjenju ter k resni\u010dni odpovedi hudemu duhu in grehu. Pomaga tudi molitev, zado&scaron;\u010devanje in blagoslavljanje. V te\u017ejih primerih se je seveda potrebno zate\u010di k eksorcizmu, ki ga opravi za to dolo\u010deni duhovnik. Izredno blagodejna pa je vedno v ta namen opravljena sveta ma&scaron;a in redno prejemanje svete evharistije. Evharistija je namre\u010d na\u010din, po katerem Jezus najbolj konkretno, s svojim Telesom, vstopa v na&scaron;e \u017eivljenje.<\/p>\n<p> \t<strong>SREDA, 25.11.09&nbsp; &raquo;Duhovna ritmi\u010dna glasba v evharistiji&laquo;<\/strong><br \/> \tSredin Nikodemov ve\u010der je kot prej&scaron;nji teden zaznamovala okrogla miza. Tokrat je bila tema &raquo;Duhovna ritmi\u010dna glasba v evharistiji&laquo;. Na&scaron; pogovor je bil torej predvsem glasbeno obarvan. Spra&scaron;evali smo se, kako lahko z duhovno ritmi\u010dno glasbo obogatimo obhajanje svete ma&scaron;e ter kako re&scaron;evati te\u017eave in konflikte, ki v\u010dasih ob tem nastajajo.<\/p>\n<p> \tZ nami so bili Roman Starc, \u017eupnik in vodja &scaron;kofijske liturgi\u010dne komisije, Bo&scaron;tjan Leskovar, ki je v skupnosti Emanuel odgovoren za liturgijo, Grega Strajnar, glasbenik in avtor &scaron;tevilnih duhovnih ritmi\u010dnih pesmi, ter salezijanec Peter Pu\u010dnik, ki pri svojem delu z mladimi vidi glasbo kot nepogre&scaron;ljivo.<\/p>\n<p> \tV pogovoru smo se dotaknili mnogih podro\u010dij &ndash; od skrbi za primerno izbiro pesmi pri sveti ma&scaron;i do konfliktov, ki pogosto nastajajo v \u017eupnijah zaradi duhovne ritmi\u010dne glasbe. Zaklju\u010dili pa smo z ugotovitvijo, ki je skupna tako ljudskemu in zborovskemu petju kot duhovnim ritmi\u010dnim pesmim: glasba mora v evharistiji \u010dloveku pomagati tako praznovati in se zahvaljevati Bogu kot pasti pred Njim na kolena. Seveda ob za to primernem trenutku.<\/p>\n<p> \t<strong>\u010cETRTEK, 26.11.09 <\/strong><strong>&raquo;<\/strong><strong>Evharistija v zaporu<\/strong><strong>&laquo;<\/strong><br \/> \t\u010ce se nekoliko poigramo z besedami, lahko re\u010demo, da je zadnji Nikodemov ve\u010der minil na meji med svobodo in nesvobodo. Spregovoril nam je namre\u010d zaporni&scaron;ki duhovnik Robi Fri&scaron;kovec. V predavanju z naslovom Evharistija v zaporu je primerjal obhajanje svete ma&scaron;e s prestajanjem zaporne kazni obsojenca. Prihod ma&scaron;nika in ministrantov k oltarju je na primer podoben prihodu v zapor in pozdravu paznika, vzklik: &raquo;Gospod, usmili se,&laquo; pa kesanju nad storjenim dejanjem. Tako smo celotno sveto ma&scaron;o pregledali v lu\u010di \u017eivljenja obsojenih storilcev kaznivih dejanj. Robi si je pri tem pomagal z dvema kratkima filmoma, ki sta posku&scaron;ala zajeti nekaj misli in drobcev iz \u017eivljenja zapornikov. Z vsem svojim nastopom in karizmo pa je podal mo\u010dno pri\u010devanje in zgled za vse poslu&scaron;alce v dvorani.<\/p>\n<p> \tS tem so se leto&scaron;nji Nikodemovi ve\u010deri v Ljubljani zaklju\u010dili. Organizatorji smo z njimi \u017eeleli pogledati na evharistijo z razli\u010dnih vidikov in s tem hkrati za\u010deti pripravljati tla za slovenski evharisti\u010dni kongres, ki ga bomo obhajali 13. junija prihodnje leto. Sodba, ali nam je to uspelo ali ne, pa je prepu&scaron;\u010dena &scaron;tevilnim obiskovalcem, ki so pri&scaron;li poslu&scaron;at na&scaron;e goste v preteklih dveh tednih.<\/p>\n<div id='gallery-1' class='gallery galleryid-47 gallery-columns-3 gallery-size-thumbnail'><figure class='gallery-item'>\n\t\t\t<div class='gallery-icon landscape'>\n\t\t\t\t<a href='http:\/\/unipas.si\/_stara20112018\/wp-content\/uploads\/2010\/11\/dolinar2-objava.jpg' title=\"\" data-rl_title=\"\" class=\"rl-gallery-link\" data-rl_caption=\"\" data-rel=\"lightbox-gallery-1\"><img width=\"150\" height=\"150\" src=\"http:\/\/unipas.si\/_stara20112018\/wp-content\/uploads\/2010\/11\/dolinar2-objava-150x150.jpg\" class=\"attachment-thumbnail size-thumbnail\" alt=\"\" loading=\"lazy\" \/><\/a>\n\t\t\t<\/div><\/figure><figure class='gallery-item'>\n\t\t\t<div class='gallery-icon landscape'>\n\t\t\t\t<a href='http:\/\/unipas.si\/_stara20112018\/wp-content\/uploads\/2010\/11\/dolinar_objava.jpg' title=\"\" data-rl_title=\"\" class=\"rl-gallery-link\" data-rl_caption=\"\" data-rel=\"lightbox-gallery-1\"><img width=\"150\" height=\"150\" src=\"http:\/\/unipas.si\/_stara20112018\/wp-content\/uploads\/2010\/11\/dolinar_objava-150x150.jpg\" class=\"attachment-thumbnail size-thumbnail\" alt=\"\" loading=\"lazy\" \/><\/a>\n\t\t\t<\/div><\/figure><figure class='gallery-item'>\n\t\t\t<div class='gallery-icon landscape'>\n\t\t\t\t<a href='http:\/\/unipas.si\/_stara20112018\/wp-content\/uploads\/2010\/11\/knjige-na-nikodemovih.jpg' title=\"\" data-rl_title=\"\" class=\"rl-gallery-link\" data-rl_caption=\"\" data-rel=\"lightbox-gallery-1\"><img width=\"150\" height=\"150\" src=\"http:\/\/unipas.si\/_stara20112018\/wp-content\/uploads\/2010\/11\/knjige-na-nikodemovih-150x150.jpg\" class=\"attachment-thumbnail size-thumbnail\" alt=\"\" loading=\"lazy\" \/><\/a>\n\t\t\t<\/div><\/figure><figure class='gallery-item'>\n\t\t\t<div class='gallery-icon landscape'>\n\t\t\t\t<a href='http:\/\/unipas.si\/_stara20112018\/wp-content\/uploads\/2010\/11\/mlad_pa_k_mas_objava2.jpg' title=\"\" data-rl_title=\"\" class=\"rl-gallery-link\" data-rl_caption=\"\" data-rel=\"lightbox-gallery-1\"><img width=\"150\" height=\"150\" src=\"http:\/\/unipas.si\/_stara20112018\/wp-content\/uploads\/2010\/11\/mlad_pa_k_mas_objava2-150x150.jpg\" class=\"attachment-thumbnail size-thumbnail\" alt=\"\" loading=\"lazy\" \/><\/a>\n\t\t\t<\/div><\/figure><figure class='gallery-item'>\n\t\t\t<div class='gallery-icon landscape'>\n\t\t\t\t<a href='http:\/\/unipas.si\/_stara20112018\/wp-content\/uploads\/2010\/11\/mlad_pa_k_mas_objava.jpg' title=\"\" data-rl_title=\"\" class=\"rl-gallery-link\" data-rl_caption=\"\" data-rel=\"lightbox-gallery-1\"><img width=\"150\" height=\"150\" src=\"http:\/\/unipas.si\/_stara20112018\/wp-content\/uploads\/2010\/11\/mlad_pa_k_mas_objava-150x150.jpg\" class=\"attachment-thumbnail size-thumbnail\" alt=\"\" loading=\"lazy\" \/><\/a>\n\t\t\t<\/div><\/figure><figure class='gallery-item'>\n\t\t\t<div class='gallery-icon landscape'>\n\t\t\t\t<a href='http:\/\/unipas.si\/_stara20112018\/wp-content\/uploads\/2010\/11\/nd2.jpg' title=\"\" data-rl_title=\"\" class=\"rl-gallery-link\" data-rl_caption=\"\" data-rel=\"lightbox-gallery-1\"><img width=\"150\" height=\"150\" src=\"http:\/\/unipas.si\/_stara20112018\/wp-content\/uploads\/2010\/11\/nd2-150x150.jpg\" class=\"attachment-thumbnail size-thumbnail\" alt=\"\" loading=\"lazy\" \/><\/a>\n\t\t\t<\/div><\/figure><figure class='gallery-item'>\n\t\t\t<div class='gallery-icon landscape'>\n\t\t\t\t<a href='http:\/\/unipas.si\/_stara20112018\/wp-content\/uploads\/2010\/11\/nd2petje.jpg' title=\"\" data-rl_title=\"\" class=\"rl-gallery-link\" data-rl_caption=\"\" data-rel=\"lightbox-gallery-1\"><img width=\"150\" height=\"150\" src=\"http:\/\/unipas.si\/_stara20112018\/wp-content\/uploads\/2010\/11\/nd2petje-150x150.jpg\" class=\"attachment-thumbnail size-thumbnail\" alt=\"\" loading=\"lazy\" \/><\/a>\n\t\t\t<\/div><\/figure><figure class='gallery-item'>\n\t\t\t<div class='gallery-icon landscape'>\n\t\t\t\t<a href='http:\/\/unipas.si\/_stara20112018\/wp-content\/uploads\/2010\/11\/nd2tancica.jpg' title=\"\" data-rl_title=\"\" class=\"rl-gallery-link\" data-rl_caption=\"\" data-rel=\"lightbox-gallery-1\"><img width=\"150\" height=\"150\" src=\"http:\/\/unipas.si\/_stara20112018\/wp-content\/uploads\/2010\/11\/nd2tancica-150x150.jpg\" class=\"attachment-thumbnail size-thumbnail\" alt=\"\" loading=\"lazy\" \/><\/a>\n\t\t\t<\/div><\/figure><figure class='gallery-item'>\n\t\t\t<div class='gallery-icon landscape'>\n\t\t\t\t<a href='http:\/\/unipas.si\/_stara20112018\/wp-content\/uploads\/2010\/11\/nd-drg-grega.jpg' title=\"\" data-rl_title=\"\" class=\"rl-gallery-link\" data-rl_caption=\"\" data-rel=\"lightbox-gallery-1\"><img width=\"150\" height=\"150\" src=\"http:\/\/unipas.si\/_stara20112018\/wp-content\/uploads\/2010\/11\/nd-drg-grega-150x150.jpg\" class=\"attachment-thumbnail size-thumbnail\" alt=\"\" loading=\"lazy\" \/><\/a>\n\t\t\t<\/div><\/figure><figure class='gallery-item'>\n\t\t\t<div class='gallery-icon landscape'>\n\t\t\t\t<a href='http:\/\/unipas.si\/_stara20112018\/wp-content\/uploads\/2010\/11\/nd-drg.jpg' title=\"\" data-rl_title=\"\" class=\"rl-gallery-link\" data-rl_caption=\"\" data-rel=\"lightbox-gallery-1\"><img width=\"150\" height=\"150\" src=\"http:\/\/unipas.si\/_stara20112018\/wp-content\/uploads\/2010\/11\/nd-drg-150x150.jpg\" class=\"attachment-thumbnail size-thumbnail\" alt=\"\" loading=\"lazy\" \/><\/a>\n\t\t\t<\/div><\/figure><figure class='gallery-item'>\n\t\t\t<div class='gallery-icon landscape'>\n\t\t\t\t<a href='http:\/\/unipas.si\/_stara20112018\/wp-content\/uploads\/2010\/11\/nd-drg-matjaz.jpg' title=\"\" data-rl_title=\"\" class=\"rl-gallery-link\" data-rl_caption=\"\" data-rel=\"lightbox-gallery-1\"><img width=\"150\" height=\"150\" src=\"http:\/\/unipas.si\/_stara20112018\/wp-content\/uploads\/2010\/11\/nd-drg-matjaz-150x150.jpg\" class=\"attachment-thumbnail size-thumbnail\" alt=\"\" loading=\"lazy\" \/><\/a>\n\t\t\t<\/div><\/figure><figure class='gallery-item'>\n\t\t\t<div class='gallery-icon landscape'>\n\t\t\t\t<a href='http:\/\/unipas.si\/_stara20112018\/wp-content\/uploads\/2010\/11\/ndeksorcizem2.jpg' title=\"\" data-rl_title=\"\" class=\"rl-gallery-link\" data-rl_caption=\"\" data-rel=\"lightbox-gallery-1\"><img width=\"150\" height=\"150\" src=\"http:\/\/unipas.si\/_stara20112018\/wp-content\/uploads\/2010\/11\/ndeksorcizem2-150x150.jpg\" class=\"attachment-thumbnail size-thumbnail\" alt=\"\" loading=\"lazy\" \/><\/a>\n\t\t\t<\/div><\/figure><figure class='gallery-item'>\n\t\t\t<div class='gallery-icon landscape'>\n\t\t\t\t<a href='http:\/\/unipas.si\/_stara20112018\/wp-content\/uploads\/2010\/11\/ndeksorcizem.jpg' title=\"\" data-rl_title=\"\" class=\"rl-gallery-link\" data-rl_caption=\"\" data-rel=\"lightbox-gallery-1\"><img width=\"150\" height=\"150\" src=\"http:\/\/unipas.si\/_stara20112018\/wp-content\/uploads\/2010\/11\/ndeksorcizem-150x150.jpg\" class=\"attachment-thumbnail size-thumbnail\" alt=\"\" loading=\"lazy\" \/><\/a>\n\t\t\t<\/div><\/figure><figure class='gallery-item'>\n\t\t\t<div class='gallery-icon portrait'>\n\t\t\t\t<a href='http:\/\/unipas.si\/_stara20112018\/wp-content\/uploads\/2010\/11\/nd-konec.jpg' title=\"\" data-rl_title=\"\" class=\"rl-gallery-link\" data-rl_caption=\"\" data-rel=\"lightbox-gallery-1\"><img width=\"130\" height=\"150\" src=\"http:\/\/unipas.si\/_stara20112018\/wp-content\/uploads\/2010\/11\/nd-konec-130x150.jpg\" class=\"attachment-thumbnail size-thumbnail\" alt=\"\" loading=\"lazy\" \/><\/a>\n\t\t\t<\/div><\/figure><figure class='gallery-item'>\n\t\t\t<div class='gallery-icon landscape'>\n\t\t\t\t<a href='http:\/\/unipas.si\/_stara20112018\/wp-content\/uploads\/2010\/11\/nd-robi-glasba.jpg' title=\"\" data-rl_title=\"\" class=\"rl-gallery-link\" data-rl_caption=\"\" data-rel=\"lightbox-gallery-1\"><img width=\"150\" height=\"150\" src=\"http:\/\/unipas.si\/_stara20112018\/wp-content\/uploads\/2010\/11\/nd-robi-glasba-150x150.jpg\" class=\"attachment-thumbnail size-thumbnail\" alt=\"\" loading=\"lazy\" \/><\/a>\n\t\t\t<\/div><\/figure><figure class='gallery-item'>\n\t\t\t<div class='gallery-icon landscape'>\n\t\t\t\t<a href='http:\/\/unipas.si\/_stara20112018\/wp-content\/uploads\/2010\/11\/nd-robi-predava.jpg' title=\"\" data-rl_title=\"\" class=\"rl-gallery-link\" data-rl_caption=\"\" data-rel=\"lightbox-gallery-1\"><img width=\"150\" height=\"150\" src=\"http:\/\/unipas.si\/_stara20112018\/wp-content\/uploads\/2010\/11\/nd-robi-predava-150x150.jpg\" class=\"attachment-thumbnail size-thumbnail\" alt=\"\" loading=\"lazy\" \/><\/a>\n\t\t\t<\/div><\/figure><figure class='gallery-item'>\n\t\t\t<div class='gallery-icon landscape'>\n\t\t\t\t<a href='http:\/\/unipas.si\/_stara20112018\/wp-content\/uploads\/2010\/11\/ndtilen.jpg' title=\"\" data-rl_title=\"\" class=\"rl-gallery-link\" data-rl_caption=\"\" data-rel=\"lightbox-gallery-1\"><img width=\"150\" height=\"150\" src=\"http:\/\/unipas.si\/_stara20112018\/wp-content\/uploads\/2010\/11\/ndtilen-150x150.jpg\" class=\"attachment-thumbnail size-thumbnail\" alt=\"\" loading=\"lazy\" \/><\/a>\n\t\t\t<\/div><\/figure><figure class='gallery-item'>\n\t\t\t<div class='gallery-icon landscape'>\n\t\t\t\t<a href='http:\/\/unipas.si\/_stara20112018\/wp-content\/uploads\/2010\/11\/objava1.jpg' title=\"\" data-rl_title=\"\" class=\"rl-gallery-link\" data-rl_caption=\"\" data-rel=\"lightbox-gallery-1\"><img width=\"150\" height=\"150\" src=\"http:\/\/unipas.si\/_stara20112018\/wp-content\/uploads\/2010\/11\/objava1-150x150.jpg\" class=\"attachment-thumbnail size-thumbnail\" alt=\"\" loading=\"lazy\" \/><\/a>\n\t\t\t<\/div><\/figure><figure class='gallery-item'>\n\t\t\t<div class='gallery-icon landscape'>\n\t\t\t\t<a href='http:\/\/unipas.si\/_stara20112018\/wp-content\/uploads\/2010\/11\/sticna-bend.jpg' title=\"\" data-rl_title=\"\" class=\"rl-gallery-link\" data-rl_caption=\"\" data-rel=\"lightbox-gallery-1\"><img width=\"150\" height=\"150\" src=\"http:\/\/unipas.si\/_stara20112018\/wp-content\/uploads\/2010\/11\/sticna-bend-150x150.jpg\" class=\"attachment-thumbnail size-thumbnail\" alt=\"\" loading=\"lazy\" \/><\/a>\n\t\t\t<\/div><\/figure><figure class='gallery-item'>\n\t\t\t<div class='gallery-icon landscape'>\n\t\t\t\t<a href='http:\/\/unipas.si\/_stara20112018\/wp-content\/uploads\/2010\/11\/teologijatelesa2-2.jpg' title=\"\" data-rl_title=\"\" class=\"rl-gallery-link\" data-rl_caption=\"\" data-rel=\"lightbox-gallery-1\"><img width=\"150\" height=\"150\" src=\"http:\/\/unipas.si\/_stara20112018\/wp-content\/uploads\/2010\/11\/teologijatelesa2-2-150x150.jpg\" class=\"attachment-thumbnail size-thumbnail\" alt=\"\" loading=\"lazy\" \/><\/a>\n\t\t\t<\/div><\/figure><figure class='gallery-item'>\n\t\t\t<div class='gallery-icon landscape'>\n\t\t\t\t<a href='http:\/\/unipas.si\/_stara20112018\/wp-content\/uploads\/2010\/11\/teologijatelesa-naslovna1.jpg' title=\"\" data-rl_title=\"\" class=\"rl-gallery-link\" data-rl_caption=\"\" data-rel=\"lightbox-gallery-1\"><img width=\"150\" height=\"150\" src=\"http:\/\/unipas.si\/_stara20112018\/wp-content\/uploads\/2010\/11\/teologijatelesa-naslovna1-150x150.jpg\" class=\"attachment-thumbnail size-thumbnail\" alt=\"\" loading=\"lazy\" \/><\/a>\n\t\t\t<\/div><\/figure><figure class='gallery-item'>\n\t\t\t<div class='gallery-icon landscape'>\n\t\t\t\t<a href='http:\/\/unipas.si\/_stara20112018\/wp-content\/uploads\/2010\/11\/teologijatelesa-sestra1.jpg' title=\"\" data-rl_title=\"\" class=\"rl-gallery-link\" data-rl_caption=\"\" data-rel=\"lightbox-gallery-1\"><img width=\"150\" height=\"150\" src=\"http:\/\/unipas.si\/_stara20112018\/wp-content\/uploads\/2010\/11\/teologijatelesa-sestra1-150x150.jpg\" class=\"attachment-thumbnail size-thumbnail\" alt=\"\" loading=\"lazy\" \/><\/a>\n\t\t\t<\/div><\/figure><figure class='gallery-item'>\n\t\t\t<div class='gallery-icon landscape'>\n\t\t\t\t<a href='http:\/\/unipas.si\/_stara20112018\/wp-content\/uploads\/2010\/11\/treologijatelesa1-1.jpg' title=\"\" data-rl_title=\"\" class=\"rl-gallery-link\" data-rl_caption=\"\" data-rel=\"lightbox-gallery-1\"><img width=\"150\" height=\"150\" src=\"http:\/\/unipas.si\/_stara20112018\/wp-content\/uploads\/2010\/11\/treologijatelesa1-1-150x150.jpg\" class=\"attachment-thumbnail size-thumbnail\" alt=\"\" loading=\"lazy\" \/><\/a>\n\t\t\t<\/div><\/figure>\n\t\t<\/div>\n\n","protected":false},"excerpt":{"rendered":"<p>Vse zvo\u010dne posnetke lahko najdete v audio arhivu radia Ognji&scaron;\u010de, lahko pa si v nekaj vrsticah preberete povzetek vsakega ve\u010dera posebej &#8230; &nbsp; V ponedeljek 16. 11. 2009 ob 20.00&hellip; <\/p>\n","protected":false},"author":1,"featured_media":0,"comment_status":"closed","ping_status":"closed","sticky":false,"template":"","format":"standard","meta":{"_monsterinsights_skip_tracking":false,"_monsterinsights_sitenote_active":false,"_monsterinsights_sitenote_note":"","_monsterinsights_sitenote_category":0,"ngg_post_thumbnail":0},"categories":[13],"tags":[],"_links":{"self":[{"href":"http:\/\/unipas.si\/_stara20112018\/wp-json\/wp\/v2\/posts\/47"}],"collection":[{"href":"http:\/\/unipas.si\/_stara20112018\/wp-json\/wp\/v2\/posts"}],"about":[{"href":"http:\/\/unipas.si\/_stara20112018\/wp-json\/wp\/v2\/types\/post"}],"author":[{"embeddable":true,"href":"http:\/\/unipas.si\/_stara20112018\/wp-json\/wp\/v2\/users\/1"}],"replies":[{"embeddable":true,"href":"http:\/\/unipas.si\/_stara20112018\/wp-json\/wp\/v2\/comments?post=47"}],"version-history":[{"count":0,"href":"http:\/\/unipas.si\/_stara20112018\/wp-json\/wp\/v2\/posts\/47\/revisions"}],"wp:attachment":[{"href":"http:\/\/unipas.si\/_stara20112018\/wp-json\/wp\/v2\/media?parent=47"}],"wp:term":[{"taxonomy":"category","embeddable":true,"href":"http:\/\/unipas.si\/_stara20112018\/wp-json\/wp\/v2\/categories?post=47"},{"taxonomy":"post_tag","embeddable":true,"href":"http:\/\/unipas.si\/_stara20112018\/wp-json\/wp\/v2\/tags?post=47"}],"curies":[{"name":"wp","href":"https:\/\/api.w.org\/{rel}","templated":true}]}}