{"id":453,"date":"2011-05-10T08:26:56","date_gmt":"2011-05-10T06:26:56","guid":{"rendered":"http:\/\/unipas.si\/wp\/2011\/05\/10\/splosna-predstavitev\/"},"modified":"2011-05-10T08:26:56","modified_gmt":"2011-05-10T06:26:56","slug":"splosna-predstavitev","status":"publish","type":"post","link":"http:\/\/unipas.si\/_stara20112018\/splosna-predstavitev\/","title":{"rendered":"Splo\u0161na predstavitev"},"content":{"rendered":"<h2> \t&nbsp;<\/h2>\n<h2> \t<a href=\"http:\/\/skam.si\/termin\/kaprije-za-mlade-18-30\/\"><span style=\"color:#B22222;\"><strong>PREDSTAVITEV in ELEKTRONSKA PRIJAVNICA<\/strong><\/span> ZA DUHOVNO-PO\u010cITNI&Scaron;KI PROGRAM ZA &Scaron;TUDENTE, MLADE IZOBRA\u017dENCE IN MLADE V POKLICIH <\/a><\/h2>\n<p> \t<a href=\"http:\/\/skam.si\/dogodki\/mednarodna-srecanja\/kaprije\/\">Drugi poletni programi na Kaprijah<\/a> (organizira Dru&scaron;tvo SKAM &#8211; Skupnost katoli&scaron;ke mladine)<\/p>\n<h2> \t&nbsp;<\/h2>\n<p> \t<strong>Poletni tedni za &scaron;tudente in mlade v poklicih<\/strong>, Otok Kaprije, Hrva&scaron;ka<a href=\"http:\/\/www.unipas.si\/images\/stories\/kaprije\/20140810_272_Kaprije_Lucija.JPG\" data-rel=\"lightbox-image-0\" data-rl_title=\"\" data-rl_caption=\"\" title=\"\"><img alt=\"\" src=\"http:\/\/www.unipas.si\/images\/stories\/kaprije\/20140810_272_Kaprije_Lucija.JPG\" style=\"height: 147px; width: 220px; float: right;\" \/><\/a><\/p>\n<p> \tUNIPAS (Univerzitetna pastorala) u\u017eiva v izzivih, ki jih ponuja \u017eivljenje in tako \u017ee poto leto pripravlja duhovno-po\u010ditni&scaron;ki program za &scaron;tudente in mlade v poklicih v starosti od 18-35 let. Odpo\u010diti se, si nabrati novih mo\u010di za telo, si privo&scaron;\u010diti nekaj ur plavanja, predvsem pa veliko prilo\u017enosti za medsebojne pogovore, zanimive debate, pa tudi trenutke ti&scaron;ine, dela na sebi, prilo\u017enosti za molitev, duhovno poglabljanje, &#8230; vse to so zna\u010dilnosti na&scaron;ega programa. Bi se nam pridru\u017eil\/-a?<\/p>\n<p> \t<strong>Otok Kaprije<\/strong><\/p>\n<p> \tOtok Kaprije je majhen otok v bli\u017eini &Scaron;ibenika. <img alt=\"\" src=\"http:\/\/www.unipas.si\/images\/stories\/kaprije\/kaprije.jpg\" style=\"float: right;\" \/>V naselju Kaprije \u017eivi 189 stalnih prebivalcev (Hrva&scaron;ki statisti\u010dni urad, 2011). Na celem otoku ni avtomobilskega prometa. Kraj je primeren za mirne po\u010ditnice. V naselju oddajajo privatne sobe in apartmaje. V vasi je trgovina, po&scaron;ta, ambulanta in ve\u010d restavracij.<\/p>\n<p> \t<strong>Potek dneva<\/strong><br \/> \tV nadaljevanju je predstavljen okvirni potek dneva:<img alt=\"\" src=\"http:\/\/www.unipas.si\/images\/stories\/kaprije\/20140809_231_Kaprije_Lucija.JPG\" style=\"height: 147px; width: 220px; float: right;\" \/><br \/> \t7.45 Jutranja molitev, zajtrk, pomivanje<br \/> \t8.30 Mo\u017enost kopanja<br \/> \t9.30 Tema dneva<br \/> \t11.30 Delo v skupinah (urejanje hi&scaron;e, \u010di&scaron;\u010denje, kuhanje, &#8230;)<br \/> \t13.00 Kosilo<br \/> \t14.30 Siesta (po\u010ditek) &ndash; prosta izbira dejavnosti<br \/> \t19.30 Ve\u010derja<br \/> \t21.00 Sveta ma&scaron;a<br \/> \t21.30 Ve\u010derna molitev, refleksija, prosto<br \/> \tOblikovanje dneva je v veliki meri odvisno tudi od predlogov udele\u017eencev in pripravljenosti za sodelovanje.<\/p>\n<p> \t<strong>Na\u010din dela ob temi dneva<\/strong><\/p>\n<p> \t<img alt=\"\" src=\"http:\/\/www.unipas.si\/images\/stories\/kaprije\/20140809_215_Kaprije_Lucija.JPG\" style=\"height: 147px; width: 220px; float: right;\" \/>Dosedanje izku&scaron;nje na na&scaron;ih programih ka\u017eejo, da nekateri \u017eelijo in potrebujejo pogovor v skupini, nekateri si \u017eelijo ti&scaron;ino in ve\u010d osebnega dela. Mi sku&scaron;amo povezati oboje: na za\u010detku teme dneva je kratek uvod in nekaj predlogov za osebno delo. Ob koncu osebnega dela je mo\u017enost, da se lahko (kdor \u017eeli) o svoji izku&scaron;nji pogovori tudi v skupini. Kdor pa \u017eeli, lahko nadaljuje z osebnim delom.<\/p>\n<p> \t<strong>&Scaron;tevilo prostih mest<\/strong><\/p>\n<p> \t&Scaron;tevilo udele\u017eencev je omejeno. Prednost ima, kdor prej poravna ceno oz. izpolni vse obveznosti v zvezi s prijavo.<\/p>\n<p> \t<strong>Prevoz do &Scaron;ibenika in naprej na Kaprije<\/strong><img alt=\"\" src=\"http:\/\/www.unipas.si\/images\/stories\/kaprije\/20140807_146_Kaprije_Lucija.JPG\" style=\"height: 220px; width: 147px; float: right;\" \/><\/p>\n<p> \tNa Kaprije potujemo z avtobusom. Prevoz je vklju\u010den v ceno. Iz &Scaron;ibenika nadaljujemo pot s trajektom. Enako velja za povratek. Kraj in ura odhoda in prihoda bosta objavljena naknadno.<\/p>\n<p> \t<strong>Kaj naj vzamem s seboj?<\/strong><\/p>\n<ul>\n<li> \t\t<strong>spalno vre\u010do in rjuho<\/strong> za pod spalno vre\u010do (ali dve rjuhi namesto spalne vre\u010de) in <strong>prevleko za vzglavnik<\/strong> (kdor prevleke in rjuhe ne bo imel, ju bo lahko dobil v domu po ceni: rjuha 7 EUR\/kos, prevleka za vzglavnik 7 EUR\/kos)<\/li>\n<li> \t\t<strong>le\u017ealno podlogo<\/strong> (armafleks &#8211; lahko manj&scaron;i kos, za sedenje na prostem),<\/li>\n<li> \t\tle\u017ealno podlogo za na pla\u017eo,<\/li>\n<li> \t\tprimerna obla\u010dila in obutev za vro\u010de poletne dni in za na morje,<\/li>\n<li> \t\tkopalke, brisa\u010do, pokrivalo (kapa s &scaron;iltom, klobuk, ruta &#8230;), kremo za son\u010denje, sredstvo za za&scaron;\u010dito pred komarji,<\/li>\n<li> \t\tpripomo\u010dke za osebno higieno,<\/li>\n<li> \t\tzvezek in pisalo,<\/li>\n<li> \t\tosebni dokument in dokument o zdravstvenem zavarovanju,<\/li>\n<li> \t\tin&scaron;trument (kitara, orglice, flavta&#8230;) ali razne dru\u017eabne igre,<\/li>\n<li> \t\thrva&scaron;ke kune za pla\u010dilo stro&scaron;kov bivanja (lahko tudi za sladoled, razglednice &#8230;).<\/li>\n<\/ul>\n<p> \t<strong>Obvezno<\/strong> si na <a href=\"http:\/\/www.zzzs.si\/\" target=\"_blank\">Zavodu za zdravstveno zavarovanje Slovenije<\/a> brezpla\u010dno pridobite evropsko zdravstveno kartico.<\/p>\n<p> \t<strong>Druge prakti\u010dne informacije<\/strong><img alt=\"\" src=\"http:\/\/www.unipas.si\/images\/stories\/kaprije\/20140807_152_Kaprije_Lucija.JPG\" style=\"height: 220px; float: right;\" \/><\/p>\n<ul>\n<li> \t\tKdor \u017eeli raziskovati otok, biti dele\u017een prelepih son\u010dnih vzhodov ali &scaron;e lep&scaron;ih zahodov, naj ima prinese s seboj tudi &scaron;portno obutev, ker so skale izredno ostre in pora&scaron;\u010dene s trnjem.<\/li>\n<li> \t\tKer so morski je\u017eki stalni prebivalci obale otoka, za la\u017eji vstop in izstop iz vode zelo prav pridejo plasti\u010dne opanke oz. primerna obutev za v vodo.<\/li>\n<li> \t\tPriporo\u010damo, da <strong>prinesete s seboj \u010dutaro (plastenko), za katero boste sami skrbeli.<\/strong> Tako je vsak sam zase odgovoren za pija\u010do na pla\u017ei.<\/li>\n<li> \t\tTrgovina na otoku je preprosta (razglednice in sladoled se vendarle da dobiti ;), predvsem pa so cene vi&scaron;je (vse stvari je pa\u010d treba prepeljati s trajektom iz &Scaron;ibenika in to zara\u010dunajo zraven). Pretiranega luksuza torej ne smemo pri\u010dakovati!<\/li>\n<\/ul>\n<p> \tProgram je namenjen &scaron;tudentom, mladim izobra\u017eencem in mladim v poklicih. Mlaj&scaron;i se lahko pridru\u017eite&nbsp;<a href=\"http:\/\/skam.si\/dogodki\/mednarodna-srecanja\/kaprije\/\">Poletni &scaron;oli skupnosti<\/a>, ki jo organizira Dru&scaron;tvo SKAM &#8211; Skupnost katoli&scaron;ke mladine.<\/p>\n","protected":false},"excerpt":{"rendered":"<p>&nbsp; PREDSTAVITEV in ELEKTRONSKA PRIJAVNICA ZA DUHOVNO-PO\u010cITNI&Scaron;KI PROGRAM ZA &Scaron;TUDENTE, MLADE IZOBRA\u017dENCE IN MLADE V POKLICIH Drugi poletni programi na Kaprijah (organizira Dru&scaron;tvo SKAM &#8211; Skupnost katoli&scaron;ke mladine) &nbsp; Poletni&hellip; <\/p>\n","protected":false},"author":1,"featured_media":0,"comment_status":"closed","ping_status":"closed","sticky":false,"template":"","format":"standard","meta":{"_monsterinsights_skip_tracking":false,"_monsterinsights_sitenote_active":false,"_monsterinsights_sitenote_note":"","_monsterinsights_sitenote_category":0,"ngg_post_thumbnail":0},"categories":[26],"tags":[],"_links":{"self":[{"href":"http:\/\/unipas.si\/_stara20112018\/wp-json\/wp\/v2\/posts\/453"}],"collection":[{"href":"http:\/\/unipas.si\/_stara20112018\/wp-json\/wp\/v2\/posts"}],"about":[{"href":"http:\/\/unipas.si\/_stara20112018\/wp-json\/wp\/v2\/types\/post"}],"author":[{"embeddable":true,"href":"http:\/\/unipas.si\/_stara20112018\/wp-json\/wp\/v2\/users\/1"}],"replies":[{"embeddable":true,"href":"http:\/\/unipas.si\/_stara20112018\/wp-json\/wp\/v2\/comments?post=453"}],"version-history":[{"count":0,"href":"http:\/\/unipas.si\/_stara20112018\/wp-json\/wp\/v2\/posts\/453\/revisions"}],"wp:attachment":[{"href":"http:\/\/unipas.si\/_stara20112018\/wp-json\/wp\/v2\/media?parent=453"}],"wp:term":[{"taxonomy":"category","embeddable":true,"href":"http:\/\/unipas.si\/_stara20112018\/wp-json\/wp\/v2\/categories?post=453"},{"taxonomy":"post_tag","embeddable":true,"href":"http:\/\/unipas.si\/_stara20112018\/wp-json\/wp\/v2\/tags?post=453"}],"curies":[{"name":"wp","href":"https:\/\/api.w.org\/{rel}","templated":true}]}}