{"id":4474,"date":"2018-10-10T17:38:56","date_gmt":"2018-10-10T15:38:56","guid":{"rendered":"http:\/\/unipas.si\/?p=4474"},"modified":"2018-10-10T17:38:56","modified_gmt":"2018-10-10T15:38:56","slug":"msgr-stanislav-zore-tvoj-danasnji-studij-je-namenjen-cloveku-ki-ga-bos-srecal-v-prihodnosti-in-zanj-studiraj","status":"publish","type":"post","link":"http:\/\/unipas.si\/_stara20112018\/msgr-stanislav-zore-tvoj-danasnji-studij-je-namenjen-cloveku-ki-ga-bos-srecal-v-prihodnosti-in-zanj-studiraj\/","title":{"rendered":"Msgr. Stanislav Zore: Tvoj dana\u0161nji \u0161tudij je namenjen \u010dloveku, ki ga bo\u0161 sre\u010dal v prihodnosti. In zanj \u0161tudiraj."},"content":{"rendered":"\n<p>Ljubljansko stolnico so v ponedeljek, 8. 10. 2018, na slovesni ma\u0161i ob za\u010detku akademskega leta napolnili \u0161tudentje, \u0161tudentke, dekanje in dekani ljubljanske univerze, profesorji, \u0161kofje, duhovniki ter drugi verniki.<\/p>\n\n\n\n<p>Ob 18.30 je v stolnici zadonela\npesem posve\u010dena svetemu Duhu, Ogenj, ki \u017ege. Za \u010dudovito in mogo\u010dno petje je\nposkrbel zbor MPP (Mladost Pesem Prijateljstvo). <\/p>\n\n\n\n<p>Sveto ma\u0161o je daroval ljubljanski\nnad\u0161kof in metropoli msgr. Stanislav Zore. V homiliji je izrekel dobrodo\u0161lico\nin za\u017eelel veliko blagoslova novima pastoralnima delavcema, dr. Romanu Globokarju,\nki je prevzel skrb za univerzitetno pastoralo ter g. Matev\u017eu Mehletu, ki\nprevzema skrb za mladinsko pastoralo. <\/p>\n\n\n\n<p>\u0160tudente je ob evangeljskem odlomku spodbudil, naj bodo kot Samarijan, ki se je usmilil \u010dloveka, ki je le\u017eal ob poti. <\/p>\n\n\n\n<p><em>\u00bbTvoj dana\u0161nji \u0161tudij je namenjen \u010dloveku, ki ga bo\u0161 sre\u010dal v prihodnosti. In zanj \u0161tudiraj. \u010ce ne \u0161tudira\u0161 zase, \u010de ne \u0161tudira\u0161 za \u017eivljenje, \u0161tudiraj za tistega \u010dloveka, ki bo ob tvoji cesti, kakor je bil\u00a0 \u010dlovek, ki je padel med razbojnike.\u00ab<\/em> <\/p>\n\n\n\n<p>Poslanstvo vsakega izmed nas je, da \u00bbne gremo mimo\u00ab, vendar smo so\u010dutni in s tem bolj u\u010dinkoviti.<\/p>\n\n\n\n<p>Homilijo si lahko preberete tudi na tej povezavi: <a href=\"https:\/\/www.vaticannews.va\/sl\/cerkev\/news\/2018-10\/msgr-stanislav-zore-naj-bo-vase-akademsko-leto-blagoslovljeno.html\" target=\"_blank\" rel=\"noreferrer noopener\">https:\/\/www.vaticannews.va\/sl\/cerkev\/news\/2018-10\/msgr-stanislav-zore-naj-bo-vase-akademsko-leto-blagoslovljeno.html<\/a><\/p>\n\n\n\n<p><\/p>\n\n\n\n<p>Po koncu ma\u0161e so vse povabili v bogoslovno semeni\u0161\u010de, kjer smo\nsi postregli z obljubljenim agape. &#x1f609;<\/p>\n\n\n\n<p><\/p>\n\n\n\n<p><\/p>\n\n\n\n<p>Zahvaljujemo se vsem, ki ste sodelovali pri sveti ma\u0161i in pomagali pri sami organizaciji.<\/p>\n\n\n\n<p>Hvala nad\u0161kofu msgr. Stanislavu Zoretu, za darovano ma\u0161o in\nspodbudne besede v homiliji. Hvala zboru MPP za bogato bogoslu\u017eno petje. Hvala tehni\u010dni\npodpori za ozvo\u010denje zbora. In hvala bogoslovnemu semeni\u0161\u010du za pojedino in\nprostor za dru\u017eenje. <\/p>\n\n\n\n<p><br\/><\/p>\n","protected":false},"excerpt":{"rendered":"<p>Ljubljansko stolnico so v ponedeljek, 8. 10. 2018, na slovesni ma\u0161i ob za\u010detku akademskega leta napolnili \u0161tudentje, \u0161tudentke, dekanje in dekani ljubljanske univerze, profesorji, \u0161kofje, duhovniki ter drugi verniki. Ob&hellip; <\/p>\n","protected":false},"author":3,"featured_media":0,"comment_status":"closed","ping_status":"closed","sticky":false,"template":"","format":"standard","meta":{"_monsterinsights_skip_tracking":false,"_monsterinsights_sitenote_active":false,"_monsterinsights_sitenote_note":"","_monsterinsights_sitenote_category":0,"ngg_post_thumbnail":0},"categories":[1],"tags":[],"_links":{"self":[{"href":"http:\/\/unipas.si\/_stara20112018\/wp-json\/wp\/v2\/posts\/4474"}],"collection":[{"href":"http:\/\/unipas.si\/_stara20112018\/wp-json\/wp\/v2\/posts"}],"about":[{"href":"http:\/\/unipas.si\/_stara20112018\/wp-json\/wp\/v2\/types\/post"}],"author":[{"embeddable":true,"href":"http:\/\/unipas.si\/_stara20112018\/wp-json\/wp\/v2\/users\/3"}],"replies":[{"embeddable":true,"href":"http:\/\/unipas.si\/_stara20112018\/wp-json\/wp\/v2\/comments?post=4474"}],"version-history":[{"count":1,"href":"http:\/\/unipas.si\/_stara20112018\/wp-json\/wp\/v2\/posts\/4474\/revisions"}],"predecessor-version":[{"id":4477,"href":"http:\/\/unipas.si\/_stara20112018\/wp-json\/wp\/v2\/posts\/4474\/revisions\/4477"}],"wp:attachment":[{"href":"http:\/\/unipas.si\/_stara20112018\/wp-json\/wp\/v2\/media?parent=4474"}],"wp:term":[{"taxonomy":"category","embeddable":true,"href":"http:\/\/unipas.si\/_stara20112018\/wp-json\/wp\/v2\/categories?post=4474"},{"taxonomy":"post_tag","embeddable":true,"href":"http:\/\/unipas.si\/_stara20112018\/wp-json\/wp\/v2\/tags?post=4474"}],"curies":[{"name":"wp","href":"https:\/\/api.w.org\/{rel}","templated":true}]}}