{"id":4332,"date":"2018-10-10T16:23:50","date_gmt":"2018-10-10T14:23:50","guid":{"rendered":"http:\/\/unipas.si\/?p=4332"},"modified":"2018-10-15T15:19:45","modified_gmt":"2018-10-15T13:19:45","slug":"nikodemovi-veceri-2018","status":"publish","type":"post","link":"http:\/\/unipas.si\/_stara20112018\/nikodemovi-veceri-2018\/","title":{"rendered":"Nikodemovi ve\u010deri 2018: Mladi in (ne)mo\u010d vere"},"content":{"rendered":"\n<p><strong>Naslov: MLADI\nIN (NE)MO\u010c VERE<\/strong><\/p>\n\n\n\n<p>Kraj: Teolo\u0161ka fakulteta, Poljanska c. 4, Ljubljana, Velika predavalnica<\/p>\n\n\n\n<p>Pon, 19. 11. \u2013\n\u010cet, 22. 11. 2018 (vsak dan ob 19.30, razen v sredo ob 20.00)<\/p>\n\n\n\n<p><\/p>\n\n\n\n<p><strong>Ponedeljek, 19.\n11. 2018, ob 19.30<\/strong><\/p>\n\n\n\n<p>Prof. dr. Borut\n\u0160kodlar, psihiater: <em>Stiske mladih in duhovnost<\/em> (predavanje in pogovor)<\/p>\n\n\n\n<p>Moderatorka:\nMaja Klarendi\u0107, dr. med.<\/p>\n\n\n\n<p><strong>Torek, 20. 11.\n2018, ob 19.30<\/strong><\/p>\n\n\n\n<p>Msgr . Alojzij Cvikl, mariborski nad\u0161kof: <em>Ali\nCerkev poslu\u0161a mlade?<\/em> (pogovor)<\/p>\n\n\n\n<p>Moderatorja: dr. Roman Globokar, voditelj UNIPAS, in Lucija Fabjan\u010di\u010d, \u0161tudentka<\/p>\n\n\n\n<p><strong>Sreda, 21. 11.\n2018, ob 20.00<\/strong><\/p>\n\n\n\n<p>P. Brendan McManus, jezuit: <em>Odre\u0161ilna pot: z bremenom tragi\u010dne\nizgube na Caminu<\/em> (pri\u010devanje in pogovor)<\/p>\n\n\n\n<p>Moderator: P.\nMiran \u017dvanut, jezuit<\/p>\n\n\n\n<p><strong>\u010cetrtek, 22.\n11. 2018, ob 19.30<\/strong><\/p>\n\n\n\n<p><em>Meriti neizmerljivo: razmi\u0161ljanja o temeljih \u017eivljenja ob prvem delu filmskega ciklusa Dekalog poljskega re\u017eiserja Krzysztofa Kie\u015blowskega\u00a0<\/em>(ogled filma in razmi\u0161ljanje)<\/p>\n\n\n\n<p>Moderator:\nSergej Valijev, \u0161tudent<\/p>\n\n\n\n<p>Gostje: Barbara in Jernej Kastelec, zakonski par; Emanuela Eduard, \u0161tudentka in predsednica Dru\u0161tva SKAM; dr. Matja\u017e Celarc, duhovnik<\/p>\n\n\n\n<p><\/p>\n","protected":false},"excerpt":{"rendered":"<p>Naslov: MLADI IN (NE)MO\u010c VERE Kraj: Teolo\u0161ka fakulteta, Poljanska c. 4, Ljubljana, Velika predavalnica Pon, 19. 11. \u2013 \u010cet, 22. 11. 2018 (vsak dan ob 19.30, razen v sredo ob&hellip; <\/p>\n","protected":false},"author":3,"featured_media":0,"comment_status":"closed","ping_status":"closed","sticky":false,"template":"","format":"standard","meta":{"_monsterinsights_skip_tracking":false,"_monsterinsights_sitenote_active":false,"_monsterinsights_sitenote_note":"","_monsterinsights_sitenote_category":0,"ngg_post_thumbnail":0},"categories":[78,40],"tags":[],"_links":{"self":[{"href":"http:\/\/unipas.si\/_stara20112018\/wp-json\/wp\/v2\/posts\/4332"}],"collection":[{"href":"http:\/\/unipas.si\/_stara20112018\/wp-json\/wp\/v2\/posts"}],"about":[{"href":"http:\/\/unipas.si\/_stara20112018\/wp-json\/wp\/v2\/types\/post"}],"author":[{"embeddable":true,"href":"http:\/\/unipas.si\/_stara20112018\/wp-json\/wp\/v2\/users\/3"}],"replies":[{"embeddable":true,"href":"http:\/\/unipas.si\/_stara20112018\/wp-json\/wp\/v2\/comments?post=4332"}],"version-history":[{"count":4,"href":"http:\/\/unipas.si\/_stara20112018\/wp-json\/wp\/v2\/posts\/4332\/revisions"}],"predecessor-version":[{"id":4492,"href":"http:\/\/unipas.si\/_stara20112018\/wp-json\/wp\/v2\/posts\/4332\/revisions\/4492"}],"wp:attachment":[{"href":"http:\/\/unipas.si\/_stara20112018\/wp-json\/wp\/v2\/media?parent=4332"}],"wp:term":[{"taxonomy":"category","embeddable":true,"href":"http:\/\/unipas.si\/_stara20112018\/wp-json\/wp\/v2\/categories?post=4332"},{"taxonomy":"post_tag","embeddable":true,"href":"http:\/\/unipas.si\/_stara20112018\/wp-json\/wp\/v2\/tags?post=4332"}],"curies":[{"name":"wp","href":"https:\/\/api.w.org\/{rel}","templated":true}]}}