{"id":3167,"date":"2017-11-15T07:03:33","date_gmt":"2017-11-15T06:03:33","guid":{"rendered":"http:\/\/unipas.si\/wp\/2017\/11\/15\/nikodemovi-veceri-2017-predstavitev-2\/"},"modified":"2017-11-15T07:03:33","modified_gmt":"2017-11-15T06:03:33","slug":"nikodemovi-veceri-2017-predstavitev-2","status":"publish","type":"post","link":"http:\/\/unipas.si\/_stara20112018\/nikodemovi-veceri-2017-predstavitev-2\/","title":{"rendered":"Nikodemovi ve\u010deri 2017"},"content":{"rendered":"<p> \t<strong>Nikodemovi ve\u010deri&nbsp;imajo dolgo tradicijo in \u017ee ve\u010d desetletij sooblikujejo slovensko javno mnenje. Na pogovornih ve\u010derih, ki jih priredimo vsako leto v novembru, &scaron;tudentje, izobra\u017eenci in drugi zainteresirani razpravljajo o aktualnih vpra&scaron;anjih z razli\u010dnimi sogovorniki iz sveta znanosti, kulture, politike gospodarstva.<\/strong><\/p>\n<p> \tLeto&scaron;nji 51. Nikodemovi ve\u010deri se navdihujejo ob <strong>pripravljalnem dokumentu na &scaron;kofovsko sinodo mladih 2018: &raquo;Mladi, vera in razlo\u010devanje poklicanosti&laquo;<\/strong>. V &scaron;tirih zaporednih ve\u010derih bomo skupaj iskali odgovore ali smernice ob vpra&scaron;anjih poklicanosti, osebnega poslanstva in poklica.<\/p>\n<p> \tVe\u010deri se bodo odvijali od 20. do 23. 11. v Veliki dvorani Teolo&scaron;ke fakultete s pri\u010detkom ob 19.30.<\/p>\n<p> \t<a href=\"https:\/\/skam.si\/dogodki\/dogodki-v-sloveniji\/nikodemovi-veceri\/\">ve\u010d o vsebini ve\u010derov<\/a><\/p>\n<p> \t<a href=\"https:\/\/skam.si\/dogodki\/dogodki-v-sloveniji\/nikodemovi-veceri\/\"><img alt=\"\" src=\"https:\/\/skam.si\/wp-content\/uploads\/nikodem_naslovka-01-01-1324x694.jpg\" style=\"width: 300px; height: 157px;\" \/><\/a><\/p>\n","protected":false},"excerpt":{"rendered":"<p>Nikodemovi ve\u010deri&nbsp;imajo dolgo tradicijo in \u017ee ve\u010d desetletij sooblikujejo slovensko javno mnenje. Na pogovornih ve\u010derih, ki jih priredimo vsako leto v novembru, &scaron;tudentje, izobra\u017eenci in drugi zainteresirani razpravljajo o aktualnih&hellip; <\/p>\n","protected":false},"author":2,"featured_media":0,"comment_status":"closed","ping_status":"closed","sticky":false,"template":"","format":"standard","meta":{"_monsterinsights_skip_tracking":false,"_monsterinsights_sitenote_active":false,"_monsterinsights_sitenote_note":"","_monsterinsights_sitenote_category":0,"ngg_post_thumbnail":0},"categories":[35],"tags":[],"_links":{"self":[{"href":"http:\/\/unipas.si\/_stara20112018\/wp-json\/wp\/v2\/posts\/3167"}],"collection":[{"href":"http:\/\/unipas.si\/_stara20112018\/wp-json\/wp\/v2\/posts"}],"about":[{"href":"http:\/\/unipas.si\/_stara20112018\/wp-json\/wp\/v2\/types\/post"}],"author":[{"embeddable":true,"href":"http:\/\/unipas.si\/_stara20112018\/wp-json\/wp\/v2\/users\/2"}],"replies":[{"embeddable":true,"href":"http:\/\/unipas.si\/_stara20112018\/wp-json\/wp\/v2\/comments?post=3167"}],"version-history":[{"count":0,"href":"http:\/\/unipas.si\/_stara20112018\/wp-json\/wp\/v2\/posts\/3167\/revisions"}],"wp:attachment":[{"href":"http:\/\/unipas.si\/_stara20112018\/wp-json\/wp\/v2\/media?parent=3167"}],"wp:term":[{"taxonomy":"category","embeddable":true,"href":"http:\/\/unipas.si\/_stara20112018\/wp-json\/wp\/v2\/categories?post=3167"},{"taxonomy":"post_tag","embeddable":true,"href":"http:\/\/unipas.si\/_stara20112018\/wp-json\/wp\/v2\/tags?post=3167"}],"curies":[{"name":"wp","href":"https:\/\/api.w.org\/{rel}","templated":true}]}}