{"id":3145,"date":"2017-04-13T09:53:00","date_gmt":"2017-04-13T07:53:00","guid":{"rendered":"http:\/\/unipas.si\/wp\/2017\/04\/13\/velika-noc-2017\/"},"modified":"2017-04-13T09:53:00","modified_gmt":"2017-04-13T07:53:00","slug":"velika-noc-2017","status":"publish","type":"post","link":"http:\/\/unipas.si\/_stara20112018\/velika-noc-2017\/","title":{"rendered":"Velika no\u010d 2017"},"content":{"rendered":"<p style=\"text-align: center;\"> \t<em>Hodil je z njima. Odprle so se jima o\u010di in sta ga spoznala. <\/em>(Lk 24,15.31)<\/p>\n<p> \t<img alt=\"\" src=\"http:\/\/www.unipas.si\/images\/stories\/Duhovni-nagovor\/2017\/Emavs_ikona.jpg\" style=\"height: 334px; width: 500px; float: left;\" \/><\/p>\n<p style=\"text-align: justify;\"> \t&nbsp;<\/p>\n<p style=\"text-align: justify;\"> \t&nbsp;<\/p>\n<p style=\"text-align: justify;\"> \t&nbsp;<\/p>\n<p style=\"text-align: justify;\"> \t&nbsp;<\/p>\n<p style=\"text-align: justify;\"> \t&nbsp;<\/p>\n<p style=\"text-align: justify;\"> \t&nbsp;<\/p>\n<p style=\"text-align: justify;\"> \t&nbsp;<\/p>\n<p style=\"text-align: justify;\"> \t&nbsp;<\/p>\n<p style=\"text-align: justify;\"> \t&nbsp;<\/p>\n<p style=\"text-align: justify;\"> \t&nbsp;<\/p>\n<p style=\"text-align: justify;\"> \t&nbsp;<\/p>\n<p style=\"text-align: justify;\"> \t&nbsp;<\/p>\n<p style=\"text-align: justify;\"> \t&nbsp;<\/p>\n<p style=\"text-align: justify;\"> \tJezus, na&scaron; Gospod, je vstal od mrtvih in premagal smrt.<\/p>\n<p style=\"text-align: justify;\"> \tPrestra&scaron;enima in razo\u010daranima u\u010dencema se pridru\u017ei na poti in jima razlaga pomen vsega, kar se je zgodilo.<br \/> \tHodi tudi z nami in nam odpira pogled v ve\u010dnost. Vabi nas, da se mu pridru\u017eimo pri njegovi mizi.<\/p>\n<p style=\"text-align: justify;\"> \t\u017delimo Vam upanja polno praznovanje velike no\u010di in poguma,<br \/> \tda hodimo drug ob drugem v vsakem trenutku \u017eivljenja.<br \/> \tNaj Vam Vstali podari mo\u010di za poslu&scaron;anje drug drugega, za podporo in \u010dlove&scaron;ko bli\u017eino.<br \/> \tNaj Vas napolni z vero v ve\u010dno \u017eivljenje.<\/p>\n<p style=\"text-align: justify;\"> \tUNIPAS<\/p>\n<p style=\"text-align: justify;\"> \t&nbsp;<\/p>\n<p style=\"text-align: justify;\"> \t&nbsp;<\/p>\n<p style=\"text-align: justify;\"> \t&nbsp;<\/p>\n","protected":false},"excerpt":{"rendered":"<p>Hodil je z njima. Odprle so se jima o\u010di in sta ga spoznala. (Lk 24,15.31) &nbsp; &nbsp; &nbsp; &nbsp; &nbsp; &nbsp; &nbsp; &nbsp; &nbsp; &nbsp; &nbsp; &nbsp; &nbsp; Jezus, na&scaron;&hellip; <\/p>\n","protected":false},"author":1,"featured_media":0,"comment_status":"closed","ping_status":"closed","sticky":false,"template":"","format":"standard","meta":{"_monsterinsights_skip_tracking":false,"_monsterinsights_sitenote_active":false,"_monsterinsights_sitenote_note":"","_monsterinsights_sitenote_category":0,"ngg_post_thumbnail":0},"categories":[35],"tags":[],"_links":{"self":[{"href":"http:\/\/unipas.si\/_stara20112018\/wp-json\/wp\/v2\/posts\/3145"}],"collection":[{"href":"http:\/\/unipas.si\/_stara20112018\/wp-json\/wp\/v2\/posts"}],"about":[{"href":"http:\/\/unipas.si\/_stara20112018\/wp-json\/wp\/v2\/types\/post"}],"author":[{"embeddable":true,"href":"http:\/\/unipas.si\/_stara20112018\/wp-json\/wp\/v2\/users\/1"}],"replies":[{"embeddable":true,"href":"http:\/\/unipas.si\/_stara20112018\/wp-json\/wp\/v2\/comments?post=3145"}],"version-history":[{"count":0,"href":"http:\/\/unipas.si\/_stara20112018\/wp-json\/wp\/v2\/posts\/3145\/revisions"}],"wp:attachment":[{"href":"http:\/\/unipas.si\/_stara20112018\/wp-json\/wp\/v2\/media?parent=3145"}],"wp:term":[{"taxonomy":"category","embeddable":true,"href":"http:\/\/unipas.si\/_stara20112018\/wp-json\/wp\/v2\/categories?post=3145"},{"taxonomy":"post_tag","embeddable":true,"href":"http:\/\/unipas.si\/_stara20112018\/wp-json\/wp\/v2\/tags?post=3145"}],"curies":[{"name":"wp","href":"https:\/\/api.w.org\/{rel}","templated":true}]}}