{"id":3138,"date":"2017-04-03T15:42:23","date_gmt":"2017-04-03T13:42:23","guid":{"rendered":"http:\/\/unipas.si\/wp\/2017\/04\/03\/pomen-dogodkov\/"},"modified":"2017-04-03T15:42:23","modified_gmt":"2017-04-03T13:42:23","slug":"pomen-dogodkov","status":"publish","type":"post","link":"http:\/\/unipas.si\/_stara20112018\/pomen-dogodkov\/","title":{"rendered":"Pomen dogodkov"},"content":{"rendered":"<p style=\"text-align: justify;\"> \t<img alt=\"\" src=\"http:\/\/www.unipas.si\/images\/stories\/Duhovni-nagovor\/2017\/franci.jpg\" style=\"height: 141px; width: 200px; float: left;\" \/>V evangeliju po Luku Marija, potem ko je sli&scaron;ala angelovo oznanilo in odgovorila s svojo privolitvijo na klic, da postane mati Odre&scaron;enika, vstane in gre v naglici obiskat sestri\u010dno Elizabeto, ki je v &scaron;estem mesecu nose\u010dnosti (prim. 1,36.39). Marija je zelo mlada. Kar ji je bilo oznanjeno, je neizmeren dar, vendar prina&scaron;a tudi zelo velike izzive; Gospod ji je zagotovil svojo navzo\u010dnost in podporo, toda v njenem srcu in mislih je nejasnih &scaron;e mnogo stvari. Toda Marija se ne zapre v hi&scaron;o, ne dovoli, da bi jo strah ali ponos ohromila. Marija ni tip \u010dloveka, ki &ndash; zato da se po\u010duti dobro &ndash; potrebuje dober kav\u010d, na katerem bo udobno in varno. Ni ena izmed &raquo;kav\u010d mladih&laquo;! (prim. <a href=\"https:\/\/www.facebook.com\/notes\/svetovni-dan-mladih\/30-julij-2016-vigilija-s-pape%C5%BEem\/10153702568320895\"><em>Nagovor med vigilijo<\/em><\/a>, Krakov, 30. julija 2016). Ko njena starej&scaron;a sestri\u010dna potrebuje pomo\u010d, ne zapravlja \u010dasa in se takoj odpravi na pot.<\/p>\n<p style=\"text-align: justify;\"> \tPot do Elizabetinega doma je dolga: okrog 150 kilometrov. Toda dekle iz Nazareta, ki jo vodi Sveti Duh, ne pozna ovir. Zagotovo je v dolgih dnevih na poti premi&scaron;ljevala o \u010dude\u017enem dogodku, ki ga je bila dele\u017ena. Tako se zgodi tudi z nami, kadar se odpravimo na romanje: na poti se v na&scaron;e misli vrnejo spomini na \u017eivljenjske dogodke, odkrivamo njihov pomen in razlo\u010dujemo svojo poklicanost, ki se potem razodene v sre\u010danju z Bogom in slu\u017eenju bli\u017enjim. (Poslanica svetega o\u010deta Fran\u010di&scaron;ka za 32. svetovni dan mladih 2017)<\/p>\n","protected":false},"excerpt":{"rendered":"<p>V evangeliju po Luku Marija, potem ko je sli&scaron;ala angelovo oznanilo in odgovorila s svojo privolitvijo na klic, da postane mati Odre&scaron;enika, vstane in gre v naglici obiskat sestri\u010dno Elizabeto,&hellip; <\/p>\n","protected":false},"author":1,"featured_media":0,"comment_status":"closed","ping_status":"closed","sticky":false,"template":"","format":"standard","meta":{"_monsterinsights_skip_tracking":false,"_monsterinsights_sitenote_active":false,"_monsterinsights_sitenote_note":"","_monsterinsights_sitenote_category":0,"ngg_post_thumbnail":0},"categories":[2],"tags":[],"_links":{"self":[{"href":"http:\/\/unipas.si\/_stara20112018\/wp-json\/wp\/v2\/posts\/3138"}],"collection":[{"href":"http:\/\/unipas.si\/_stara20112018\/wp-json\/wp\/v2\/posts"}],"about":[{"href":"http:\/\/unipas.si\/_stara20112018\/wp-json\/wp\/v2\/types\/post"}],"author":[{"embeddable":true,"href":"http:\/\/unipas.si\/_stara20112018\/wp-json\/wp\/v2\/users\/1"}],"replies":[{"embeddable":true,"href":"http:\/\/unipas.si\/_stara20112018\/wp-json\/wp\/v2\/comments?post=3138"}],"version-history":[{"count":0,"href":"http:\/\/unipas.si\/_stara20112018\/wp-json\/wp\/v2\/posts\/3138\/revisions"}],"wp:attachment":[{"href":"http:\/\/unipas.si\/_stara20112018\/wp-json\/wp\/v2\/media?parent=3138"}],"wp:term":[{"taxonomy":"category","embeddable":true,"href":"http:\/\/unipas.si\/_stara20112018\/wp-json\/wp\/v2\/categories?post=3138"},{"taxonomy":"post_tag","embeddable":true,"href":"http:\/\/unipas.si\/_stara20112018\/wp-json\/wp\/v2\/tags?post=3138"}],"curies":[{"name":"wp","href":"https:\/\/api.w.org\/{rel}","templated":true}]}}