{"id":3090,"date":"2016-11-24T09:01:23","date_gmt":"2016-11-24T08:01:23","guid":{"rendered":"http:\/\/unipas.si\/wp\/2016\/11\/24\/7-vecer-kje-so-nasi-sinovi-in-hcere\/"},"modified":"2016-11-24T09:01:23","modified_gmt":"2016-11-24T08:01:23","slug":"7-vecer-kje-so-nasi-sinovi-in-hcere","status":"publish","type":"post","link":"http:\/\/unipas.si\/_stara20112018\/7-vecer-kje-so-nasi-sinovi-in-hcere\/","title":{"rendered":"7. ve\u010der: Kje so na\u0161i sinovi in h\u010dere?"},"content":{"rendered":"<p> \t<img alt=\"\" src=\"http:\/\/www.unipas.si\/images\/stories\/Nikodemovi-veceri\/nv_2016\/7\/20161123_nv_7_11.jpg\" style=\"height: 100px; width: 150px; float: right;\" \/>Ale&scaron; \u010cerin<\/p>\n<p> \tNe\u017ea Repan&scaron;ek<\/p>\n<p> \tNa predzadnjem sre\u010danju v okviru leto&scaron;njih jubilejnih Nikodemovih ve\u010derov sta s svojimi prispevki nastopila Ale&scaron; \u010cerin in Ne\u017ea Repan&scaron;ek, ki sta spregovorila o vzgoji otrok in mladostnikov ter njihovem osamosvajanju.<\/p>\n<p>   <!--more-->  <\/p>\n<p> \tAle&scaron; \u010cerin je po izobrazbi farmacevt. Rad se predstavi kot mo\u017e, o\u010de, dedek, podjetnik, skavt, predavatelj in bloger na blogu Preprostost. V dru\u017eini, dru\u017ebi in poslu se zavzema za &raquo;bolj preproste izbire&laquo;. V sodelovanju s Socialno akademijo razvija in izvaja treninge za vzgojo voditeljev &raquo;Vodim, torej sem&laquo;. Je soustanovitelj in pisec na spletnem magazinu \u010casnik ter sodelavec v dru&scaron;tvu Dru\u017eina in \u017divljenje.<br \/> \tNe\u017ea Repan&scaron;ek je mladinska voditeljica, prostovoljka, trenerka in skavtinja. Je podpredsednica Mladinskega sveta Slovenije, odgovorna za podro\u010dje mladinskega dela in neformalnega izobra\u017eevanja. Na Socialni akademiji vodi razne dejavnosti mladinskega dela. Ukvarja se s strukturnimi spremembami na trgu dela in njihovim vplivom na mlade iskalce zaposlitve. Usmerja in vodi mladinske pobude, izvaja mednarodne treninge za mlade in razvija raznolike delavnice.<br \/> \tPape\u017e Fran\u010di&scaron;ek v apostolski spodbudi Radost ljubezni pravi: &raquo;V&eacute;liko vpra&scaron;anje torej ni, kje se otrok fizi\u010dno nahaja, s kom je v tem trenutku skupaj, ampak kje se nahaja v eksistencialnem smislu, kje stoji v smislu svojih pogledov, svojih ciljev, svojih \u017eelja in svojih \u017eivljenjskih na\u010drtov.&laquo;<br \/> \tVzgoja v dru\u017eini prej naleti na pomembna vpra&scaron;anja kot na primer: Kje so meje? Do kod mladim nuditi varnost in kako jih spodbuditi, da iz varnega dru\u017einskega gnezda poletijo v samostojnost? Na ta in podobna vpra&scaron;anja sta gosta ve\u010dera odgovarjala v svojih prispevkih in v razpravi z ob\u010dinstvom.<br \/> \tAle&scaron; \u010cerin je v svojem predavanju poudaril, da je o\u010de tisti, ki otroke v dru\u017eini pripravi na \u017eivljenjske viharje, medtem ko mati predvsem nudi varnost in za&scaron;\u010dito. Otrok bo po njegovem mnenju najbolje vzgajan, \u010de bo videl svojega o\u010deta in mater na delu, ko bosta garala v svojem odnosu in otrokom dajala zgled. Prepri\u010dan je tudi, da morajo star&scaron;i otroke pustiti, da padejo in se sami poberejo, ne da vse naredijo namesto njih. U\u010denje iz padcev in napak je namre\u010d dobra lekcija v \u017eivljenju. Ale&scaron;u \u010cerinu se zdi pomembno, da otrokom omogo\u010dimo izku&scaron;njo dela in napora ter da jim omogo\u010dimo hrepenenje. Le-tega pa ne more biti, \u010de otroke kar naprej zasuvamo z raznimi darili. Star&scaron;i naj otrokom omogo\u010dijo tudi, da prevzamejo odgovornost za svoje odlo\u010ditve in dejanja, ne pa da na primer matere hodijo vpisovat svoje otroke na fakultete in se pogovarjat s profesorji na govorilnih urah.<br \/> \tNe\u017ea Repan&scaron;ek je izpostavila, da se meja mladosti v zahodnem svetu zvi&scaron;uje. Tako na primer v nekaterih dr\u017eavah med mlade &scaron;tejejo osebe, stare do 35 let. V ve\u010d evropskih dr\u017eavah je prisoten tudi pojav, da otroci bivajo pri svojih star&scaron;ih &scaron;e dolgo v svoja 30. leta. Slovenija je v tem pogledu pri vrhu na lestvici dr\u017eav. Zaradi razli\u010dnih razlogov se dogaja, da mnogi iz mladosti preidejo v nekak&scaron;no polodraslost in v re&scaron;itve &raquo;nekje vmes&laquo;. Po mnenju Ne\u017ee Repan&scaron;ek lahko poleg o\u010deta in matere pri vzgoji otrok in na poti k samostojnosti pomagajo tudi bratje in sestre. Pomembno se ji tudi zdi, da star&scaron;i poka\u017eejo, da zaupajo svojim otrokom.<br \/> \tGosta ve\u010dera sta v drugem delu odgovarjala na &scaron;tevilna vpra&scaron;anja iz ob\u010dinstva.<br \/> \tS svojim glasbenim nastopom na harfi je ve\u010der polep&scaron;ala Lara Hrastnik, povezoval pa ga je Mario Ple&scaron;ej.<\/p>\n<p> \t<em>Mario Ple&scaron;ej, modetator ve\u010dera<\/em><\/p>\n<p> \t&nbsp;<\/p>\n<p> \t<iframe loading=\"lazy\" allowfullscreen=\"\" frameborder=\"0\" height=\"315\" src=\"https:\/\/www.youtube-nocookie.com\/embed\/pZzXHQsQwnQ\" width=\"560\"><\/iframe><\/p>\n<p> \t<iframe loading=\"lazy\" width=\"560\" height=\"315\" src=\"https:\/\/www.youtube-nocookie.com\/embed\/h3NEbEWJn68?list=PL3zMbt1myYpmKuVa4NPC4MCvCXml7eWTU\" frameborder=\"0\" allowfullscreen><\/iframe><\/p>\n<div id='gallery-1' class='gallery galleryid-3090 gallery-columns-3 gallery-size-thumbnail'><figure class='gallery-item'>\n\t\t\t<div class='gallery-icon landscape'>\n\t\t\t\t<a href='http:\/\/unipas.si\/_stara20112018\/wp-content\/uploads\/2016\/11\/20161123_nv_7_01.jpg' title=\"\" data-rl_title=\"\" class=\"rl-gallery-link\" data-rl_caption=\"\" data-rel=\"lightbox-gallery-1\"><img width=\"150\" height=\"150\" src=\"http:\/\/unipas.si\/_stara20112018\/wp-content\/uploads\/2016\/11\/20161123_nv_7_01-150x150.jpg\" class=\"attachment-thumbnail size-thumbnail\" alt=\"\" loading=\"lazy\" \/><\/a>\n\t\t\t<\/div><\/figure><figure class='gallery-item'>\n\t\t\t<div class='gallery-icon landscape'>\n\t\t\t\t<a href='http:\/\/unipas.si\/_stara20112018\/wp-content\/uploads\/2016\/11\/20161123_nv_7_03.jpg' title=\"\" data-rl_title=\"\" class=\"rl-gallery-link\" data-rl_caption=\"\" data-rel=\"lightbox-gallery-1\"><img width=\"150\" height=\"150\" src=\"http:\/\/unipas.si\/_stara20112018\/wp-content\/uploads\/2016\/11\/20161123_nv_7_03-150x150.jpg\" class=\"attachment-thumbnail size-thumbnail\" alt=\"\" loading=\"lazy\" \/><\/a>\n\t\t\t<\/div><\/figure><figure class='gallery-item'>\n\t\t\t<div class='gallery-icon portrait'>\n\t\t\t\t<a href='http:\/\/unipas.si\/_stara20112018\/wp-content\/uploads\/2016\/11\/20161123_nv_7_04.jpg' title=\"\" data-rl_title=\"\" class=\"rl-gallery-link\" data-rl_caption=\"\" data-rel=\"lightbox-gallery-1\"><img width=\"150\" height=\"150\" src=\"http:\/\/unipas.si\/_stara20112018\/wp-content\/uploads\/2016\/11\/20161123_nv_7_04-150x150.jpg\" class=\"attachment-thumbnail size-thumbnail\" alt=\"\" loading=\"lazy\" \/><\/a>\n\t\t\t<\/div><\/figure><figure class='gallery-item'>\n\t\t\t<div class='gallery-icon landscape'>\n\t\t\t\t<a href='http:\/\/unipas.si\/_stara20112018\/wp-content\/uploads\/2016\/11\/20161123_nv_7_05.jpg' title=\"\" data-rl_title=\"\" class=\"rl-gallery-link\" data-rl_caption=\"\" data-rel=\"lightbox-gallery-1\"><img width=\"150\" height=\"150\" src=\"http:\/\/unipas.si\/_stara20112018\/wp-content\/uploads\/2016\/11\/20161123_nv_7_05-150x150.jpg\" class=\"attachment-thumbnail size-thumbnail\" alt=\"\" loading=\"lazy\" \/><\/a>\n\t\t\t<\/div><\/figure><figure class='gallery-item'>\n\t\t\t<div class='gallery-icon landscape'>\n\t\t\t\t<a href='http:\/\/unipas.si\/_stara20112018\/wp-content\/uploads\/2016\/11\/20161123_nv_7_06.jpg' title=\"\" data-rl_title=\"\" class=\"rl-gallery-link\" data-rl_caption=\"\" data-rel=\"lightbox-gallery-1\"><img width=\"150\" height=\"150\" src=\"http:\/\/unipas.si\/_stara20112018\/wp-content\/uploads\/2016\/11\/20161123_nv_7_06-150x150.jpg\" class=\"attachment-thumbnail size-thumbnail\" alt=\"\" loading=\"lazy\" \/><\/a>\n\t\t\t<\/div><\/figure><figure class='gallery-item'>\n\t\t\t<div class='gallery-icon landscape'>\n\t\t\t\t<a href='http:\/\/unipas.si\/_stara20112018\/wp-content\/uploads\/2016\/11\/20161123_nv_7_07.jpg' title=\"\" data-rl_title=\"\" class=\"rl-gallery-link\" data-rl_caption=\"\" data-rel=\"lightbox-gallery-1\"><img width=\"150\" height=\"150\" src=\"http:\/\/unipas.si\/_stara20112018\/wp-content\/uploads\/2016\/11\/20161123_nv_7_07-150x150.jpg\" class=\"attachment-thumbnail size-thumbnail\" alt=\"\" loading=\"lazy\" \/><\/a>\n\t\t\t<\/div><\/figure><figure class='gallery-item'>\n\t\t\t<div class='gallery-icon landscape'>\n\t\t\t\t<a href='http:\/\/unipas.si\/_stara20112018\/wp-content\/uploads\/2016\/11\/20161123_nv_7_08.jpg' title=\"\" data-rl_title=\"\" class=\"rl-gallery-link\" data-rl_caption=\"\" data-rel=\"lightbox-gallery-1\"><img width=\"150\" height=\"150\" src=\"http:\/\/unipas.si\/_stara20112018\/wp-content\/uploads\/2016\/11\/20161123_nv_7_08-150x150.jpg\" class=\"attachment-thumbnail size-thumbnail\" alt=\"\" loading=\"lazy\" \/><\/a>\n\t\t\t<\/div><\/figure><figure class='gallery-item'>\n\t\t\t<div class='gallery-icon landscape'>\n\t\t\t\t<a href='http:\/\/unipas.si\/_stara20112018\/wp-content\/uploads\/2016\/11\/20161123_nv_7_11.jpg' title=\"\" data-rl_title=\"\" class=\"rl-gallery-link\" data-rl_caption=\"\" data-rel=\"lightbox-gallery-1\"><img width=\"150\" height=\"150\" src=\"http:\/\/unipas.si\/_stara20112018\/wp-content\/uploads\/2016\/11\/20161123_nv_7_11-150x150.jpg\" class=\"attachment-thumbnail size-thumbnail\" alt=\"\" loading=\"lazy\" \/><\/a>\n\t\t\t<\/div><\/figure>\n\t\t<\/div>\n\n","protected":false},"excerpt":{"rendered":"<p>Ale&scaron; \u010cerin Ne\u017ea Repan&scaron;ek Na predzadnjem sre\u010danju v okviru leto&scaron;njih jubilejnih Nikodemovih ve\u010derov sta s svojimi prispevki nastopila Ale&scaron; \u010cerin in Ne\u017ea Repan&scaron;ek, ki sta spregovorila o vzgoji otrok in&hellip; <\/p>\n","protected":false},"author":2,"featured_media":0,"comment_status":"closed","ping_status":"closed","sticky":false,"template":"","format":"standard","meta":{"_monsterinsights_skip_tracking":false,"_monsterinsights_sitenote_active":false,"_monsterinsights_sitenote_note":"","_monsterinsights_sitenote_category":0,"ngg_post_thumbnail":0},"categories":[65],"tags":[],"_links":{"self":[{"href":"http:\/\/unipas.si\/_stara20112018\/wp-json\/wp\/v2\/posts\/3090"}],"collection":[{"href":"http:\/\/unipas.si\/_stara20112018\/wp-json\/wp\/v2\/posts"}],"about":[{"href":"http:\/\/unipas.si\/_stara20112018\/wp-json\/wp\/v2\/types\/post"}],"author":[{"embeddable":true,"href":"http:\/\/unipas.si\/_stara20112018\/wp-json\/wp\/v2\/users\/2"}],"replies":[{"embeddable":true,"href":"http:\/\/unipas.si\/_stara20112018\/wp-json\/wp\/v2\/comments?post=3090"}],"version-history":[{"count":0,"href":"http:\/\/unipas.si\/_stara20112018\/wp-json\/wp\/v2\/posts\/3090\/revisions"}],"wp:attachment":[{"href":"http:\/\/unipas.si\/_stara20112018\/wp-json\/wp\/v2\/media?parent=3090"}],"wp:term":[{"taxonomy":"category","embeddable":true,"href":"http:\/\/unipas.si\/_stara20112018\/wp-json\/wp\/v2\/categories?post=3090"},{"taxonomy":"post_tag","embeddable":true,"href":"http:\/\/unipas.si\/_stara20112018\/wp-json\/wp\/v2\/tags?post=3090"}],"curies":[{"name":"wp","href":"https:\/\/api.w.org\/{rel}","templated":true}]}}