{"id":2856,"date":"2015-11-26T11:00:57","date_gmt":"2015-11-26T10:00:57","guid":{"rendered":"http:\/\/unipas.si\/wp\/2015\/11\/26\/7-vecer-po-sinodi-o-druzini\/"},"modified":"2015-11-26T11:00:57","modified_gmt":"2015-11-26T10:00:57","slug":"7-vecer-po-sinodi-o-druzini","status":"publish","type":"post","link":"http:\/\/unipas.si\/_stara20112018\/7-vecer-po-sinodi-o-druzini\/","title":{"rendered":"7. ve\u010der: PO SINODI O DRU\u017dINI"},"content":{"rendered":"<p> \t<strong>Sreda, 25. 11. <\/strong><\/p>\n<p> \t<em>Gostje: <\/em><a href=\"http:\/\/www.unipas.si\/nikodemovi-veceri\/nikodemovi-veceri-2015\/1166-predstavitev-gostov\">p. mag. Branko Cestnik<\/a>, <a href=\"http:\/\/www.unipas.si\/nikodemovi-veceri\/nikodemovi-veceri-2015\/1166-predstavitev-gostov\">dr. Ivo Ker\u017ee<\/a>, <a href=\"http:\/\/www.unipas.si\/nikodemovi-veceri\/nikodemovi-veceri-2015\/1166-predstavitev-gostov\">Dani Siter<\/a>, <a href=\"http:\/\/www.unipas.si\/nikodemovi-veceri\/nikodemovi-veceri-2015\/1166-predstavitev-gostov\">dr. Andrej Saje<\/a> <em>Moderator: <\/em>mag. Helena Jaklitsch<\/p>\n<p> \t&raquo;Nekateri med vami \u010dutijo ali bodo \u010dutili Gospodov klic v zakon, da oblikujejo dru\u017eino. Danes mnogi mislijo, da ta klic ni v modi, toda to ni res! Prav zato celotna cerkvena skupnost \u017eivi posebno obdobje premi&scaron;ljevanja o klicu in poslanstvu dru\u017eine v Cerkvi in sedanjem svetu.&laquo; (Pape\u017e Fran\u010di&scaron;ek, <em>Poslanica za XXX. svetovni dan mladih<\/em>)<br \/> \tKar dve zaporedni zasedanji sinode &scaron;kofov kot osrednjo temo obravnavata dru\u017eino. \u017de s &scaron;iroko zastavljenimi pripravami je sinodalno dogajanje spro\u017eilo val zanimanja tako med vernimi kot neverujo\u010dimi. So na obzorju spremembe nauka ali le pastoralnih praks? Kateri so glavni izzivi in napetosti, s katerimi se soo\u010da sinoda in kak&scaron;ne smernice prina&scaron;a za prihodnost? Z gosti se bomo pogovarjali o sinodalnem dogajanju, ki bo vrhunec doseglo na zasedanju 4. in 25. 10. 2015 v Rimu. Kak&scaron;ne posledice prina&scaron;a zasedanje za Cerkev in dru\u017ebo v Sloveniji?<\/p>\n<p>   <!--more-->  <\/p>\n<p> \tGlasbeno molitveni uvod<br \/> \t<span apicloud-idmediaitem=\"5631215\" apicloud-role=\"contentMakerMediaElement\" style=\"display: inline-block;\"> \t<audio class=\"video-js vjs-default-skin vjs-big-play-button-centered\" controls=\"\" height=\"50\" id=\"audioItem_5631215\" preload=\"none\" width=\"245\"><source src=\"http:\/\/media02.radiovaticana.va\/audio\/audio2\/mp3\/00504970.mp3\" type=\"audio\/mp3\" \/><\/audio> \t<\/span><br \/> \tUvod v predavanja<br \/> \t<span apicloud-idmediaitem=\"5631276\" apicloud-role=\"contentMakerMediaElement\" style=\"display: inline-block;\"> \t<audio class=\"video-js vjs-default-skin vjs-big-play-button-centered\" controls=\"\" height=\"50\" id=\"audioItem_5631276\" preload=\"none\" width=\"245\"><source src=\"http:\/\/media02.radiovaticana.va\/audio\/audio2\/mp3\/00504971.mp3\" type=\"audio\/mp3\" \/><\/audio> \t<\/span><br \/> \tMag. Branko Cestnik<br \/> \t<span apicloud-idmediaitem=\"5631275\" apicloud-role=\"contentMakerMediaElement\" style=\"display: inline-block;\"> \t<audio class=\"video-js vjs-default-skin vjs-big-play-button-centered\" controls=\"\" height=\"50\" id=\"audioItem_5631275\" preload=\"none\" width=\"245\"><source src=\"http:\/\/media02.radiovaticana.va\/audio\/audio2\/mp3\/00504972.mp3\" type=\"audio\/mp3\" \/><\/audio> \t<\/span><br \/> \tIvo Ker\u017ee<br \/> \t<span apicloud-idmediaitem=\"5631277\" apicloud-role=\"contentMakerMediaElement\" style=\"display: inline-block;\"> \t<audio class=\"video-js vjs-default-skin vjs-big-play-button-centered\" controls=\"\" height=\"50\" id=\"audioItem_5631277\" preload=\"none\" width=\"245\"><source src=\"http:\/\/media02.radiovaticana.va\/audio\/audio2\/mp3\/00504973.mp3\" type=\"audio\/mp3\" \/><\/audio> \t<\/span><br \/> \tdr. Andrej Saje<br \/> \t<span apicloud-idmediaitem=\"5631294\" apicloud-role=\"contentMakerMediaElement\" style=\"display: inline-block;\"> \t<audio class=\"video-js vjs-default-skin vjs-big-play-button-centered\" controls=\"\" height=\"50\" id=\"audioItem_5631294\" preload=\"none\" width=\"245\"><source src=\"http:\/\/media02.radiovaticana.va\/audio\/audio2\/mp3\/00504974.mp3\" type=\"audio\/mp3\" \/><\/audio> \t<\/span><br \/> \tDani Siter<br \/> \t<span apicloud-idmediaitem=\"5631293\" apicloud-role=\"contentMakerMediaElement\" style=\"display: inline-block;\"> \t<audio class=\"video-js vjs-default-skin vjs-big-play-button-centered\" controls=\"\" height=\"50\" id=\"audioItem_5631293\" preload=\"none\" width=\"245\"><source src=\"http:\/\/media02.radiovaticana.va\/audio\/audio2\/mp3\/00504975.mp3\" type=\"audio\/mp3\" \/><\/audio> \t<\/span><br \/> \tPogovor<br \/> \t<span apicloud-idmediaitem=\"5631429\" apicloud-role=\"contentMakerMediaElement\" style=\"display: inline-block;\"> \t<audio class=\"video-js vjs-default-skin vjs-big-play-button-centered\" controls=\"\" height=\"50\" id=\"audioItem_5631429\" preload=\"none\" width=\"245\"><source src=\"http:\/\/media02.radiovaticana.va\/audio\/audio2\/mp3\/00504983.mp3\" type=\"audio\/mp3\" \/><\/audio> \t<\/span><\/p>\n<p> \t<iframe loading=\"lazy\" allowfullscreen=\"\" frameborder=\"0\" height=\"315\" src=\"https:\/\/www.youtube-nocookie.com\/embed\/sAOm-OnwWns\" width=\"560\"><\/iframe><\/p>\n<div id='gallery-1' class='gallery galleryid-2856 gallery-columns-3 gallery-size-thumbnail'><figure class='gallery-item'>\n\t\t\t<div class='gallery-icon landscape'>\n\t\t\t\t<a href='http:\/\/unipas.si\/_stara20112018\/wp-content\/uploads\/2015\/11\/20151125_NV_DRUINA_ 01.JPG' title=\"\" data-rl_title=\"\" class=\"rl-gallery-link\" data-rl_caption=\"\" data-rel=\"lightbox-gallery-1\"><img width=\"150\" height=\"150\" src=\"http:\/\/unipas.si\/_stara20112018\/wp-content\/uploads\/2015\/11\/20151125_NV_DRUINA_ 01-150x150.jpg\" class=\"attachment-thumbnail size-thumbnail\" alt=\"\" loading=\"lazy\" \/><\/a>\n\t\t\t<\/div><\/figure><figure class='gallery-item'>\n\t\t\t<div class='gallery-icon landscape'>\n\t\t\t\t<a href='http:\/\/unipas.si\/_stara20112018\/wp-content\/uploads\/2015\/11\/20151125_NV_DRUINA_ 04.JPG' title=\"\" data-rl_title=\"\" class=\"rl-gallery-link\" data-rl_caption=\"\" data-rel=\"lightbox-gallery-1\"><img width=\"150\" height=\"150\" src=\"http:\/\/unipas.si\/_stara20112018\/wp-content\/uploads\/2015\/11\/20151125_NV_DRUINA_ 04-150x150.jpg\" class=\"attachment-thumbnail size-thumbnail\" alt=\"\" loading=\"lazy\" \/><\/a>\n\t\t\t<\/div><\/figure><figure class='gallery-item'>\n\t\t\t<div class='gallery-icon landscape'>\n\t\t\t\t<a href='http:\/\/unipas.si\/_stara20112018\/wp-content\/uploads\/2015\/11\/20151125_NV_DRUINA_ 05.JPG' title=\"\" data-rl_title=\"\" class=\"rl-gallery-link\" data-rl_caption=\"\" data-rel=\"lightbox-gallery-1\"><img width=\"150\" height=\"150\" src=\"http:\/\/unipas.si\/_stara20112018\/wp-content\/uploads\/2015\/11\/20151125_NV_DRUINA_ 05-150x150.jpg\" class=\"attachment-thumbnail size-thumbnail\" alt=\"\" loading=\"lazy\" \/><\/a>\n\t\t\t<\/div><\/figure><figure class='gallery-item'>\n\t\t\t<div class='gallery-icon landscape'>\n\t\t\t\t<a href='http:\/\/unipas.si\/_stara20112018\/wp-content\/uploads\/2015\/11\/20151125_NV_DRUINA_ 06.JPG' title=\"\" data-rl_title=\"\" class=\"rl-gallery-link\" data-rl_caption=\"\" data-rel=\"lightbox-gallery-1\"><img width=\"150\" height=\"150\" src=\"http:\/\/unipas.si\/_stara20112018\/wp-content\/uploads\/2015\/11\/20151125_NV_DRUINA_ 06-150x150.jpg\" class=\"attachment-thumbnail size-thumbnail\" alt=\"\" loading=\"lazy\" \/><\/a>\n\t\t\t<\/div><\/figure><figure class='gallery-item'>\n\t\t\t<div class='gallery-icon landscape'>\n\t\t\t\t<a href='http:\/\/unipas.si\/_stara20112018\/wp-content\/uploads\/2015\/11\/20151125_NV_DRUINA_ 08.JPG' title=\"\" data-rl_title=\"\" class=\"rl-gallery-link\" data-rl_caption=\"\" data-rel=\"lightbox-gallery-1\"><img width=\"150\" height=\"150\" src=\"http:\/\/unipas.si\/_stara20112018\/wp-content\/uploads\/2015\/11\/20151125_NV_DRUINA_ 08-150x150.jpg\" class=\"attachment-thumbnail size-thumbnail\" alt=\"\" loading=\"lazy\" \/><\/a>\n\t\t\t<\/div><\/figure><figure class='gallery-item'>\n\t\t\t<div class='gallery-icon landscape'>\n\t\t\t\t<a href='http:\/\/unipas.si\/_stara20112018\/wp-content\/uploads\/2015\/11\/20151125_NV_DRUINA_ 10.JPG' title=\"\" data-rl_title=\"\" class=\"rl-gallery-link\" data-rl_caption=\"\" data-rel=\"lightbox-gallery-1\"><img width=\"150\" height=\"150\" src=\"http:\/\/unipas.si\/_stara20112018\/wp-content\/uploads\/2015\/11\/20151125_NV_DRUINA_ 10-150x150.jpg\" class=\"attachment-thumbnail size-thumbnail\" alt=\"\" loading=\"lazy\" \/><\/a>\n\t\t\t<\/div><\/figure><figure class='gallery-item'>\n\t\t\t<div class='gallery-icon landscape'>\n\t\t\t\t<a href='http:\/\/unipas.si\/_stara20112018\/wp-content\/uploads\/2015\/11\/20151125_NV_DRUINA_ 12.JPG' title=\"\" data-rl_title=\"\" class=\"rl-gallery-link\" data-rl_caption=\"\" data-rel=\"lightbox-gallery-1\"><img width=\"150\" height=\"150\" src=\"http:\/\/unipas.si\/_stara20112018\/wp-content\/uploads\/2015\/11\/20151125_NV_DRUINA_ 12-150x150.jpg\" class=\"attachment-thumbnail size-thumbnail\" alt=\"\" loading=\"lazy\" \/><\/a>\n\t\t\t<\/div><\/figure><figure class='gallery-item'>\n\t\t\t<div class='gallery-icon landscape'>\n\t\t\t\t<a href='http:\/\/unipas.si\/_stara20112018\/wp-content\/uploads\/2015\/11\/20151125_NV_DRUINA_ 13.JPG' title=\"\" data-rl_title=\"\" class=\"rl-gallery-link\" data-rl_caption=\"\" data-rel=\"lightbox-gallery-1\"><img width=\"150\" height=\"150\" src=\"http:\/\/unipas.si\/_stara20112018\/wp-content\/uploads\/2015\/11\/20151125_NV_DRUINA_ 13-150x150.jpg\" class=\"attachment-thumbnail size-thumbnail\" alt=\"\" loading=\"lazy\" \/><\/a>\n\t\t\t<\/div><\/figure><figure class='gallery-item'>\n\t\t\t<div class='gallery-icon landscape'>\n\t\t\t\t<a href='http:\/\/unipas.si\/_stara20112018\/wp-content\/uploads\/2015\/11\/20151125_NV_DRUINA_ 14.JPG' title=\"\" data-rl_title=\"\" class=\"rl-gallery-link\" data-rl_caption=\"\" data-rel=\"lightbox-gallery-1\"><img width=\"150\" height=\"150\" src=\"http:\/\/unipas.si\/_stara20112018\/wp-content\/uploads\/2015\/11\/20151125_NV_DRUINA_ 14-150x150.jpg\" class=\"attachment-thumbnail size-thumbnail\" alt=\"\" loading=\"lazy\" \/><\/a>\n\t\t\t<\/div><\/figure>\n\t\t<\/div>\n\n","protected":false},"excerpt":{"rendered":"<p>Sreda, 25. 11. Gostje: p. mag. Branko Cestnik, dr. Ivo Ker\u017ee, Dani Siter, dr. Andrej Saje Moderator: mag. Helena Jaklitsch &raquo;Nekateri med vami \u010dutijo ali bodo \u010dutili Gospodov klic v&hellip; <\/p>\n","protected":false},"author":1,"featured_media":0,"comment_status":"closed","ping_status":"closed","sticky":false,"template":"","format":"standard","meta":{"_monsterinsights_skip_tracking":false,"_monsterinsights_sitenote_active":false,"_monsterinsights_sitenote_note":"","_monsterinsights_sitenote_category":0,"ngg_post_thumbnail":0},"categories":[58],"tags":[],"_links":{"self":[{"href":"http:\/\/unipas.si\/_stara20112018\/wp-json\/wp\/v2\/posts\/2856"}],"collection":[{"href":"http:\/\/unipas.si\/_stara20112018\/wp-json\/wp\/v2\/posts"}],"about":[{"href":"http:\/\/unipas.si\/_stara20112018\/wp-json\/wp\/v2\/types\/post"}],"author":[{"embeddable":true,"href":"http:\/\/unipas.si\/_stara20112018\/wp-json\/wp\/v2\/users\/1"}],"replies":[{"embeddable":true,"href":"http:\/\/unipas.si\/_stara20112018\/wp-json\/wp\/v2\/comments?post=2856"}],"version-history":[{"count":0,"href":"http:\/\/unipas.si\/_stara20112018\/wp-json\/wp\/v2\/posts\/2856\/revisions"}],"wp:attachment":[{"href":"http:\/\/unipas.si\/_stara20112018\/wp-json\/wp\/v2\/media?parent=2856"}],"wp:term":[{"taxonomy":"category","embeddable":true,"href":"http:\/\/unipas.si\/_stara20112018\/wp-json\/wp\/v2\/categories?post=2856"},{"taxonomy":"post_tag","embeddable":true,"href":"http:\/\/unipas.si\/_stara20112018\/wp-json\/wp\/v2\/tags?post=2856"}],"curies":[{"name":"wp","href":"https:\/\/api.w.org\/{rel}","templated":true}]}}