{"id":2767,"date":"2015-11-12T10:46:37","date_gmt":"2015-11-12T09:46:37","guid":{"rendered":"http:\/\/unipas.si\/wp\/2015\/11\/12\/nikodemovi-veceri-2015-2\/"},"modified":"2018-08-31T18:18:46","modified_gmt":"2018-08-31T16:18:46","slug":"nikodemovi-veceri-2015-2","status":"publish","type":"post","link":"http:\/\/unipas.si\/_stara20112018\/nikodemovi-veceri-2015-2\/","title":{"rendered":"Nikodemovi ve\u010deri 2015"},"content":{"rendered":"<p style=\"text-align: right;\"> \t&nbsp;<\/p>\n<p> \t<img loading=\"lazy\" class=\" alignright size-full wp-image-2758\" alt=\"Nikodemovi veceri 2015 2\" height=\"79\" src=\"http:\/\/unipas.si-content\/uploads\/2015\/11\/Nikodemovi_veceri_2015_2.jpg\" style=\"float: right;\" width=\"150\" srcset=\"http:\/\/unipas.si\/_stara20112018\/wp-content\/uploads\/2015\/11\/Nikodemovi_veceri_2015_2.jpg 1024w, http:\/\/unipas.si\/_stara20112018\/wp-content\/uploads\/2015\/11\/Nikodemovi_veceri_2015_2-300x158.jpg 300w, http:\/\/unipas.si\/_stara20112018\/wp-content\/uploads\/2015\/11\/Nikodemovi_veceri_2015_2-768x404.jpg 768w\" sizes=\"(max-width: 150px) 100vw, 150px\" \/><\/p>\n<p> \t&nbsp;<\/p>\n<p> \t&nbsp;<\/p>\n<p> \tNikodemovi ve\u010deri 2015<br \/> \t<a href=\"http:\/\/unipas.si\/2015\/10\/05\/kaksno-je-tvoje-srce\/\"><strong><span style=\"font-size: 12pt;\">KAK&Scaron;NO JE TVOJE SRCE?<\/span><\/strong><\/a><\/p>\n<p> \t&raquo;Bog je polo\u017eil v srce vsakega mo&scaron;kega in vsake \u017eenske neustavljivo hrepenenje po sre\u010di, po polnosti.&laquo; (Pape\u017e Fran\u010di&scaron;ek)<\/p>\n<p> \t49. Nikodemovi ve\u010deri bodo potekali od 16. do 26. novembra 2015 ob 19.30 na Teolo&scaron;ki fakulteti v Ljubljani. &nbsp;<br \/> \tBlagor vsakogar izziva k spra&scaron;evanju o njegovem srcu ter k osebnemu spreobrnjenju na razli\u010dnih podro\u010djih. Le s \u010distim srcem bomo lahko sprejemali prave, trdne in temeljne odlo\u010ditve ter se postopoma pribli\u017eevali vedno ve\u010djemu dobremu.<br \/> \t&nbsp;<br \/> \tNASLOVI VE\u010cEROV IN GOSTI:<\/p>\n<p> \tPonedeljek, 16. 11. 2015<br \/> \t<a href=\"http:\/\/unipas.si\/2015\/11\/17\/1-vecer-blagor-cistim-v-srcu\/\">BLAGOR \u010cISTIM V SRCU<\/a><br \/> \tAlenka Rebula<\/p>\n<p> \tTorek, 17. 11. 2015<br \/> \t<a href=\"http:\/\/unipas.si\/2015\/11\/18\/2-vecer-ekologija-odnosov\/\">EKOLOGIJA ODNOSOV<\/a><br \/> \tdr. Toma\u017e Erzar<\/p>\n<p> \tSreda, 18. 11. 2015<br \/> \t<a href=\"http:\/\/www.unipas.si\/nikodemovi-veceri\/nikodemovi-veceri-2015\/1192-3-vecer-leno-in-otrplo-srce\">LENO IN OTRPLO SRCE<\/a><br \/> \tSimon Potnik<br \/> \tAle&scaron; \u010cerin<br \/> \tMetka Zevnik<br \/> \tPri\u010devanja<\/p>\n<p> \t\u010cetrtek, 19. 11. 2015<br \/> \t<a href=\"http:\/\/www.unipas.si\/nikodemovi-veceri\/nikodemovi-veceri-2015\/1193-4-vecer-mladi-in-maske\">MLADI IN MASKE<\/a><br \/> \tAlek Zwitter<br \/> \tSebastjan Jereti\u010d<br \/> \tAndreja Poljanec<br \/> \tOkrogla miza<\/p>\n<p> \tPonedeljek, 23. 11. 2015<br \/> \t<a href=\"http:\/\/www.unipas.si\/nikodemovi-veceri\/nikodemovi-veceri-2015\/1202-5-vecer-splav-in-potem\">SPLAV IN POTEM?!<\/a><br \/> \tBernardette Goulding<\/p>\n<p> \tTorek, 24. 11. 2015<br \/> \t<a href=\"http:\/\/unipas.si\/2015\/11\/25\/6-vecer-celibat-je-sploh-mozno\/\">CELIBAT &#8211; JE SPLOH MO\u017dNO?<\/a><br \/> \ts. Mateja Kra&scaron;evec<br \/> \tbr. Luka Modic<br \/> \tMatev\u017e Mehle<br \/> \tPri\u010devanja<\/p>\n<p> \tSreda, 25. 11. 2015<br \/> \t<a href=\"http:\/\/www.unipas.si\/nikodemovi-veceri\/nikodemovi-veceri-2015\/1206-7-vecer-po-sinodi-o-druzini\">PO SINODI O DRU\u017dINI<\/a><br \/> \tp. mag. Branko Cestnik<br \/> \tdr. Ivo Ker\u017ee<br \/> \tDani Siter<br \/> \tdr. Andrej Saje<br \/> \tOkrogla miza<\/p>\n<p> \t<a href=\"http:\/\/www.unipas.si\/nikodemovi-veceri\/nikodemovi-veceri-2015\/1198-pozor-nov-datum-nikodemovega-vecera\">\u010cetrtek, 3. 12. 2015 <\/a><a href=\"http:\/\/www.unipas.si\/nikodemovi-veceri\/nikodemovi-veceri-2015\/1198-pozor-nov-datum-nikodemovega-vecera\"><strong><span style=\"color:#FF0000;\">(Nov datum!)<\/span><\/strong><\/a><br \/> \tKAKO SE JE VSE SKUPAJ ZA\u010cELO?<br \/> \tDamir Stoji\u0107<\/p>\n<p> \tVe\u010d informacij o ve\u010derih na <a href=\"http:\/\/www.unipas.si\">http:\/\/www.unipas.si<\/a> in po el. po&scaron;ti: <a href=\"mailto:info@unipas.si.\">info@unipas.si.<\/a><\/p>\n<p> \t&nbsp;<\/p>\n<p> \t&nbsp;<\/p>\n","protected":false},"excerpt":{"rendered":"<p>&nbsp; &nbsp; &nbsp; Nikodemovi ve\u010deri 2015 KAK&Scaron;NO JE TVOJE SRCE? &raquo;Bog je polo\u017eil v srce vsakega mo&scaron;kega in vsake \u017eenske neustavljivo hrepenenje po sre\u010di, po polnosti.&laquo; (Pape\u017e Fran\u010di&scaron;ek) 49. Nikodemovi&hellip; <\/p>\n","protected":false},"author":1,"featured_media":2758,"comment_status":"closed","ping_status":"closed","sticky":false,"template":"","format":"standard","meta":{"_monsterinsights_skip_tracking":false,"_monsterinsights_sitenote_active":false,"_monsterinsights_sitenote_note":"","_monsterinsights_sitenote_category":0,"ngg_post_thumbnail":0},"categories":[58],"tags":[],"_links":{"self":[{"href":"http:\/\/unipas.si\/_stara20112018\/wp-json\/wp\/v2\/posts\/2767"}],"collection":[{"href":"http:\/\/unipas.si\/_stara20112018\/wp-json\/wp\/v2\/posts"}],"about":[{"href":"http:\/\/unipas.si\/_stara20112018\/wp-json\/wp\/v2\/types\/post"}],"author":[{"embeddable":true,"href":"http:\/\/unipas.si\/_stara20112018\/wp-json\/wp\/v2\/users\/1"}],"replies":[{"embeddable":true,"href":"http:\/\/unipas.si\/_stara20112018\/wp-json\/wp\/v2\/comments?post=2767"}],"version-history":[{"count":0,"href":"http:\/\/unipas.si\/_stara20112018\/wp-json\/wp\/v2\/posts\/2767\/revisions"}],"wp:featuredmedia":[{"embeddable":true,"href":"http:\/\/unipas.si\/_stara20112018\/wp-json\/wp\/v2\/media\/2758"}],"wp:attachment":[{"href":"http:\/\/unipas.si\/_stara20112018\/wp-json\/wp\/v2\/media?parent=2767"}],"wp:term":[{"taxonomy":"category","embeddable":true,"href":"http:\/\/unipas.si\/_stara20112018\/wp-json\/wp\/v2\/categories?post=2767"},{"taxonomy":"post_tag","embeddable":true,"href":"http:\/\/unipas.si\/_stara20112018\/wp-json\/wp\/v2\/tags?post=2767"}],"curies":[{"name":"wp","href":"https:\/\/api.w.org\/{rel}","templated":true}]}}