{"id":2742,"date":"2015-11-02T11:32:48","date_gmt":"2015-11-02T10:32:48","guid":{"rendered":"http:\/\/unipas.si\/wp\/2015\/11\/02\/predstavitev-gostov\/"},"modified":"2015-11-02T11:32:48","modified_gmt":"2015-11-02T10:32:48","slug":"predstavitev-gostov","status":"publish","type":"post","link":"http:\/\/unipas.si\/_stara20112018\/predstavitev-gostov\/","title":{"rendered":"Kak\u0161no je tvoje srce? \u2013 Predstavitev gostov"},"content":{"rendered":"<p><strong>PREDSTAVITEV GOSTOV<\/strong><\/p>\n<p>  <!--more-->  <\/p>\n<table style=\"width: 675px;\" border=\"1\" cellspacing=\"10\" cellpadding=\"10\">\n<tbody>\n<tr>\n<td style=\"text-align: center; vertical-align: middle; width: 252px; height: 230px;\"><img style=\"width: 147px; height: 200px;\" src=\"http:\/\/www.alenkarebula.com\/alenkadrupal\/sites\/default\/files\/thumb.portret.jpg\" alt=\"\" \/><\/td>\n<td style=\"vertical-align: middle; width: 398px;\"><strong><a id=\"rebula\" name=\"rebula\"><\/a>Alenka Rebula <\/strong>je slovenska pesnica, pisateljica in strokovnjakinja na podro\u010dju psihologije. Diplomirala je iz filozofije, psiholo\u0161ka smer. Je poro\u010dena in ima tri odrasle otroke. \u017de vrsto let pou\u010duje na slovenskem liceju Slom\u0161ek v Trstu. Ukvarja se z esejistiko, literaturo, predavanji in delavnicami. O samovzgoji pravi:&nbsp;\u00bbKlju\u010dno vpra\u0161anje kulture je po mojem mnenju ozave\u0161\u010denje odnosa do otro\u0161tva, iz katerega raste osebna in skupna usoda. Samovzgoja odraslih pa je bistvenega pomena za civilizacijski premik od kulture duhovnega pomanjkanja in nasilja do kulture miru in duhovnega blagostanja.\u00ab<\/td>\n<\/tr>\n<tr>\n<td style=\"text-align: center; vertical-align: middle; width: 252px;\"><strong><a id=\"erzar\" name=\"erzar\"><\/a><\/strong><img style=\"height: 157px; width: 230px;\" src=\"http:\/\/www.pogledi.si\/sites\/pogledi.si\/files\/styles\/foto_odstavek\/public\/erzar_0.jpg?itok=WbqrMW8x\" alt=\"\" \/><\/td>\n<td style=\"vertical-align: middle; width: 398px; height: 230px;\"><strong>Toma\u017e Erzar <\/strong>je izredni profesor za zakonsko in dru\u017einsko terapijo na Teolo\u0161ki fakulteti v Ljubljani in terapevt v \u0160tudijsko-raziskovalnem centru za dru\u017eino (\u0160RCD). Poleg terapij vodi delavnice za prepre\u010devanje nasilja, re\u0161evanje konfliktov in obvladovanje jeze. V zadnjem \u010dasu raziskuje posledice povojne travmatizacije v slovenski dru\u017ebi in proces odpu\u0161\u010danja.<\/td>\n<\/tr>\n<tr>\n<td style=\"text-align: center; vertical-align: middle; width: 252px;\"><strong><a id=\"potnik\" name=\"potnik\"><\/a><\/strong> <img style=\"width: 167px; height: 200px;\" src=\"https:\/\/sites.google.com\/site\/domslovenskekonjice\/home\/Simon%20Potnik.JPG\" alt=\"\" \/><\/td>\n<td style=\"vertical-align: middle; width: 398px; height: 230px;\"><strong>Simon Potnik <\/strong>je duhovnik, \u017eupnik v pastoralni zvezi \u017eupnij Slovenj Gradec.<\/td>\n<\/tr>\n<tr>\n<td style=\"text-align: center; vertical-align: middle; width: 252px;\"><strong><a id=\"cerin\" name=\"cerin\"><\/a><\/strong><img style=\"width: 200px; height: 200px;\" src=\"http:\/\/socialniteden.si\/wp-content\/uploads\/Ale%C5%A1-%C4%8Cerin-VP1.jpg\" alt=\"\" \/><\/td>\n<td style=\"vertical-align: middle; width: 398px; height: 230px;\"><strong>Ale\u0161 \u010cerin<\/strong> se opi\u0161e kot mo\u017e, o\u010de, dedek, podjetnik, skavt, predavatelj in bloger, ki se v dru\u017eini, dru\u017ebi in poslu zavzema za <em>&#8220;bolj preproste izbire&#8221;<\/em>.<\/td>\n<\/tr>\n<tr>\n<td style=\"text-align: center; vertical-align: middle; width: 252px;\"><strong><a id=\"zevnik\" name=\"zevnik\"><\/a><\/strong><img style=\"width: 133px; height: 200px;\" src=\"http:\/\/www.bc-naklo.si\/typo3temp\/pics\/9ecf8eb76f.jpg\" alt=\"\" \/><\/td>\n<td style=\"vertical-align: middle; width: 398px; height: 230px;\"><strong>Metka Zevnik <\/strong>je po izobrazbi univerzitetna in\u017eenirka kemijske tehnologije, ki je na svoji profesionalni poti delovala v industriji, pou\u010devala kemijo v srednjem \u0161olstvu in vodila dr\u017eavne institucije na podro\u010dju izobra\u017eevanja. Je predavateljica na vi\u0161ji \u0161oli Biotehni\u0161kega \u0161olskega centra Naklo, sodeluje tudi pri izobra\u017eevanju kadrov za kemijsko industrijo. Je pa tudi prostovoljka &#8211; vodi \u017eupnijsko Karitas in Glas starih star\u0161ev &#8211; Zdru\u017eenje starih star\u0161ev Slovenije, v zadnjem \u010dasu pa je poznana predvsem po svojem udejstvovanju v koaliciji \u00bbZa otroke gre!\u00ab, ki se zavzema za ohranjanje vrednot tradicionalne dru\u017eine.<\/td>\n<\/tr>\n<tr>\n<td style=\"text-align: center; vertical-align: middle; width: 252px;\"><img style=\"width: 150px; height: 195px;\" src=\"http:\/\/www.druzina.si\/ICD\/spletnastran.nsf\/0\/C689EF64D06D299BC1257870002ED4A7\/$FILE\/zwitter.jpg\" alt=\"\" \/><\/td>\n<td style=\"vertical-align: middle; width: 398px; height: 230px;\"><strong><a id=\"zwitter\" name=\"zwitter\"><\/a>Alek Zwitter <\/strong>je od jeseni \u017eupnik \u017eupnije Ljubljana \u2013 Sveti kri\u017e (\u017dale). Kon\u010duje doktorat iz dogmatike v Parizu. \u0160tudiral je v Belgiji, Nem\u010diji in Franciji. Kot bogoslovec je sodeloval v glasbeni zasedbi Mana. Svoja prva kaplanska leta je pre\u017eivel v \u017eupniji Ljubljana-Trnovo. Je pisec ve\u010d \u010dlankov in avtor knjige Sveti Pavel za nepopolne: \u017eivljenje velikega apostola v lu\u010di sodobnih vpra\u0161anj (Ljubljana: Dru\u017eina, 2011). Je duhovnik Skupnosti Emanuel.<\/td>\n<\/tr>\n<tr>\n<td style=\"text-align: center; vertical-align: middle; width: 252px;\"><img style=\"width: 200px; height: 200px;\" src=\"https:\/\/pbs.twimg.com\/profile_images\/2995979600\/d4190c9caeaa2a07cca89406871f505c_400x400.jpeg\" alt=\"\" \/><\/td>\n<td style=\"vertical-align: middle; width: 398px; height: 230px;\"><strong><a id=\"jeretic\" name=\"jeretic\"><\/a>Sebastjan Jereti\u010d <\/strong>je politi\u010dni filozof, ki je javnosti postal znan predvsem z vodenjem volilnih kampanj na lokalni in dr\u017eavni ravni. Je strokovnjak na podro\u010dju marketinga in odnosov z javnostjo. Z \u017eeno in tremi otroci \u017eivi v Kopru, kjer je trenutno tudi zaposlen kot svetovalec \u017eupana za komuniciranje in digitalno agendo.<\/td>\n<\/tr>\n<tr>\n<td style=\"text-align: center; vertical-align: middle; width: 252px;\"><img style=\"height: 153px; width: 230px;\" src=\"http:\/\/www.socialniteden.si\/wp-content\/uploads\/Jezica.jpg\" alt=\"\" \/><\/td>\n<td style=\"vertical-align: middle; width: 398px; height: 230px;\"><strong><a id=\"poljanec\" name=\"poljanec\"><\/a>dr. Andreja Poljanec<\/strong> je specialistka zakonske in dru\u017einske terapije. Njena glavna tema je razvoj so\u010dutja in mo\u017eganov v odnosih, \u0161e posebej v dru\u017eini. Rada pi\u0161e, predava in snema. Vodi terapevtske skupine za star\u0161e. S sodelavci je ustanovila zavod \u0160tudijsko-raziskovalni center za dru\u017eino. Je mamica 5-ih otrok. &nbsp;<\/td>\n<\/tr>\n<tr>\n<td style=\"text-align: center; vertical-align: middle; width: 252px;\"><img style=\"width: 147px; height: 158px;\" src=\"http:\/\/womenhurt.ie\/wp-content\/uploads\/2011\/04\/Bernadette-Goulding.jpg\" alt=\"\" \/><\/td>\n<td style=\"vertical-align: middle; width: 398px; height: 230px;\"><strong><a id=\"goulding\" name=\"goulding\"><\/a>Bernardette Goulding <\/strong>ve\u010d let na Irskem in drugje spremlja \u017eene, ki so naredile splav in druge osebe, ki so bile s splavom povezane. Pomaga jim pri njihovem premagovanju stisk in negotovosti, ko se soo\u010dajo s posledicami tega dejanja.<\/td>\n<\/tr>\n<tr>\n<td style=\"text-align: center; vertical-align: middle; width: 252px;\"><img style=\"width: 108px; height: 162px;\" src=\"http:\/\/www.dcsg.si\/sites\/default\/files\/sMateja_small.jpg\" alt=\"\" \/><\/td>\n<td style=\"vertical-align: middle; width: 398px; height: 230px;\"><strong><a id=\"krasevec\" name=\"krasevec\"><\/a>s. Mateja Kra\u0161evec<\/strong>, mag. znanosti, specialistka zakonske in dru\u017einske terapije, univ. dipl. socialni pedagog. \u017divi v novonastajajo\u010di skupnosti Manj\u0161ih sester svetega Fran\u010di\u0161ka na Krasu. Vklju\u010dena je v razli\u010dne pastoralne projekte na podro\u010dju dela z mladimi in dru\u017einami ter na podro\u010dju osebnega spremljanja. Vodi duhovne vaje za zakonce, star\u0161e, posameznike. Je direktorica zasebnega zavoda Dru\u017einski center Sveta Gora za pomo\u010d posameznikom, parom, zakoncem in dru\u017einam, kjer je zaposlena kot terapevtka. Deluje tudi na podro\u010dju preventivnih programov za osebnostno in duhovno rast. Izvaja vrsto predavanj na temo odnosi, vzgoja, star\u0161evstvo &#8230; ter celoletne programe kot so proces odpu\u0161\u010danja, postavljajmo meje, \u010das za \u017eensko du\u0161o ipd.<\/td>\n<\/tr>\n<tr>\n<td style=\"text-align: center; vertical-align: middle; width: 252px;\"><img style=\"width: 155px; height: 200px;\" src=\"http:\/\/www.kapucini.si\/slike\/bratje\/luka_modic.jpg\" alt=\"\" \/><\/td>\n<td style=\"vertical-align: middle; width: 398px; height: 230px;\"><strong><a id=\"modic\" name=\"modic\"><\/a>br. Luka Modic<\/strong> je o sebi zapisal: &#8220;Sem Luka Modic, doma z Blok. \u010ceprav sem bil vzgojen v veri in sem prejel vse zakramente, sem se med \u0161tudijem mo\u010dno oddaljil od Cerkve in Boga. Po kon\u010danem \u0161tudiju slikarstva sem se zna\u0161el v veliki praznini, ki jo je po\u010dasi, brez mojega zavedanja, za\u010del zapolnjevati Jezus. I\u0161\u010do\u010d sem se vpisal na Teolo\u0161ko fakulteto, kjer sem spoznal mlade, ki so svoje \u017eivljenje stavili na Gospoda. Videl sem, da Bog tudi od mene pri\u010dakuje nekaj bolj korenitega. Ko sem spoznal br. Mitja in br. Jo\u017eka, sem tudi sam premagal strah in vstopil k bratom kapucinom.&#8221;<\/td>\n<\/tr>\n<tr>\n<td style=\"text-align: center; vertical-align: middle; width: 252px;\"><img style=\"width: 168px; height: 200px;\" src=\"http:\/\/www.druzina.si\/ICD\/spletnastran.nsf\/0\/829C84194265960FC12579B9002B8175\/$FILE\/Janez%20Rus.jpg\" alt=\"\" \/><\/td>\n<td style=\"vertical-align: middle; width: 398px; height: 230px;\"><strong><a id=\"rus\" name=\"rus\"><\/a>Janez Evangelist Rus<\/strong> je duhovnik, \u010dlan mednarodne skupnosti Emanuel in \u017eupnijski upravitelj \u017eupnij Blagovica in \u0160ento\u017ebolt. \u017de v osnovni \u0161oli je za\u010dutil klic k duhovni\u0161kemu poklicu, ki pa je skozi mladost zorel vse do zaklju\u010dka \u0161tudija na Filozofski fakulteti v Ljubljani. Po \u0161tudiju se je za leto dni umaknil v Belgijo, kjer si je vzel \u010das za temeljit premislek. V tem \u010dasu je spoznal, da je poklican, da slu\u017ei kot duhovnik. Vidimo ga kot duhovnika, ki pomaga ljudem k odnosu z Bogom; je prina\u0161alec in posrednik \u017eive besede Svetega pisma in nauka Cerkve ter Bo\u017eje ljubezni ljudem.<\/td>\n<\/tr>\n<tr>\n<td style=\"text-align: center; vertical-align: middle; width: 252px;\"><img style=\"width: 244px; height: 170px;\" src=\"https:\/\/zupnijakamnica.files.wordpress.com\/2010\/08\/branko-cestnik.jpg\" alt=\"\" \/><\/td>\n<td style=\"vertical-align: middle; width: 398px; height: 230px;\"><strong><a id=\"cestnik\" name=\"cestnik\"><\/a>p. mag. Branko Cestnik<\/strong> je teolog, filozof, pater klaretinec, skavt in bloger. Sodeluje pri pastoralni refleksiji Cerkve na Slovenskem. V Rimu je \u0161tudiral na treh razli\u010dnih univerzah: dve leti filozofijo na Lateranski univerzi, tri leta teologijo na Gregoriani ter \u0161tiri leta pedagogiko in mladinsko pastoralo na Salesiani. Skozi devetletni \u0161tudij se je najraje poglabljal v vpra\u0161anja umetnosti, medijev in vere.<\/td>\n<\/tr>\n<tr>\n<td style=\"text-align: center; vertical-align: middle; width: 252px;\"><img style=\"height: 170px; width: 213px;\" src=\"http:\/\/www.casnik.si\/wp-content\/uploads\/2012\/03\/kerze.jpg\" alt=\"\" \/><\/td>\n<td style=\"vertical-align: middle; width: 398px; height: 230px;\"><strong><a id=\"kerze\" name=\"kerze\"><\/a>dr. Ivo Ker\u017ee<\/strong> je avtor knjige Za\u010detek slovenske filozofije, v kateri se pozna mo\u010dan vpliv hermenevit\u010dne filozofije, od katere se je v zadnjem \u010dasu oddaljil v imenu zvestobe misli sv. Toma\u017ea Akvinskega. Svoja besedila objavlja pri \u010casniku, Tretjem dnevu, Zavezi in Dru\u017eini. V Italiji sodeluje s filozofsko \u0161olo, ki jo vodi Antonio Livi.<\/td>\n<\/tr>\n<tr>\n<td style=\"text-align: center; vertical-align: middle; width: 252px;\"><img style=\"width: 166px; height: 200px;\" src=\"http:\/\/www.blams.si\/slike_clanki\/2009\/marec\/slika_1.jpg\" alt=\"\" \/><\/td>\n<td style=\"vertical-align: middle; width: 398px; height: 230px;\"><strong><a id=\"siter\" name=\"siter\"><\/a>Dani Siter<\/strong> je po kon\u010danem \u0161tudiju opravljal delo samostojnega komercialista, nato pa je v devetdesetih deloval v politiki \u2013 mandat in pol je bil \u017eupan ob\u010dine Kr\u0161ko. Z \u017eeno Vilmo sta star\u0161a 4 odraslih otrok. V letu 2000 sta svoje mo\u010di in izku\u0161nje usmerila v dobrodelno dejavnost \u2013 v celoti sta se posvetila delu z zakonci in dru\u017einami. Tako sta v sodelovanju z mednarodno organizacijo Family Life v Sloveniji ustanovila Dru\u0161tvo Dru\u017eina in \u017divljenje (Di\u017d), ki organizira seminarje za zakonce, zakonske skupine in druge dejavnosti za dru\u017eine.<\/td>\n<\/tr>\n<tr>\n<td style=\"text-align: center; vertical-align: middle; width: 252px;\"><img style=\"width: 255px; height: 170px;\" src=\"http:\/\/katoliska-cerkev.si\/media\/slike\/Osebe\/Aner-4390-3.jpg\" alt=\"\" \/><\/td>\n<td style=\"vertical-align: middle; width: 398px; height: 230px;\"><strong><a id=\"saje\" name=\"saje\"><\/a>dr. Andrej Saje<\/strong> je \u0161tudiral v Rimu na Fakulteti za kanonsko pravo Pape\u0161ke univerze Gregoriane, kjer je leta 2003 dosegel naslov doktor kanonskega prava s specializacijo v pravni sodni praksi. Deloval je kot generalni tajnik in tiskovni predstavnik Slovenske \u0161kofovske konference (S\u0160K), \u0161tudijski prefekt v Bogoslovnem semeni\u0161\u010du v Ljubljani, sodnik Metropolitanskega cerkvenega sodi\u0161\u010da v Ljubljani in docent na Teolo\u0161ki fakulteti v Ljubljani.<\/td>\n<\/tr>\n<tr>\n<td style=\"text-align: center; vertical-align: middle; width: 252px;\"><img style=\"width: 255px; height: 170px;\" src=\"http:\/\/www.sticna.net\/wp-content\/gallery\/stm-2015-program-19\/RRB_5968.jpg\" alt=\"\" \/><\/td>\n<td style=\"vertical-align: middle; width: 398px; height: 230px;\"><strong><a id=\"stojic\" name=\"stojic\"><\/a>mag. Damir Stoji\u0107 <\/strong>je duhovnik in salezijanec. Po rodu je Hercegovec, a je rojen in je odra\u0161\u010dal v Kanadi. Tam je tudi vstopil k salezijancem. Ob obisku Hrva\u0161ke se je odlo\u010dil ostati v Zagrebu, med hrva\u0161kimi salezijanci. Po \u0161tudiju teologije in dveletnem delovanju kot kaplan v zagreb\u0161ki \u017eupniji Jarun, je naredil \u0161e magisterij iz moralne teologije. Od leta 2007 deluje v Zagrebu kot \u0161tudentski duhovnik in skrbi za duhovni razvoj \u0161tudentov preko sv. ma\u0161, pogovorov, predavanj, verou\u010dnih sre\u010danj.<\/td>\n<\/tr>\n<\/tbody>\n<\/table>\n","protected":false},"excerpt":{"rendered":"<p>PREDSTAVITEV GOSTOV<\/p>\n","protected":false},"author":1,"featured_media":0,"comment_status":"closed","ping_status":"closed","sticky":false,"template":"","format":"standard","meta":{"_monsterinsights_skip_tracking":false,"_monsterinsights_sitenote_active":false,"_monsterinsights_sitenote_note":"","_monsterinsights_sitenote_category":0,"ngg_post_thumbnail":0},"categories":[58],"tags":[],"_links":{"self":[{"href":"http:\/\/unipas.si\/_stara20112018\/wp-json\/wp\/v2\/posts\/2742"}],"collection":[{"href":"http:\/\/unipas.si\/_stara20112018\/wp-json\/wp\/v2\/posts"}],"about":[{"href":"http:\/\/unipas.si\/_stara20112018\/wp-json\/wp\/v2\/types\/post"}],"author":[{"embeddable":true,"href":"http:\/\/unipas.si\/_stara20112018\/wp-json\/wp\/v2\/users\/1"}],"replies":[{"embeddable":true,"href":"http:\/\/unipas.si\/_stara20112018\/wp-json\/wp\/v2\/comments?post=2742"}],"version-history":[{"count":0,"href":"http:\/\/unipas.si\/_stara20112018\/wp-json\/wp\/v2\/posts\/2742\/revisions"}],"wp:attachment":[{"href":"http:\/\/unipas.si\/_stara20112018\/wp-json\/wp\/v2\/media?parent=2742"}],"wp:term":[{"taxonomy":"category","embeddable":true,"href":"http:\/\/unipas.si\/_stara20112018\/wp-json\/wp\/v2\/categories?post=2742"},{"taxonomy":"post_tag","embeddable":true,"href":"http:\/\/unipas.si\/_stara20112018\/wp-json\/wp\/v2\/tags?post=2742"}],"curies":[{"name":"wp","href":"https:\/\/api.w.org\/{rel}","templated":true}]}}