{"id":2729,"date":"2015-10-05T16:20:00","date_gmt":"2015-10-05T14:20:00","guid":{"rendered":"http:\/\/unipas.si\/wp\/2015\/10\/05\/kaksno-je-tvoje-srce\/"},"modified":"2018-08-31T18:18:46","modified_gmt":"2018-08-31T16:18:46","slug":"kaksno-je-tvoje-srce","status":"publish","type":"post","link":"http:\/\/unipas.si\/_stara20112018\/kaksno-je-tvoje-srce\/","title":{"rendered":"Kak\u0161no je tvoje srce? \u2013 Predstavitev vsebine ve\u010derov"},"content":{"rendered":"<p> \tLeto&scaron;nji Nikodemovi ve\u010deri bodo potekali od 16. do 26. novembra v Ljubljani (dvorana Teolo&scaron;ke fakultete).<\/p>\n<p> \tNaslov je Kak&scaron;no je tvoje srce? Podrobnosti posameznih ve\u010derov so objavljene spodaj.<\/p>\n<p>   <!--more-->  <\/p>\n<p> \t<strong>Ponedeljek, 16. 11. <\/strong><\/p>\n<p> \t<strong>BLAGOR \u010cISTIM V SRCU <\/strong><\/p>\n<p> \t<em>Gost: <\/em><a href=\"http:\/\/unipas.si\/2015\/11\/02\/predstavitev-gostov\/\">Alenka Rebula<\/a> <em>Moderator: <\/em>Marko Weilguny<\/p>\n<p> \t&raquo;Ali ne \u010dutite, da so va&scaron;a srca nemirna in v stalnem iskanju dobrega, ki more od\u017eejati va&scaron;o \u017eejo po neskon\u010dnem?&laquo; (Pape\u017e Fran\u010di&scaron;ek, <em>Poslanica za XXX. svetovni dan mladih<\/em>)<br \/> \t\u010cistost srca ne pomeni, da smo lahko popolni in brez made\u017ea. &Scaron;e ve\u010d, zahtevati od sebe, da smo neopore\u010dni, je pogubna samoprevara in vodi v hinav&scaron;\u010dino. \u010clovek je ranljivo bitje, ki na vsakem koraku in nehote prizadene svoje bli\u017enje, ob\u010duti zavist, sovra\u017enost, se zmede in se pogosto boji drugih. Toda lahko i&scaron;\u010demo iskrenost do sebe, prosojno komunikacijo, so\u010dutje do svoje omejenosti in do drugih, ki tudi pogosto zaidejo in omagajo. \u010cisto srce i&scaron;\u010de pot, po kateri se lahko sre\u010duje z najbolj&scaron;im v drugih, ponuja mir in spravo ter ostaja \u010dute\u010de do konca.<\/p>\n<p> \t<strong>Torek, 17. 11. <\/strong><\/p>\n<p> \t<strong>EKOLOGIJA ODNOSOV <\/strong><\/p>\n<p> \t<em>Gost: <\/em><a href=\"http:\/\/unipas.si\/2015\/11\/02\/predstavitev-gostov\/\">Toma\u017e Erzar<\/a> <em>Moderator: <\/em>Mario Ple&scaron;ej<\/p>\n<p> \t&raquo;\u010ce moramo pozorno varovati stvarstvo, \u010distost zraka, vode in hrane, moramo toliko bolj varovati to, kar je najdragocenej&scaron;e: svoja srca in svoje odnose. Ta &rsaquo;\u010dlove&scaron;ka ekologija&lsaquo; nam bo pomagala, da bomo dihali \u010dist zrak, ki izvira iz lepih stvari, iz prave ljubezni, iz svetosti.&laquo; (Pape\u017e Fran\u010di&scaron;ek, <em>Poslanica za XXX. svetovni dan mladih<\/em>)<br \/> \tKaj pomeni ta pape\u017eeva spodbuda za nas? Zame osebno? Za na&scaron;o dru\u017ebo? Kateri odnosi so se globalno segreli in katere ogro\u017ea na&scaron;a osebna su&scaron;a? Ko razmi&scaron;ljamo o &rsaquo;\u010dlove&scaron;ki ekologiji&lsaquo;, ve\u010dino Slovencev bremenita dva izziva: medosebni odnosi z najbli\u017ejimi na eni strani in &rsaquo;pregreti&lsaquo; odnosi v na&scaron;i dru\u017ebi na drugi (vpra&scaron;anje narodne sprave, politi\u010dnih delitev, razli\u010dnih interpretacij resnice &#8230;). Kako ti dve ravni vplivata druga na drugo? Kaj pomeni ohranjati \u010diste odnose, tako medosebne kot dru\u017ebene? Kaj lahko konkretno naredimo?<\/p>\n<p> \t<strong>Sreda, 18. 11. <\/strong><\/p>\n<p> \t<strong>LENO IN OTRPLO SRCE <\/strong><\/p>\n<p> \t<em>Gost: <\/em><a href=\"http:\/\/unipas.si\/2015\/11\/02\/predstavitev-gostov\/\">Simon Potnik<\/a>, <a href=\"http:\/\/unipas.si\/2015\/11\/02\/predstavitev-gostov\/#cerin\">Ale&scaron; \u010cerin<\/a>, <a href=\"http:\/\/unipas.si\/2015\/11\/02\/predstavitev-gostov\/#zevnik\">Metka Zevnik<\/a> <em>Moderator: <\/em>Rok Pisk<\/p>\n<p> \t&raquo;Da, na&scaron;a srca so lahko navezana na resni\u010dne ali la\u017ene zaklade, lahko najdejo pristen po\u010ditek ali pa se uspavajo, postanejo lena in otrpla.&laquo; (Pape\u017e Fran\u010di&scaron;ek, <em>Poslanica za XXX. svetovni dan mladih<\/em>)<br \/> \tJezus pravi: &raquo;Kjer je tvoj zaklad, tam bo tudi tvoje srce&laquo; (Mt 6,21). V\u010dasih pri iskanju pravih zakladov zaidemo. Srca se polasti otrplost in lenoba. Trije pri\u010devalci nam bodo spregovorili, kje najdejo pristen po\u010ditek, kaj jih v \u017eivljenju resni\u010dno po\u017eivlja in krepi ter kako se soo\u010dajo z lenobo in otrplostjo pri sebi in pri drugih.<\/p>\n<p> \t<strong>\u010cetrtek, 19. 11. <\/strong><\/p>\n<p> \t<strong>MLADI IN MASKE <\/strong><\/p>\n<p> \t<em>Gost: <\/em><a href=\"http:\/\/unipas.si\/2015\/11\/02\/predstavitev-gostov\/\">Alek Zwitter<\/a>, <a href=\"http:\/\/unipas.si\/2015\/11\/02\/predstavitev-gostov\/\">Sebastjan Jereti\u010d<\/a>, <a href=\"http:\/\/unipas.si\/2015\/11\/02\/predstavitev-gostov\/\">Andreja Poljanec<\/a> <em>Moderator: <\/em>Tilen Mlakar<\/p>\n<p> \t&raquo;On vas izziva z \u017eejo po korenitosti, ki vam ne dopusti, da bi se prilagodili kompromisom. On vas sili, da odlo\u017eite maske, ki delajo \u017eivljenje neiskreno &#8230;&laquo; (Janez Pavel II., <em>Molitvena vigilija na Tor Vergati, 19. avgust 2000<\/em>)<br \/> \tSvet je poln mask. Na eni strani se na primer skrivamo za izmi&scaron;ljenimi spletnimi profili, na drugi strani pa se v boju za pre\u017eivetje pred potencialnimi delodajalci kitimo z ble&scaron;\u010de\u010dimi \u017eivljenjepisi. Za katerimi maskami se skrivamo? Kam se zatekamo v strahu pred seboj in drugimi? Kako na&scaron;a skrivanja vidijo mladi in katere maske si nadevajo? Zakaj si nadevamo maske in kak&scaron;ne posledice pu&scaron;\u010dajo v na&scaron;em (so)bivanju in (so)delovanju?<\/p>\n<p> \t<strong>Ponedeljek, 23. 11. <\/strong><\/p>\n<p> \t<strong>SPLAV IN POTEM?! <\/strong><\/p>\n<p> \t<em>Gost: <\/em><a href=\"http:\/\/unipas.si\/2015\/11\/02\/predstavitev-gostov\/\">Bernardette Goulding<\/a> <em>Moderator: <\/em>Toma\u017e Miku&scaron;<\/p>\n<p> \t&raquo;V srcu vsakega mo&scaron;kega in vsake \u017eenske neprestano odmeva Gospodovo vabilo: &raquo;I&scaron;\u010dite moje obli\u010dje!&laquo; (Ps 27,8). Isto\u010dasno se moramo vedno soo\u010dati z ubogo pogojenostjo, ki jo imamo kot gre&scaron;niki. &#8230; Bog je tisti, ki nas o\u010disti, da moremo priti v njegovo prisotnost &#8230; Dovolj je storiti majhen korak k Njemu, ki nas vedno \u010daka z odprtimi rokami, posebej v zakramentu sprave, ki je posebna prilo\u017enost za sre\u010danje z Bo\u017ejim usmiljenjem, da o\u010disti in obnovi na&scaron;a srca.&laquo; (Pape\u017e Fran\u010di&scaron;ek, <em>Poslanica za XXX. svetovni dan mladih<\/em>)<br \/> \tKaj se dogaja v \u010dloveku, ko se odlo\u010da za ali proti splavu? Kak&scaron;na moralna zmedenost, pa tudi moralne dileme vladajo na tem podro\u010dju? Kak&scaron;na je dinamika dogajanja po tem dejanju, \u010de se odlo\u010di za da ali pa za ne? Gostja vodi Rachel&#39;s Vineyard, kjer pomaga \u017eenam, mo\u017eem in dru\u017einam, ki so ranjeni zaradi splava. Vsako leto vodi ve\u010d duhovnih obnov po vsem svetu.<\/p>\n<p> \t<strong>Torek, 24. 11. <\/strong><\/p>\n<p> \t<strong>CELIBAT &#8211; JE SPLOH MO\u017dNO? <\/strong><\/p>\n<p> \t<em>Gost: <\/em><a href=\"http:\/\/unipas.si\/2015\/11\/02\/predstavitev-gostov\/\">s. Mateja Kra&scaron;evec<\/a>, <a href=\"http:\/\/unipas.si\/2015\/11\/02\/predstavitev-gostov\/\">br. Luka Modic<\/a>, <a href=\"http:\/\/unipas.si\/2015\/11\/02\/predstavitev-gostov\/\">Janez Rus<\/a> <em>Moderator: <\/em>Matev\u017e Vidmar<\/p>\n<p> \t&raquo;Vabim vas, da premislite o klicu v redovno \u017eivljenje ali duhovni&scaron;tvo. Kako lepo je videti mlade, ki objamejo klic, da se popolnoma podarijo Kristusu in slu\u017eenju njegovi Cerkvi! S \u010disto du&scaron;o spra&scaron;ujte sami sebe in ne bojte se tega, kar vas prosi Bog! Ko boste odgovorili &rsaquo;Da&lsaquo; Gospodovemu klicu, boste postali nova semena upanja v Cerkvi in dru\u017ebi. Ne pozabite: Bo\u017eja volja je va&scaron;a sre\u010da!&laquo; (Pape\u017e Fran\u010di&scaron;ek, <em>Poslanica za XXX. svetovni dan mladih<\/em>)<br \/> \tPape\u017e Fran\u010di&scaron;ek v letu posve\u010denega \u017eivljenja vabi redovnice in redovnike, da poglobijo svoje redovni&scaron;ko poslanstvo. Da gledajo na preteklost s hvale\u017enostjo, \u017eivijo sedanjost z navdu&scaron;enjem in sprejemajo prihodnost z upanjem. O tej temi nam bodo iz svoje \u017eivljenjske izku&scaron;nje spregovorili na&scaron;i gostje, ki \u017eivijo v posve\u010denem \u017eivljenju. Zakaj so v svojem \u017eivljenju sprejeli odlo\u010ditev za \u010distost ali za celibat? Kaj lahko celibat da sodobni dru\u017ebi? Kako na lastne o\u010di in konkretno vidijo, da njihova odlo\u010ditev rojeva sadove?<\/p>\n<p> \t<strong>Sreda, 25. 11. <\/strong><\/p>\n<p> \t<strong>PO SINODI O DRU\u017dINI <\/strong><\/p>\n<p> \t<em>Gost: <\/em><a href=\"http:\/\/unipas.si\/2015\/11\/02\/predstavitev-gostov\/\">p. mag. Branko Cestnik<\/a>, <a href=\"http:\/\/unipas.si\/2015\/11\/02\/predstavitev-gostov\/\">dr. Ivo Ker\u017ee<\/a>, <a href=\"http:\/\/unipas.si\/2015\/11\/02\/predstavitev-gostov\/\">Dani Siter<\/a>, <a href=\"http:\/\/unipas.si\/2015\/11\/02\/predstavitev-gostov\/\">dr. Andrej Saje<\/a> <em>Moderator: <\/em>mag. Helena Jaklitsch<\/p>\n<p> \t&raquo;Nekateri med vami \u010dutijo ali bodo \u010dutili Gospodov klic v zakon, da oblikujejo dru\u017eino. Danes mnogi mislijo, da ta klic ni v modi, toda to ni res! Prav zato celotna cerkvena skupnost \u017eivi posebno obdobje premi&scaron;ljevanja o klicu in poslanstvu dru\u017eine v Cerkvi in sedanjem svetu.&laquo; (Pape\u017e Fran\u010di&scaron;ek, <em>Poslanica za XXX. svetovni dan mladih<\/em>)<br \/> \tKar dve zaporedni zasedanji sinode &scaron;kofov kot osrednjo temo obravnavata dru\u017eino. \u017de s &scaron;iroko zastavljenimi pripravami je sinodalno dogajanje spro\u017eilo val zanimanja tako med vernimi kot neverujo\u010dimi. So na obzorju spremembe nauka ali le pastoralnih praks? Kateri so glavni izzivi in napetosti, s katerimi se soo\u010da sinoda in kak&scaron;ne smernice prina&scaron;a za prihodnost? Z gosti se bomo pogovarjali o sinodalnem dogajanju, ki bo vrhunec doseglo na zasedanju 4. in 25. 10. 2015 v Rimu. Kak&scaron;ne posledice prina&scaron;a zasedanje za Cerkev in dru\u017ebo v Sloveniji?<\/p>\n<p> \t<a href=\"http:\/\/www.unipas.si\/nikodemovi-veceri\/nikodemovi-veceri-2015\/1198-pozor-nov-datum-nikodemovega-vecera\"><strong>\u010cetrtek, 3. 12. <\/strong><\/a><strong><a href=\"http:\/\/www.unipas.si\/nikodemovi-veceri\/nikodemovi-veceri-2015\/1198-pozor-nov-datum-nikodemovega-vecera\"><span style=\"color:#FF0000;\">(Nov datum!)<\/span><\/a><\/strong><\/p>\n<p> \t<a href=\"http:\/\/www.unipas.si\/nikodemovi-veceri\/nikodemovi-veceri-2015\/1198-pozor-nov-datum-nikodemovega-vecera\"><strong>KAKO SE JE VSE SKUPAJ ZA\u010cELO? <\/strong><\/a><\/p>\n<p> \t<em>Gost: <\/em><a href=\"http:\/\/unipas.si\/2015\/11\/02\/predstavitev-gostov\/\">Damir Stoji\u0107<\/a> <em>Moderatorka: <\/em>\u017diva &Scaron;tiglic<\/p>\n<p> \t&raquo;Prva poglavja Prve Mojzesove knjige nam predstavijo \u010dudovito bla\u017eenost, h kateri smo poklicani in ki obstaja v popolnem ob\u010destvu z Bogom, z drugimi, z naravo, s samim seboj &hellip; V tem stanju prvotne \u010distosti ni bilo &raquo;mask&laquo;, pretvez, razlogov za skrivanje pred drugimi. Vse je bilo bistro in jasno.&laquo; (Pape\u017e Fran\u010di&scaron;ek, <em>Poslanica za XXX. svetovni dan mladih<\/em>)<br \/> \tV Cerkvi je spolnost pogosto tabu, \u010de \u017ee, pa se ve\u010d govori o prepovedih, povezanih z njo, kot pa o njeni svetosti. Na prvih straneh Svetega pisma beremo, da je Bog ustvaril \u010dloveka in da je bilo to prav dobro. A kaj kmalu sta prvotno \u010distost ranila sku&scaron;njava in greh. V vsakem od nas poteka boj med iskanjem prvotne \u010distosti na eni in resni\u010dnostjo sku&scaron;njav in greha na drugi strani. Kako \u017eiveti s sku&scaron;njavami, &scaron;e posebej tistimi, na podro\u010dju telesnosti in spolnosti? Kaj na tem podro\u010dju pravzaprav je in kaj ni greh? Kako se upreti grehu in kaj nam je pri tem lahko v pomo\u010d? Kako lahko pastoralni delavci pomagajo razumeti spolnost kot nekaj svetega?<\/p>\n<p> \t<a href=\"http:\/\/unipas.si-content\/uploads\/2015\/10\/Nikodemovi_veceri_2015_plakat.pdf\"><img loading=\"lazy\" class=\" size-full wp-image-2724\" alt=\"\" src=\"http:\/\/unipas.si-content\/uploads\/2015\/10\/Nikodemovi_veceri_2015.jpg\" style=\"height: 706px; width: 500px;\" width=\"1024\" height=\"1445\" srcset=\"http:\/\/unipas.si\/_stara20112018\/wp-content\/uploads\/2015\/10\/Nikodemovi_veceri_2015.jpg 1024w, http:\/\/unipas.si\/_stara20112018\/wp-content\/uploads\/2015\/10\/Nikodemovi_veceri_2015-213x300.jpg 213w, http:\/\/unipas.si\/_stara20112018\/wp-content\/uploads\/2015\/10\/Nikodemovi_veceri_2015-768x1084.jpg 768w, http:\/\/unipas.si\/_stara20112018\/wp-content\/uploads\/2015\/10\/Nikodemovi_veceri_2015-726x1024.jpg 726w\" sizes=\"(max-width: 1024px) 100vw, 1024px\" \/><\/a><\/p>\n<p> \t<a href=\"http:\/\/unipas.si-content\/uploads\/2015\/10\/Nikodemovi_veceri_2015_zgibanka.pdf\"><img loading=\"lazy\" class=\" size-full wp-image-2727\" alt=\"\" src=\"http:\/\/unipas.si-content\/uploads\/2015\/10\/Nikodemovi_veceri_2015_zgibanka_1.jpg\" width=\"1024\" height=\"484\" srcset=\"http:\/\/unipas.si\/_stara20112018\/wp-content\/uploads\/2015\/10\/Nikodemovi_veceri_2015_zgibanka_1.jpg 1024w, http:\/\/unipas.si\/_stara20112018\/wp-content\/uploads\/2015\/10\/Nikodemovi_veceri_2015_zgibanka_1-300x142.jpg 300w, http:\/\/unipas.si\/_stara20112018\/wp-content\/uploads\/2015\/10\/Nikodemovi_veceri_2015_zgibanka_1-768x363.jpg 768w\" sizes=\"(max-width: 1024px) 100vw, 1024px\" \/><\/a><\/p>\n<p> \t<a href=\"http:\/\/unipas.si-content\/uploads\/2015\/10\/Nikodemovi_veceri_2015_zgibanka.pdf\"><img loading=\"lazy\" class=\" size-full wp-image-2728\" alt=\"\" src=\"http:\/\/unipas.si-content\/uploads\/2015\/10\/Nikodemovi_veceri_2015_zgibanka_2.jpg\" width=\"1024\" height=\"484\" srcset=\"http:\/\/unipas.si\/_stara20112018\/wp-content\/uploads\/2015\/10\/Nikodemovi_veceri_2015_zgibanka_2.jpg 1024w, http:\/\/unipas.si\/_stara20112018\/wp-content\/uploads\/2015\/10\/Nikodemovi_veceri_2015_zgibanka_2-300x142.jpg 300w, http:\/\/unipas.si\/_stara20112018\/wp-content\/uploads\/2015\/10\/Nikodemovi_veceri_2015_zgibanka_2-768x363.jpg 768w\" sizes=\"(max-width: 1024px) 100vw, 1024px\" \/><\/a><\/p>\n","protected":false},"excerpt":{"rendered":"<p>Leto&scaron;nji Nikodemovi ve\u010deri bodo potekali od 16. do 26. novembra v Ljubljani (dvorana Teolo&scaron;ke fakultete). Naslov je Kak&scaron;no je tvoje srce? Podrobnosti posameznih ve\u010derov so objavljene spodaj.<\/p>\n","protected":false},"author":2,"featured_media":2724,"comment_status":"closed","ping_status":"closed","sticky":false,"template":"","format":"standard","meta":{"_monsterinsights_skip_tracking":false,"_monsterinsights_sitenote_active":false,"_monsterinsights_sitenote_note":"","_monsterinsights_sitenote_category":0,"ngg_post_thumbnail":0},"categories":[58],"tags":[],"_links":{"self":[{"href":"http:\/\/unipas.si\/_stara20112018\/wp-json\/wp\/v2\/posts\/2729"}],"collection":[{"href":"http:\/\/unipas.si\/_stara20112018\/wp-json\/wp\/v2\/posts"}],"about":[{"href":"http:\/\/unipas.si\/_stara20112018\/wp-json\/wp\/v2\/types\/post"}],"author":[{"embeddable":true,"href":"http:\/\/unipas.si\/_stara20112018\/wp-json\/wp\/v2\/users\/2"}],"replies":[{"embeddable":true,"href":"http:\/\/unipas.si\/_stara20112018\/wp-json\/wp\/v2\/comments?post=2729"}],"version-history":[{"count":0,"href":"http:\/\/unipas.si\/_stara20112018\/wp-json\/wp\/v2\/posts\/2729\/revisions"}],"wp:featuredmedia":[{"embeddable":true,"href":"http:\/\/unipas.si\/_stara20112018\/wp-json\/wp\/v2\/media\/2724"}],"wp:attachment":[{"href":"http:\/\/unipas.si\/_stara20112018\/wp-json\/wp\/v2\/media?parent=2729"}],"wp:term":[{"taxonomy":"category","embeddable":true,"href":"http:\/\/unipas.si\/_stara20112018\/wp-json\/wp\/v2\/categories?post=2729"},{"taxonomy":"post_tag","embeddable":true,"href":"http:\/\/unipas.si\/_stara20112018\/wp-json\/wp\/v2\/tags?post=2729"}],"curies":[{"name":"wp","href":"https:\/\/api.w.org\/{rel}","templated":true}]}}