{"id":2628,"date":"2014-10-29T20:59:00","date_gmt":"2014-10-29T19:59:00","guid":{"rendered":"http:\/\/unipas.si\/wp\/2014\/10\/29\/nikodemovi-veceri-2014\/"},"modified":"2018-08-31T18:18:45","modified_gmt":"2018-08-31T16:18:45","slug":"nikodemovi-veceri-2014","status":"publish","type":"post","link":"http:\/\/unipas.si\/_stara20112018\/nikodemovi-veceri-2014\/","title":{"rendered":"Nikodemovi ve\u010deri 2014"},"content":{"rendered":"<p> \t<a href=\"http:\/\/www.unipas.si\/images\/NET_Nikodemovi veceri 2013_LETAK_net.jpg\" data-rel=\"lightbox-image-0\" data-rl_title=\"\" data-rl_caption=\"\" title=\"\"><img alt=\"\" src=\"http:\/\/www.unipas.si\/images\/NET_Nikodemovi veceri 2013_LETAK_net.jpg\" style=\"width: 220px; float: right; height: 309px; margin-left: 5px; margin-right: 5px;\" \/><\/a>48. Nikodemovi ve\u010deri <strong>so bili od 17. do 27. novembra 2014<\/strong>. V osmih ve\u010derih smo preko predavanj in okroglih miz obiskovalcem pomagamo razumeti in ovrednotiti <strong>povabilo pape\u017ea Fran\u010di&scaron;ka<\/strong>: <span style=\"color:#FF8C00;\"><strong>&raquo;Pojdite na obrobje!&laquo;<\/strong> <\/span><em>(Veselje evangelija, 20 in 46)<\/em>.<\/p>\n<p> \tZ obrobjem se \u010dlovek lahko sre\u010duje na osebni ravni, kjer ga marsikaj ovira pri tem, da bi \u017eivel v polnosti; lahko se z njim sre\u010damo v Cerkvi, oziroma se mora z njim Cerkev sre\u010devati in v obrobnih skupinah videti izziv za poslanstvo (delo z brezdomci, revnimi, Romi, &hellip;); niti mu ni tuje dru\u017ebeno okolje, morda se na njem v\u010dasih nahajajo tudi verske skupnosti.<\/p>\n<p> \tSre\u010danja so potekala vsak ve\u010der <strong>ob 19.30 v dvorani Teolo&scaron;ke fakultete<\/strong> v Ljubljani.<\/p>\n<p> \t<a href=\"http:\/\/unipas.si\/2014\/10\/29\/nikodemovi-veceri-2014\/\">Poro\u010dila posameznih ve\u010derov<\/a><\/p>\n<p> \t<a href=\"http:\/\/unipas.si\/2014\/11\/29\/nikodemovi-veceri-2014-druga-porocila\/\">Poro\u010dila na spletni strani Mladi val<\/a><\/p>\n<p> \t<a href=\"http:\/\/www.youtube.com\/watch?v=QLoT4wZBm0M&amp;list=PL3zMbt1myYplAm4KaDgOWyL-6nSEvFJbA&amp;safe=active\" data-rel=\"lightbox-video-0\">Videoposnetki<\/a><\/p>\n<p> \t<a href=\"http:\/\/sl.radiovaticana.va\/news\/2014\/11\/18\/nikodemovi_ve%C4%8Deri_v_ljubljani:_pojdite_na_obrobje!\/slv-836825\">Audioposnetki<\/a><\/p>\n<p>   <!--more-->  <\/p>\n<p> \t<a href=\"http:\/\/www.unipas.si\/images\/stories\/Nikodemovi-veceri\/nv_2014\/vabila\/Nikodemovi_veceri_2014_letak.pdf\"><strong>Prenesi letak<\/strong><\/a><\/p>\n<p> \t<a href=\"http:\/\/www.unipas.si\/images\/stories\/Nikodemovi-veceri\/nv_2014\/vabila\/Nikodemovi_veceri_2014_plakat.pdf\"><strong>Prenesi plakat<\/strong><\/a><\/p>\n<hr \/>\n<p> \t<span style=\"font-size:14px;\"><strong><span style=\"color: rgb(0, 0, 128);\">Ponedeljek, 17. november<\/span><\/strong><\/span><\/p>\n<p> \t<span style=\"font-size:14px;\"><strong><span style=\"color: rgb(0, 100, 0);\">Veselje evangelija za obrobne<\/span><\/strong><\/span><br \/> \t<em><span style=\"color:#006400;\">Pape\u017e Fran\u010di&scaron;ek nas vabi k veselju evangelija za obrobne<\/span><\/em><\/p>\n<p> \t<span style=\"color:#000000;\">Evangelij je vesela novica. Pa ga danes &scaron;e tako dojemamo? Je sodobni \u010dlovek &scaron;e sposoben sprejeti njegovo sporo\u010dilo? Morda bolj kot kdajkoli &hellip; Saj veselje evangelija napolnjuje srce in celotno \u017eivljenje ljudi, ki se sre\u010dajo z Jezusom: ljudi, ki dovolijo, da jih odre&scaron;i greha, \u017ealosti, notranje praznine, osamljenosti. Pape\u017e nas vabi, da prinesemo veselo oznanilo evangelija k obrobnim, k ubogim.<\/span><\/p>\n<p> \t<strong><span style=\"color:#008000;\">s. Romana Kocjan\u010di\u010d <\/span><\/strong><span style=\"color:#008000;\">FMM,<\/span><em><span style=\"color:#008000;\"> redovnica, urednica Obzorij duha na RTVSLO<\/span><\/em><\/p>\n<hr \/>\n<p> \t<strong><span style=\"font-size:14px;\"><span style=\"color: rgb(0, 0, 128);\">Torek, 18. november<\/span><\/span><\/strong><\/p>\n<p> \t<span style=\"color:#006400;\"><strong><span style=\"font-size: 14px;\">Samoljubna \u017ealost<\/span><\/strong><\/span><\/p>\n<p> \t<span style=\"color:#000000;\">Velika nevarnost mnogovrstne in neznosne ponudbe potro&scaron;nje je samoljubna \u017ealost. Kadar se notranje \u017eivljenje zapre v lastnih koristih, ni ve\u010d prostora za druge, ni posluha za uboge. Takrat ne poslu&scaron;amo ve\u010d Bo\u017ejega glasu, ne u\u017eivamo ve\u010d blagega veselja njegove ljubezni, ne utripa navdu&scaron;enja za dobro.<\/span><\/p>\n<p> \t<span style=\"color:#000000;\">Mnogi, ki zapadejo v samoljubno \u017ealost, postanejo u\u017ealjeni, nezadovoljni, brez \u017eivljenja. To ni izbira dostojnega in polnega \u017eivljenja. Bog nam tega ne \u017eeli. To ni \u017eivljenje v Duhu, ki priteka iz srca vstalega Kristusa. Kaj naj storimo, da ne zapademo v tako stanje? A \u010de se v njem znajdemo, kak&scaron;na je pot v veselje?<\/span><\/p>\n<p> \t<strong><span style=\"color:#006400;\">P. mag. Silvo &Scaron;inkovec<\/span><\/strong><span style=\"color:#008000;\"> DJ,<em> jezuit, filozof, teolog, psiholog in defektolog<\/em><\/span><\/p>\n<hr \/>\n<p> \t<span style=\"color:#000080;\"><strong><span style=\"font-size: 14px;\">Sreda, 19. november<\/span><\/strong><\/span><\/p>\n<p> \t<span style=\"color:#006400;\"><strong><span style=\"font-size: 14px;\">Ranjena ob\u010destva<\/span><\/strong><\/span><\/p>\n<p> \t<span style=\"color:#000000;\">Cerkev na Slovenskem in na&scaron; narod nasploh je marsikje ranjen v svoji ob\u010destvenosti. Veliko bi pripomogli in zacelili te rane, \u010de bi okrepili dialog, se podprli v medsebojni solidarnosti, spo&scaron;tovali in cenili darove posameznikov, zamerljivost in gospodovalnost zamenjali z odpu&scaron;\u010danjem in poni\u017enostjo.<\/span><\/p>\n<p> \t<span style=\"color:#000000;\">Rane (po PIP, 35) si lahko zadajamo ali pa jih celimo. Smo zmo\u017eni zbrati toliko mo\u010di in popraviti Cerkev?<\/span><\/p>\n<p> \t<strong><span style=\"color:#006400;\">dr. Vinko<\/span><span style=\"color:#008000;\"> Poto\u010dnik, <\/span><\/strong><em><span style=\"color:#008000;\">duhovnik, dr. dru\u017ebenih ved: za sociologijo in psihologijo<\/span><\/em><\/p>\n<p> \t<span style=\"color:#008000;\"><strong>doc. dr. Igor &Scaron;kamperle, <\/strong><em>filozof, sociolog, religiolog in pisatelj<\/em><\/span><\/p>\n<p> \t<span style=\"color:#008000;\"><strong>Jo\u017ee Mo\u017eina<\/strong>, <em>zgodovinar, novinar in re\u017eiser<\/em><\/span><\/p>\n<hr \/>\n<p> \t<strong><span style=\"font-size:14px;\"><span style=\"color:#000080;\">\u010cetrtek, 20. november<\/span><\/span><\/strong><\/p>\n<p> \t<span style=\"font-size:14px;\"><span style=\"color:#006400;\"><strong>Vsak \u010dlovek je dragocen<\/strong><\/span><\/span><\/p>\n<p> \t<span style=\"color:#000000;\">\u010clovek se od nekdaj spra&scaron;uje o smislu \u017eivljenja. Od kod prihajamo &hellip; kam gremo? Vsako \u010dlove&scaron;ko \u017eivljenje \u017eeli ostati rodovitno, pustiti za seboj sled. Vsi \u017eivimo iz dedi&scaron;\u010dine preteklih rodov in pu&scaron;\u010damo sled prihodnjim rodovom. Osebni spomin in spomin naroda ima globoke korenine. Sodobni \u010dlovek je vedno v sku&scaron;njavi, da sebe ali drugih ne bi prepoznal kot dragocene, vredne \u017eivljenja &hellip; Ali \u010dlovekovo telo ostaja dragoceno, vredno vsega spo&scaron;tovanja tudi, ko se je \u017ee lo\u010dilo od du&scaron;e? Vse to, kar je \u017eiveto v ljubezni, ostane za ve\u010dno. Kak&scaron;en odnos naj imamo do pokojnih? Ima vsakdo pravico do groba?<\/span><\/p>\n<p> \t<span style=\"color:#006400;\"><strong>Ddr. Verena Vidrih Perk<\/strong><\/span><span style=\"color:#008000;\"><strong>o, <\/strong><em>arheologinja,muzeologinja, kustosinja <\/em><\/span><\/p>\n<hr \/>\n<p> \t<span style=\"font-size:14px;\"><strong><span style=\"color: rgb(0, 0, 128);\">Ponedeljek, 24. november<\/span><\/strong><\/span><\/p>\n<p> \t&nbsp;<\/p>\n<p> \t<span style=\"color:#006400;\"><span style=\"font-size: 14px;\"><strong>Medij te (lahko) naredi ali uni\u010di<\/strong><\/span><\/span><\/p>\n<p> \t&nbsp;<\/p>\n<p> \t<span style=\"color:#000000;\">Mo\u010d sodobnih medijev pri ustvarjanju javnega mnenja je nesporna. V dr\u017eavah z demokrati\u010dno ureditvijo so mediji resni\u010dno \u010detrta veja oblasti. \u017de s samim golim&nbsp; poro\u010danjem (ali mol\u010danjem) o dolo\u010denih temah usmerjajo pozornost javnosti k vpra&scaron;anjem, ki sploh niso nujno najpomembnej&scaron;a. \u010ce dodamo k temu &scaron;e na\u010din, kako poro\u010dajo o dolo\u010denih zadevah, lahko potrdimo prepri\u010danju mnogih, da mediji oblikujejo in soustvarjajo podobe dejanske resni\u010dnosti.<\/span><\/p>\n<p> \t<strong><span style=\"color:#006400;\">Ana Jud<\/span><\/strong><span style=\"color:#008000;\">,<em> novinarka in pisateljica<\/em><\/span><\/p>\n<p> \t<span style=\"color:#008000;\"><strong>Dejan Steinbuch<\/strong>, <em>novinar<\/em><\/span><\/p>\n<p> \t<span style=\"color:#008000;\"><strong>Jurij Paljk<\/strong>, <em>pesnik in novinar<\/em><\/span><\/p>\n<p> \t<span style=\"color:#008000;\"><strong>Rok \u010cak&scaron;<\/strong>, <em>novinar<\/em><\/span><\/p>\n<hr \/>\n<p> \t<span style=\"color:#000080;\"><strong><span style=\"font-size: 14px;\">Torek, 25. november<\/span><\/strong><\/span><\/p>\n<p> \t<span style=\"color:#006400;\"><strong><span style=\"font-size: 14px;\">Obrobje kot izziv<\/span><\/strong><\/span><\/p>\n<p> \t<span style=\"color:#000000;\">Majhen in krhek \u010dlovek je v sredi&scaron;\u010du odre&scaron;enjskega poslanstva Jezusa Kristusa in Cerkve. Na kak&scaron;en na\u010din in v kolik&scaron;ni meri Cerkev v Sloveniji izpolnjuje svoje poslanstvo do ljudi &raquo;na obrobju&laquo; dru\u017ebe? Kak&scaron;en je odnos vernih do tistih, ki so v \u017eivljenju na tak ali druga\u010den na\u010din prikraj&scaron;ani. Kaj bi posameznik ali skupnost &scaron;e lahko storila?<\/span><\/p>\n<p> \t<span style=\"color:#000000;\">O izzivih obrobja nam bodo spregovorili predstavniki Karitas, pastorale Romov, trgovine z ljudmi in Skale.<\/span><\/p>\n<p> \t<span style=\"color:#006400;\"><strong>Imre Je<\/strong><\/span><span style=\"color:#008000;\"><strong>rebic, <\/strong><em>Slovenska Karitas, generalni tajnik<\/em><\/span><\/p>\n<p> \t<span style=\"color:#008000;\"><strong>Peter Kokotec,<em> <\/em><\/strong><em>\u017eupnik v \u010crnomlju, koordinator za pastoralo Romov<\/em><\/span><\/p>\n<p> \t<span style=\"color:#008000;\"><strong>Nina Stenko Primo\u017ei\u010d, <\/strong><em>socialni programi pri Slovenski Karitas, pomo\u010d \u017ertvam trgovine z ljudmi in preventiva<\/em><\/span><\/p>\n<p> \t<span style=\"color:#008000;\"><strong>Rafo Pinosa<\/strong>, <em>duhovnik salezijanec, dolgoletni mladinski delavec, specializant managementa \u010dlove&scaron;kih virov<\/em><\/span><\/p>\n<hr \/>\n<p> \t<span style=\"color:#000080;\"><span style=\"font-size: 14px;\"><strong>Sreda, 26. november<\/strong><\/span><\/span><\/p>\n<p> \t<span style=\"color:#006400;\"><span style=\"font-size: 14px;\"><strong>Mladi &ndash; ujetniki preteklosti?<\/strong><\/span><\/span><\/p>\n<p> \t<span style=\"color:#000000;\">Kako mladi gledajo na preteklost? Kako gledajo na rane slovenskega naroda, politi\u010dne diskvalifikacije, in medsebojno diskriminacijo Slovencev? Bi bilo vse skupaj najbolje pozabiti ali do konca raz\u010distiti?<\/span><\/p>\n<p> \t<span style=\"color:#000000;\">Dajmo besedo podmladkom politi\u010dnih strank, mladinskim organizacijam in razmi&scaron;ljujo\u010dim mladim posameznikom &#8211; tistemu delu mladih, ki imajo vizijo in se zavedajo odgovornosti zase in za skupno dobro. \u017divimo tukaj in zdaj in na&scaron;o skupno prihodnost bodo oblikovali mladi, \u010de to \u017eelimo ali ne.<\/span><\/p>\n<p> \t<span style=\"color:#006400;\"><strong>\u017diga Vavpo<\/strong><\/span><span style=\"color:#008000;\"><strong>ti\u010d, <\/strong><em>Zavod Ypsilon, projekt Simbioza<\/em><\/span><\/p>\n<p> \t<span style=\"color:#008000;\"><strong>Luka Mesec, <\/strong><em>poslanec ZL<\/em><\/span><\/p>\n<p> \t<span style=\"color:#008000;\"><strong>\u017dan Mahni\u010d, <\/strong><em>poslanec SDS<\/em><\/span><\/p>\n<p> \t<span style=\"color:#008000;\"><strong>Nina Milenkovi\u0107 Kikelj<\/strong>, <em>ZSKSS, Mladinski svet Slovenije<\/em><\/span><\/p>\n<hr \/>\n<p> \t<span style=\"font-size:14px;\"><span style=\"color: rgb(0, 0, 128);\"><strong>\u010cetrtek, 27. november<\/strong><\/span><\/span><\/p>\n<p> \t<span style=\"color:#006400;\"><span style=\"font-size: 14px;\"><strong>Verske skupnosti med prisilnim in prostovoljnim&nbsp; obrobjem<\/strong><\/span><\/span><\/p>\n<p> \t<span style=\"color:#000000;\">Neizpodbitno dejstvo je, da je bil slovenski komunizem poleg sovjetskega najbolj ob\u010dutljiv na vsako navzo\u010dnost verskih vsebin v javnosti. To pu&scaron;\u010da posledice v \u017eivljenju verskih skupnosti in dojemanju njihove vloge &scaron;e danes. Skrajne razlage na\u010dela lo\u010ditve dr\u017eave in verskih skupnosti, ki lahko pridejo na povr&scaron;je ob vsakem blagoslovu gasilskega vozila, to potrjujejo. V tem smislu si pravo mesto verskih skupnosti marsikdo v Sloveniji predstavlja na obrobju dru\u017ebe in jih tja tudi potiska.<\/span><\/p>\n<p> \t<span style=\"color:#000000;\">Vendar moramo po drugi strani priznati, da ima \u010dlovek v\u010dasih ob\u010dutek, da se verske skupnosti za pravi\u010dni&scaron;ko vztrajanje na robu odlo\u010dajo tudi, ko za to ni nobene zunanje prisile. Morda zato, ker je tam, samo med doma\u010dimi, udobneje in ker tako ni potrebno prevzemati odgovornosti za dru\u017ebo, tudi ko bi bilo to nujno.<\/span><\/p>\n<p> \t<span style=\"color:#006400;\"><strong>dr. Primo\u017e Kre\u010di\u010d<\/strong>, duhovnik<\/span><\/p>\n<p> \t<span style=\"color:#006400;\"><strong>Nevzet Pori\u0107<\/strong>, tajnik Islamske skupnosti<\/span><\/p>\n<p> \t<span style=\"color:#006400;\"><strong>dr. Igor Baho<\/strong><\/span><span style=\"color:#008000;\"><strong>vec<\/strong>,<em> dr. sociologije, dipl. ing. fizike; doc. za sociologijo religije in pastorale<\/em><\/span><\/p>\n","protected":false},"excerpt":{"rendered":"<p>48. Nikodemovi ve\u010deri so bili od 17. do 27. novembra 2014. V osmih ve\u010derih smo preko predavanj in okroglih miz obiskovalcem pomagamo razumeti in ovrednotiti povabilo pape\u017ea Fran\u010di&scaron;ka: &raquo;Pojdite na&hellip; <\/p>\n","protected":false},"author":1,"featured_media":0,"comment_status":"closed","ping_status":"closed","sticky":false,"template":"","format":"standard","meta":{"_monsterinsights_skip_tracking":false,"_monsterinsights_sitenote_active":false,"_monsterinsights_sitenote_note":"","_monsterinsights_sitenote_category":0,"ngg_post_thumbnail":0},"categories":[54],"tags":[],"_links":{"self":[{"href":"http:\/\/unipas.si\/_stara20112018\/wp-json\/wp\/v2\/posts\/2628"}],"collection":[{"href":"http:\/\/unipas.si\/_stara20112018\/wp-json\/wp\/v2\/posts"}],"about":[{"href":"http:\/\/unipas.si\/_stara20112018\/wp-json\/wp\/v2\/types\/post"}],"author":[{"embeddable":true,"href":"http:\/\/unipas.si\/_stara20112018\/wp-json\/wp\/v2\/users\/1"}],"replies":[{"embeddable":true,"href":"http:\/\/unipas.si\/_stara20112018\/wp-json\/wp\/v2\/comments?post=2628"}],"version-history":[{"count":0,"href":"http:\/\/unipas.si\/_stara20112018\/wp-json\/wp\/v2\/posts\/2628\/revisions"}],"wp:attachment":[{"href":"http:\/\/unipas.si\/_stara20112018\/wp-json\/wp\/v2\/media?parent=2628"}],"wp:term":[{"taxonomy":"category","embeddable":true,"href":"http:\/\/unipas.si\/_stara20112018\/wp-json\/wp\/v2\/categories?post=2628"},{"taxonomy":"post_tag","embeddable":true,"href":"http:\/\/unipas.si\/_stara20112018\/wp-json\/wp\/v2\/tags?post=2628"}],"curies":[{"name":"wp","href":"https:\/\/api.w.org\/{rel}","templated":true}]}}