{"id":2608,"date":"2014-11-26T12:05:20","date_gmt":"2014-11-26T11:05:20","guid":{"rendered":"http:\/\/unipas.si\/wp\/2014\/11\/26\/nikodemovi-veceri-2014-sedmi-dan\/"},"modified":"2014-11-26T12:05:20","modified_gmt":"2014-11-26T11:05:20","slug":"nikodemovi-veceri-2014-sedmi-dan","status":"publish","type":"post","link":"http:\/\/unipas.si\/_stara20112018\/nikodemovi-veceri-2014-sedmi-dan\/","title":{"rendered":"7. ve\u010der: Mladi &#8211; ujetniki preteklosti"},"content":{"rendered":"<p> \t<img loading=\"lazy\" class=\" alignright size-full wp-image-2593\" alt=\"\" src=\"http:\/\/unipas.si-content\/uploads\/2014\/11\/20141126_nv_7dan_33.jpg\" style=\"width: 150px; height: 100px; float: right;\" width=\"1024\" height=\"683\" srcset=\"http:\/\/unipas.si\/_stara20112018\/wp-content\/uploads\/2014\/11\/20141126_nv_7dan_33.jpg 1024w, http:\/\/unipas.si\/_stara20112018\/wp-content\/uploads\/2014\/11\/20141126_nv_7dan_33-300x200.jpg 300w, http:\/\/unipas.si\/_stara20112018\/wp-content\/uploads\/2014\/11\/20141126_nv_7dan_33-768x512.jpg 768w\" sizes=\"(max-width: 1024px) 100vw, 1024px\" \/>Na leto&scaron;njem predzadnjem Nikodemovem ve\u010deru z naslovom &raquo;<strong>Mladi &ndash; ujetniki preteklosti?<\/strong>&laquo; smo se podali na dve obrobji. Prvi\u010d, govorili smo z mladimi in o mladih, ki so dandanes na udaru zaradi slabih socialnih in gospodarskih razmer ter so ob pomanjkanju virov in mo\u017enosti za razvoj velikokrat odrinjeni na rob dru\u017ebe. In drugi\u010d, z mladimi smo osvetlili temo nepredelanih travm in odprtih ran iz na&scaron;e preteklosti, ki je zanje &ndash; &scaron;e posebej v opisanih razmerah &ndash; ve\u010dinoma obrobnega pomena.<\/p>\n<p> \tPredstavniki mladih, ki so dejavni v politiki in civilni dru\u017ebi, so v prvem delu ve\u010dera &scaron;tevil\u010dnemu in generacijsko me&scaron;anemu ob\u010dinstvu predstavili svoja razmi&scaron;ljanja o obravnavani temi.<\/p>\n<p>   <!--more-->  <\/p>\n<p> \t<strong>\u017dan Mahni\u010d<\/strong>, drugi najmlaj&scaron;i poslanec Slovenske demokratske stranke, je v svojem govoru poudaril, da mladi niso krivi za to, da zadeve iz preteklosti &scaron;e niso raz\u010di&scaron;\u010dene. Po njegovem mnenju bi jih morali raz\u010distiti tisti, ki so bili v to vpleteni. Mlade danes bolj od teh vpra&scaron;anj zanimajo njihovi sedanji problemi. Po drugi strani je zanj vendarle pomembno, da pri mladih vzgajamo domoljubje, narodno zavest, zgodovinski spomin ter vrednote, na katerih se lahko kot narod zdru\u017eujemo.<\/p>\n<p> \t<strong>Luka Mesec<\/strong>, vodja poslanske skupine Zdru\u017eene levice v dr\u017eavnem zboru, je v svojem razmi&scaron;ljanju izpostavil, da dana&scaron;nja generacija nima ni\u010d z dogodki izpred 70 let in da te teme nekaterim starej&scaron;im politikom na desnici in levici slu\u017eijo za mobilizacijo volivcev ter razpihovanje kulturnega boja. Problem dana&scaron;njih mladih je po njegovem politi\u010den in ekonomski, ki se ka\u017ee predvsem v tem, da mladi ne dobijo redne zaposlitve. Vlada, ki bi morala prevzeti odgovornost za ustvarjanje delovnih mest, pa krivdo vali na mlade z o\u010ditki, da so leni, da nimajo prave izobrazbe ipd. Na koncu je izrazil tudi hvale\u017enost za povabilo na Nikodemove ve\u010dere ter poudaril, da je sicer levi\u010dar, ni pa antikristjan.<\/p>\n<p> \tPredsednik sveta in soustanovitelj Zavoda Ypsilon ter pobudnik medgeneracijskega projekta Simbioz@ <strong>\u017diga Vavpoti\u010d<\/strong> ima vtis, da je v Sloveniji preteklost ugrabila mlade in da mnogo mladih tudi zaradi tega odhaja v tujino. Po njegovem mnenju se politiki veliko preve\u010d ukvarjajo s preteklostjo in da zgodovina ni namenjena temu, da bi jo zlorabljali. Prisotnima mladima poslancema iz politi\u010dno nasprotnih polov je predlagal, naj skupaj spro\u017eita pobudo za postavitev spomenika preteklosti, ki bi bil posve\u010den vsem \u017ertvam preteklosti, narodni spravi in prihodnosti. Za to, da bi mladi &raquo;ugrabili&laquo; prihodnost sta potrebni odgovornost in spo&scaron;tovanje druga\u010dnosti.<\/p>\n<p> \t<strong>Nina Milenkovi\u0107 Kikelj<\/strong>, podpredsednica Mladinskega sveta Slovenije, je v svojem nagovoru poudarila, da je v razpravah o temah, kot je ta, potrebna ob\u010dutljivost za sogovornika, iskrena \u017eelja po razumevanju in empatija ter pogum za spremembe in napredek. Po drugi strani pa je o\u010ditno, da <em>status quo<\/em> pri odprtih vpra&scaron;anjih iz preteklosti nekaterim ustreza, ker imajo od tega koristi. Tudi ona je menila, da so za mlade dosti bolj pere\u010di problemi, ki se ti\u010dejo njihovega izobra\u017eevanja, zaposlovanja in osamosvajanja.<\/p>\n<p> \tV drugem delu so gostje sodelovali na okrogli mizi, ki jo je povezoval <strong>Mario Ple&scaron;ej <\/strong>iz Socialne akademije. V deloma polemi\u010dni razpravi, v kateri so sodelovali tudi nekateri udele\u017eenci iz ob\u010dinstva, so pri&scaron;li do izraza razli\u010dni pogledi na pomembnost problemov iz preteklosti in na na\u010din njihovega razre&scaron;evanja. Ve\u010d predstavnikov starej&scaron;e generacije je v svojih komentarjih in vpra&scaron;anjih izpostavilo potrebno po ureditvi vpra&scaron;anj prikritih grobi&scaron;\u010d in po celjenju ran iz preteklosti. Tudi mladi so ve\u010dinoma menili, da ne smemo kar pozabiti na preteklost, a so se spra&scaron;evali, kako ob dosedanjem neuspe&scaron;nem razre&scaron;evanju najti pravi na\u010din re&scaron;evanja ter kako se opredeliti do preteklih dogodkov, ko je vpra&scaron;anje, komu zaupati, npr. razli\u010dni mediji in razli\u010dne zgodovinske knjige navajajo dejstva, ki se razlikujejo. Po drugi strani so mlaj&scaron;i udele\u017eenci iz ob\u010dinstva dali poudarek tudi drugim vpra&scaron;anjem, kot so npr. kako bi lahko mladi presekali stare ideolo&scaron;ke spore, kako mladim pribli\u017eati politiko in jih motivirati za sodelovanje v politiki, kako dose\u010di spo&scaron;tovanje mnenj mladih s strani starej&scaron;ih in kako jih uveljaviti ali kako pove\u010dati mo\u017enosti za zaposlitev mladih.<\/p>\n<p> \tGostje okrogle mize so se strinjali, da mlade bolj kot preteklost zanimata sedanjost in prihodnost. Mladi, ki niso tako obremenjeni s preteklimi konflikti in delitvami, lahko na marsikaterem podro\u010dju sodelujejo, \u010deprav so politi\u010dno ali svetovnonazorsko na razli\u010dnih bregovih, kar morda mnogi starej&scaron;i ne morejo razumeti in sprejeti. V omizju je prevladalo mnenje, da je treba vse mrtve pokopati, jim postaviti spomenik, a da temu ni treba posve\u010dati najve\u010dje pozornosti. Poleg tega so se gostje strinjali, da sprava ni enkratno dejanje in da s tega vidika postavitev spomenika ne bo dokon\u010dno razre&scaron;ila problemov, ampak da gre za proces, v katerem je poleg spomenikov pomembno tudi \u017ealovanje, so\u010dustvovanje, pogovori &hellip; V razpravi s predstavniki mladih smo ugotovili, da v Sloveniji ni mladinskih organizacij, ki bi se v prvi vrsti posve\u010dale tej problematiki in bi mladim predajale znanje in ve&scaron;\u010dine na tem podro\u010dju. Glede zaupanja v to, kar vidimo, sli&scaron;imo ali preberemo v medijih, je eden od gostov svetoval, naj sledimo \u010dim ve\u010d razli\u010dnim medijem in da naj se informiramo tudi pri tistih v tujini. Ne nazadnje so si bili gostje enotni v tem, da je v tak&scaron;nih razpravah, kot je bila na tem ve\u010deru, potrebno medsebojno spo&scaron;tovanje in kulturna komunikacija. Da je to mo\u017eno, so dokazali tudi sami gostje z razpravljanjem v tem omizju.<\/p>\n<div id='gallery-1' class='gallery galleryid-2608 gallery-columns-3 gallery-size-thumbnail'><figure class='gallery-item'>\n\t\t\t<div class='gallery-icon landscape'>\n\t\t\t\t<a href='http:\/\/unipas.si\/_stara20112018\/wp-content\/uploads\/2014\/11\/20141126_nv_7dan_01.jpg' title=\"\" data-rl_title=\"\" class=\"rl-gallery-link\" data-rl_caption=\"\" data-rel=\"lightbox-gallery-1\"><img width=\"150\" height=\"150\" src=\"http:\/\/unipas.si\/_stara20112018\/wp-content\/uploads\/2014\/11\/20141126_nv_7dan_01-150x150.jpg\" class=\"attachment-thumbnail size-thumbnail\" alt=\"\" loading=\"lazy\" \/><\/a>\n\t\t\t<\/div><\/figure><figure class='gallery-item'>\n\t\t\t<div class='gallery-icon landscape'>\n\t\t\t\t<a href='http:\/\/unipas.si\/_stara20112018\/wp-content\/uploads\/2014\/11\/20141126_nv_7dan_07.jpg' title=\"\" data-rl_title=\"\" class=\"rl-gallery-link\" data-rl_caption=\"\" data-rel=\"lightbox-gallery-1\"><img width=\"150\" height=\"150\" src=\"http:\/\/unipas.si\/_stara20112018\/wp-content\/uploads\/2014\/11\/20141126_nv_7dan_07-150x150.jpg\" class=\"attachment-thumbnail size-thumbnail\" alt=\"\" loading=\"lazy\" \/><\/a>\n\t\t\t<\/div><\/figure><figure class='gallery-item'>\n\t\t\t<div class='gallery-icon portrait'>\n\t\t\t\t<a href='http:\/\/unipas.si\/_stara20112018\/wp-content\/uploads\/2014\/11\/20141126_nv_7dan_11.jpg' title=\"\" data-rl_title=\"\" class=\"rl-gallery-link\" data-rl_caption=\"\" data-rel=\"lightbox-gallery-1\"><img width=\"150\" height=\"150\" src=\"http:\/\/unipas.si\/_stara20112018\/wp-content\/uploads\/2014\/11\/20141126_nv_7dan_11-150x150.jpg\" class=\"attachment-thumbnail size-thumbnail\" alt=\"\" loading=\"lazy\" \/><\/a>\n\t\t\t<\/div><\/figure><figure class='gallery-item'>\n\t\t\t<div class='gallery-icon portrait'>\n\t\t\t\t<a href='http:\/\/unipas.si\/_stara20112018\/wp-content\/uploads\/2014\/11\/20141126_nv_7dan_14.jpg' title=\"\" data-rl_title=\"\" class=\"rl-gallery-link\" data-rl_caption=\"\" data-rel=\"lightbox-gallery-1\"><img width=\"150\" height=\"150\" src=\"http:\/\/unipas.si\/_stara20112018\/wp-content\/uploads\/2014\/11\/20141126_nv_7dan_14-150x150.jpg\" class=\"attachment-thumbnail size-thumbnail\" alt=\"\" loading=\"lazy\" \/><\/a>\n\t\t\t<\/div><\/figure><figure class='gallery-item'>\n\t\t\t<div class='gallery-icon landscape'>\n\t\t\t\t<a href='http:\/\/unipas.si\/_stara20112018\/wp-content\/uploads\/2014\/11\/20141126_nv_7dan_16.jpg' title=\"\" data-rl_title=\"\" class=\"rl-gallery-link\" data-rl_caption=\"\" data-rel=\"lightbox-gallery-1\"><img width=\"150\" height=\"150\" src=\"http:\/\/unipas.si\/_stara20112018\/wp-content\/uploads\/2014\/11\/20141126_nv_7dan_16-150x150.jpg\" class=\"attachment-thumbnail size-thumbnail\" alt=\"\" loading=\"lazy\" \/><\/a>\n\t\t\t<\/div><\/figure><figure class='gallery-item'>\n\t\t\t<div class='gallery-icon landscape'>\n\t\t\t\t<a href='http:\/\/unipas.si\/_stara20112018\/wp-content\/uploads\/2014\/11\/20141126_nv_7dan_23.jpg' title=\"\" data-rl_title=\"\" class=\"rl-gallery-link\" data-rl_caption=\"\" data-rel=\"lightbox-gallery-1\"><img width=\"150\" height=\"150\" src=\"http:\/\/unipas.si\/_stara20112018\/wp-content\/uploads\/2014\/11\/20141126_nv_7dan_23-150x150.jpg\" class=\"attachment-thumbnail size-thumbnail\" alt=\"\" loading=\"lazy\" \/><\/a>\n\t\t\t<\/div><\/figure><figure class='gallery-item'>\n\t\t\t<div class='gallery-icon landscape'>\n\t\t\t\t<a href='http:\/\/unipas.si\/_stara20112018\/wp-content\/uploads\/2014\/11\/20141126_nv_7dan_24.jpg' title=\"\" data-rl_title=\"\" class=\"rl-gallery-link\" data-rl_caption=\"\" data-rel=\"lightbox-gallery-1\"><img width=\"150\" height=\"150\" src=\"http:\/\/unipas.si\/_stara20112018\/wp-content\/uploads\/2014\/11\/20141126_nv_7dan_24-150x150.jpg\" class=\"attachment-thumbnail size-thumbnail\" alt=\"\" loading=\"lazy\" \/><\/a>\n\t\t\t<\/div><\/figure><figure class='gallery-item'>\n\t\t\t<div class='gallery-icon landscape'>\n\t\t\t\t<a href='http:\/\/unipas.si\/_stara20112018\/wp-content\/uploads\/2014\/11\/20141126_nv_7dan_26.jpg' title=\"\" data-rl_title=\"\" class=\"rl-gallery-link\" data-rl_caption=\"\" data-rel=\"lightbox-gallery-1\"><img width=\"150\" height=\"150\" src=\"http:\/\/unipas.si\/_stara20112018\/wp-content\/uploads\/2014\/11\/20141126_nv_7dan_26-150x150.jpg\" class=\"attachment-thumbnail size-thumbnail\" alt=\"\" loading=\"lazy\" \/><\/a>\n\t\t\t<\/div><\/figure><figure class='gallery-item'>\n\t\t\t<div class='gallery-icon landscape'>\n\t\t\t\t<a href='http:\/\/unipas.si\/_stara20112018\/wp-content\/uploads\/2014\/11\/20141126_nv_7dan_29.jpg' title=\"\" data-rl_title=\"\" class=\"rl-gallery-link\" data-rl_caption=\"\" data-rel=\"lightbox-gallery-1\"><img width=\"150\" height=\"150\" src=\"http:\/\/unipas.si\/_stara20112018\/wp-content\/uploads\/2014\/11\/20141126_nv_7dan_29-150x150.jpg\" class=\"attachment-thumbnail size-thumbnail\" alt=\"\" loading=\"lazy\" \/><\/a>\n\t\t\t<\/div><\/figure><figure class='gallery-item'>\n\t\t\t<div class='gallery-icon landscape'>\n\t\t\t\t<a href='http:\/\/unipas.si\/_stara20112018\/wp-content\/uploads\/2014\/11\/20141126_nv_7dan_32.jpg' title=\"\" data-rl_title=\"\" class=\"rl-gallery-link\" data-rl_caption=\"\" data-rel=\"lightbox-gallery-1\"><img width=\"150\" height=\"150\" src=\"http:\/\/unipas.si\/_stara20112018\/wp-content\/uploads\/2014\/11\/20141126_nv_7dan_32-150x150.jpg\" class=\"attachment-thumbnail size-thumbnail\" alt=\"\" loading=\"lazy\" \/><\/a>\n\t\t\t<\/div><\/figure><figure class='gallery-item'>\n\t\t\t<div class='gallery-icon landscape'>\n\t\t\t\t<a href='http:\/\/unipas.si\/_stara20112018\/wp-content\/uploads\/2014\/11\/20141126_nv_7dan_33.jpg' title=\"\" data-rl_title=\"\" class=\"rl-gallery-link\" data-rl_caption=\"\" data-rel=\"lightbox-gallery-1\"><img width=\"150\" height=\"150\" src=\"http:\/\/unipas.si\/_stara20112018\/wp-content\/uploads\/2014\/11\/20141126_nv_7dan_33-150x150.jpg\" class=\"attachment-thumbnail size-thumbnail\" alt=\"\" loading=\"lazy\" \/><\/a>\n\t\t\t<\/div><\/figure><figure class='gallery-item'>\n\t\t\t<div class='gallery-icon landscape'>\n\t\t\t\t<a href='http:\/\/unipas.si\/_stara20112018\/wp-content\/uploads\/2014\/11\/20141126_nv_7dan_34.jpg' title=\"\" data-rl_title=\"\" class=\"rl-gallery-link\" data-rl_caption=\"\" data-rel=\"lightbox-gallery-1\"><img width=\"150\" height=\"150\" src=\"http:\/\/unipas.si\/_stara20112018\/wp-content\/uploads\/2014\/11\/20141126_nv_7dan_34-150x150.jpg\" class=\"attachment-thumbnail size-thumbnail\" alt=\"\" loading=\"lazy\" \/><\/a>\n\t\t\t<\/div><\/figure><figure class='gallery-item'>\n\t\t\t<div class='gallery-icon landscape'>\n\t\t\t\t<a href='http:\/\/unipas.si\/_stara20112018\/wp-content\/uploads\/2014\/11\/20141126_nv_7dan_35.jpg' title=\"\" data-rl_title=\"\" class=\"rl-gallery-link\" data-rl_caption=\"\" data-rel=\"lightbox-gallery-1\"><img width=\"150\" height=\"150\" src=\"http:\/\/unipas.si\/_stara20112018\/wp-content\/uploads\/2014\/11\/20141126_nv_7dan_35-150x150.jpg\" class=\"attachment-thumbnail size-thumbnail\" alt=\"\" loading=\"lazy\" \/><\/a>\n\t\t\t<\/div><\/figure><figure class='gallery-item'>\n\t\t\t<div class='gallery-icon landscape'>\n\t\t\t\t<a href='http:\/\/unipas.si\/_stara20112018\/wp-content\/uploads\/2014\/11\/20141126_nv_7dan_38.jpg' title=\"\" data-rl_title=\"\" class=\"rl-gallery-link\" data-rl_caption=\"\" data-rel=\"lightbox-gallery-1\"><img width=\"150\" height=\"150\" src=\"http:\/\/unipas.si\/_stara20112018\/wp-content\/uploads\/2014\/11\/20141126_nv_7dan_38-150x150.jpg\" class=\"attachment-thumbnail size-thumbnail\" alt=\"\" loading=\"lazy\" \/><\/a>\n\t\t\t<\/div><\/figure>\n\t\t<\/div>\n\n","protected":false},"excerpt":{"rendered":"<p>Na leto&scaron;njem predzadnjem Nikodemovem ve\u010deru z naslovom &raquo;Mladi &ndash; ujetniki preteklosti?&laquo; smo se podali na dve obrobji. Prvi\u010d, govorili smo z mladimi in o mladih, ki so dandanes na udaru&hellip; <\/p>\n","protected":false},"author":1,"featured_media":2593,"comment_status":"closed","ping_status":"closed","sticky":false,"template":"","format":"standard","meta":{"_monsterinsights_skip_tracking":false,"_monsterinsights_sitenote_active":false,"_monsterinsights_sitenote_note":"","_monsterinsights_sitenote_category":0,"ngg_post_thumbnail":0},"categories":[54],"tags":[],"_links":{"self":[{"href":"http:\/\/unipas.si\/_stara20112018\/wp-json\/wp\/v2\/posts\/2608"}],"collection":[{"href":"http:\/\/unipas.si\/_stara20112018\/wp-json\/wp\/v2\/posts"}],"about":[{"href":"http:\/\/unipas.si\/_stara20112018\/wp-json\/wp\/v2\/types\/post"}],"author":[{"embeddable":true,"href":"http:\/\/unipas.si\/_stara20112018\/wp-json\/wp\/v2\/users\/1"}],"replies":[{"embeddable":true,"href":"http:\/\/unipas.si\/_stara20112018\/wp-json\/wp\/v2\/comments?post=2608"}],"version-history":[{"count":0,"href":"http:\/\/unipas.si\/_stara20112018\/wp-json\/wp\/v2\/posts\/2608\/revisions"}],"wp:featuredmedia":[{"embeddable":true,"href":"http:\/\/unipas.si\/_stara20112018\/wp-json\/wp\/v2\/media\/2593"}],"wp:attachment":[{"href":"http:\/\/unipas.si\/_stara20112018\/wp-json\/wp\/v2\/media?parent=2608"}],"wp:term":[{"taxonomy":"category","embeddable":true,"href":"http:\/\/unipas.si\/_stara20112018\/wp-json\/wp\/v2\/categories?post=2608"},{"taxonomy":"post_tag","embeddable":true,"href":"http:\/\/unipas.si\/_stara20112018\/wp-json\/wp\/v2\/tags?post=2608"}],"curies":[{"name":"wp","href":"https:\/\/api.w.org\/{rel}","templated":true}]}}