{"id":2511,"date":"2014-11-19T11:58:00","date_gmt":"2014-11-19T10:58:00","guid":{"rendered":"http:\/\/unipas.si\/wp\/2014\/11\/19\/nikodemovi-veceri-2014-tretji-dan\/"},"modified":"2014-11-19T11:58:00","modified_gmt":"2014-11-19T10:58:00","slug":"nikodemovi-veceri-2014-tretji-dan","status":"publish","type":"post","link":"http:\/\/unipas.si\/_stara20112018\/nikodemovi-veceri-2014-tretji-dan\/","title":{"rendered":"3. ve\u010der: Ranjena ob\u010destva"},"content":{"rendered":"<p> \t<span style=\"color:#000000;\"><img loading=\"lazy\" class=\" alignright size-full wp-image-2491\" alt=\"\" src=\"http:\/\/unipas.si-content\/uploads\/2014\/11\/20141119_nv_3dan_06.jpg\" style=\"width: 150px; height: 100px; float: right;\" width=\"1024\" height=\"683\" srcset=\"http:\/\/unipas.si\/_stara20112018\/wp-content\/uploads\/2014\/11\/20141119_nv_3dan_06.jpg 1024w, http:\/\/unipas.si\/_stara20112018\/wp-content\/uploads\/2014\/11\/20141119_nv_3dan_06-300x200.jpg 300w, http:\/\/unipas.si\/_stara20112018\/wp-content\/uploads\/2014\/11\/20141119_nv_3dan_06-768x512.jpg 768w\" sizes=\"(max-width: 1024px) 100vw, 1024px\" \/>V okviru leto&scaron;njih Nikodemovih ve\u010derov je sino\u010di na Teolo&scaron;ki fakulteti v Ljubljani potekala okrogla miza z naslovom&nbsp;<strong><em>Ranjena ob\u010destva.&nbsp;<\/em><\/strong>Gostje ve\u010dera so bili&nbsp;dr.&nbsp;Vinko Poto\u010dnik<strong><em>,<\/em><\/strong>&nbsp;duhovnik, dr. dru\u017ebenih ved: za sociologijo in psihologijo,&nbsp;doc. dr.&nbsp;Igor &Scaron;kamperle<em>,<\/em>&nbsp;filozof, sociolog, religiolog in pisatelj,&nbsp;Jo\u017ee Mo\u017eina<em>,<\/em>&nbsp;zgodovinar in sociolog kulture ter&nbsp;novinar in re\u017eiser. Okroglo mizo je vodila Mojca Perat s Socialne akademije.<\/span><\/p>\n<p> \t<span style=\"color:#000000;\">Vodilo za razpravo na okrogli mizi je bila misel in poziv pape\u017ea Fran\u010di&scaron;ka cerkvenemu ob\u010destvu &ldquo;Pojdite na obrobja&rdquo;. Zanimiva izto\u010dnica za razpravo pa je bilo dejstvo, da vsi trije sogovorniki prihajajo iz obmo\u010dij, ki na nek na\u010din sodijo na slovensko obrobje; iz Maribora, Trsta in Ajdov&scaron;\u010dine.<\/span><\/p>\n<p>   <!--more-->  <\/p>\n<p> \t<span style=\"color:#000000;\">V zelo zanimivi in vsebinski razpravi so sogovorniki vsak s svojega zornega kota predstavljali fenomen ranjenih ob\u010destev, njihovega prepoznavanja in aktivnega soo\u010denja s posledicami&nbsp;ter njihovega odpravljanja. Dr. Vinko Poto\u010dnik je kot duhovnik in psiholog izpostavil vrsto ob\u010destvenih ran ter ranjenih posameznikov po slovenskih \u017eupnijah. Pri tem je opozoril na nedavno kon\u010dano &scaron;kofovsko sinodo v Vatikanu, kjer je posebej izpostavil novo dikcijo v zaklju\u010dnem dokumentu, ki jasno govori o potrebi poslu&scaron;anja in ne samo prepoznavanja ranjenih ob\u010destev znotraj cerkve kot &scaron;ir&scaron;e v dru\u017ebi. Pri tem je z vidika analize znanstvene raziskave o empatiji slovenskemu narodu postavil tudi sila neprijetno ogledalo, saj so rezultati empatije Slovencev do obrobnih in ranjenih ob\u010destev ter posameznikov zelo slabi.<\/span><\/p>\n<p> \t<span style=\"color:#000000;\">Dr.&nbsp;Igor &Scaron;kamperle je z vidika zamejskega Slovenca, danes \u017eive\u010dega v Ljubljani, ter&nbsp;&nbsp;s sociolo&scaron;kega vidika opozoril na neke vrste napetosti, strah, ki nastaja zaradi spremenjenega na\u010dina \u017eivljenja, poplave informacij, novih zahtev, ki nam jih servira dru\u017eba. \u010clovek postaja prepla&scaron;en, da ne bo ustregel pri\u010dakovanjem dru\u017ebe, da ne bo popolen. Prvi steber, ki pomirja \u010dloveka, &Scaron;kamperle vidi v zaupanju v Boga, v veri. \u010ceprav je vera kolektivna, je tudi osebna, ker ima vsak posameznik osebni stik z Bogom. Drugi steber je samozaupanje, zaupanje vase, da zmorem. Tretji steber je zaupanje v svet. Tudi svet sam je ranjen, ni popoln, vendar je lep. Umetnost nas s svojimi izrazi slikarstva, glasbe, literature u\u010di \u010dutenja \u010dlovekovega strahu, ljubezni, lepote, smrti. Umetnost nas u\u010di oblik \u010dustvovanja v odnosu do stvarstva in bivanja \u010dloveka v \u010dasu.<\/span><\/p>\n<p> \t<span style=\"color:#000000;\">Novinar Jo\u017ee Mo\u017eina se strokovno in poklicno \u017ee vrsto let ukvarja s tematikami iz obrobja, predvsem s problematiko zanikane zgodovine in zato toliko bolj problemati\u010dnega soo\u010denja z narodovo preteklostjo. Pri tem je posebej poudaril&nbsp;dejstvo, da resnica v nobenem primeru ne vodi do nadaljnih razdorov v slovenskem narodu ter na paradoksalno dejstvo, da sta prav na\u010drtni molk in zanikanje, travme slovenske polpretekle zgodovine raztegnila celo na dana&scaron;nje generacije. V kratkem dokumentarnem prispevku s pri\u010devalci iz Dra\u017ego&scaron; je na nazoren na\u010din tudi predstavil nesmiselno mitologijo, ki nas kot narod na\u010drtno oddaljujejo od resnice. Zato so pri\u010devanja posameznikov po njegovem mnenju danes &scaron;e kako potrebna.<\/span><\/p>\n<p> \t<span style=\"color:#000000;\">&Scaron;e ena zanimiva ugotovitev vseh treh razpravljalcev je bila ve\u010dkrat poudarjena v sino\u010dnjem ve\u010deru. Namre\u010d dejstvo, da nas moderni \u010das z vsemi informacijskimi in tehnolo&scaron;kimi mo\u017enostmi in &scaron;iroko ponudbo, dejansko omejuje pri prepoznavanju prave dru\u017ebene realnosti in posledi\u010dno pravilnemu odzivanju nanjo.<\/span><\/p>\n<p> \t<span style=\"color:#000000;\">Audio posnetek <a href=\"http:\/\/media01.radiovaticana.va\/audiomp3\/00453906.MP3\">1. dela pogovora<\/a> in<a href=\"http:\/\/media01.radiovaticana.va\/audiomp3\/00453908.MP3\"> 2. dela pogovora<\/a>.<\/span><\/p>\n<p> \t<span style=\"color:#000000;\"><a href=\"https:\/\/www.youtube.com\/watch?feature=player_embedded&amp;v=ZO64rBA0Jig\">Video posnetek<\/a> predavanja.<\/span><\/p>\n<div id='gallery-1' class='gallery galleryid-2511 gallery-columns-3 gallery-size-thumbnail'><figure class='gallery-item'>\n\t\t\t<div class='gallery-icon portrait'>\n\t\t\t\t<a href='http:\/\/unipas.si\/_stara20112018\/wp-content\/uploads\/2014\/11\/20141119_nv_3dan_01.jpg' title=\"\" data-rl_title=\"\" class=\"rl-gallery-link\" data-rl_caption=\"\" data-rel=\"lightbox-gallery-1\"><img width=\"150\" height=\"150\" src=\"http:\/\/unipas.si\/_stara20112018\/wp-content\/uploads\/2014\/11\/20141119_nv_3dan_01-150x150.jpg\" class=\"attachment-thumbnail size-thumbnail\" alt=\"\" loading=\"lazy\" \/><\/a>\n\t\t\t<\/div><\/figure><figure class='gallery-item'>\n\t\t\t<div class='gallery-icon portrait'>\n\t\t\t\t<a href='http:\/\/unipas.si\/_stara20112018\/wp-content\/uploads\/2014\/11\/20141119_nv_3dan_02.jpg' title=\"\" data-rl_title=\"\" class=\"rl-gallery-link\" data-rl_caption=\"\" data-rel=\"lightbox-gallery-1\"><img width=\"150\" height=\"150\" src=\"http:\/\/unipas.si\/_stara20112018\/wp-content\/uploads\/2014\/11\/20141119_nv_3dan_02-150x150.jpg\" class=\"attachment-thumbnail size-thumbnail\" alt=\"\" loading=\"lazy\" \/><\/a>\n\t\t\t<\/div><\/figure><figure class='gallery-item'>\n\t\t\t<div class='gallery-icon portrait'>\n\t\t\t\t<a href='http:\/\/unipas.si\/_stara20112018\/wp-content\/uploads\/2014\/11\/20141119_nv_3dan_03.jpg' title=\"\" data-rl_title=\"\" class=\"rl-gallery-link\" data-rl_caption=\"\" data-rel=\"lightbox-gallery-1\"><img width=\"150\" height=\"150\" src=\"http:\/\/unipas.si\/_stara20112018\/wp-content\/uploads\/2014\/11\/20141119_nv_3dan_03-150x150.jpg\" class=\"attachment-thumbnail size-thumbnail\" alt=\"\" loading=\"lazy\" \/><\/a>\n\t\t\t<\/div><\/figure><figure class='gallery-item'>\n\t\t\t<div class='gallery-icon portrait'>\n\t\t\t\t<a href='http:\/\/unipas.si\/_stara20112018\/wp-content\/uploads\/2014\/11\/20141119_nv_3dan_04.jpg' title=\"\" data-rl_title=\"\" class=\"rl-gallery-link\" data-rl_caption=\"\" data-rel=\"lightbox-gallery-1\"><img width=\"150\" height=\"150\" src=\"http:\/\/unipas.si\/_stara20112018\/wp-content\/uploads\/2014\/11\/20141119_nv_3dan_04-150x150.jpg\" class=\"attachment-thumbnail size-thumbnail\" alt=\"\" loading=\"lazy\" \/><\/a>\n\t\t\t<\/div><\/figure><figure class='gallery-item'>\n\t\t\t<div class='gallery-icon portrait'>\n\t\t\t\t<a href='http:\/\/unipas.si\/_stara20112018\/wp-content\/uploads\/2014\/11\/20141119_nv_3dan_05.jpg' title=\"\" data-rl_title=\"\" class=\"rl-gallery-link\" data-rl_caption=\"\" data-rel=\"lightbox-gallery-1\"><img width=\"150\" height=\"150\" src=\"http:\/\/unipas.si\/_stara20112018\/wp-content\/uploads\/2014\/11\/20141119_nv_3dan_05-150x150.jpg\" class=\"attachment-thumbnail size-thumbnail\" alt=\"\" loading=\"lazy\" \/><\/a>\n\t\t\t<\/div><\/figure><figure class='gallery-item'>\n\t\t\t<div class='gallery-icon landscape'>\n\t\t\t\t<a href='http:\/\/unipas.si\/_stara20112018\/wp-content\/uploads\/2014\/11\/20141119_nv_3dan_06.jpg' title=\"\" data-rl_title=\"\" class=\"rl-gallery-link\" data-rl_caption=\"\" data-rel=\"lightbox-gallery-1\"><img width=\"150\" height=\"150\" src=\"http:\/\/unipas.si\/_stara20112018\/wp-content\/uploads\/2014\/11\/20141119_nv_3dan_06-150x150.jpg\" class=\"attachment-thumbnail size-thumbnail\" alt=\"\" loading=\"lazy\" \/><\/a>\n\t\t\t<\/div><\/figure><figure class='gallery-item'>\n\t\t\t<div class='gallery-icon landscape'>\n\t\t\t\t<a href='http:\/\/unipas.si\/_stara20112018\/wp-content\/uploads\/2014\/11\/20141119_nv_3dan_07.jpg' title=\"\" data-rl_title=\"\" class=\"rl-gallery-link\" data-rl_caption=\"\" data-rel=\"lightbox-gallery-1\"><img width=\"150\" height=\"150\" src=\"http:\/\/unipas.si\/_stara20112018\/wp-content\/uploads\/2014\/11\/20141119_nv_3dan_07-150x150.jpg\" class=\"attachment-thumbnail size-thumbnail\" alt=\"\" loading=\"lazy\" \/><\/a>\n\t\t\t<\/div><\/figure><figure class='gallery-item'>\n\t\t\t<div class='gallery-icon portrait'>\n\t\t\t\t<a href='http:\/\/unipas.si\/_stara20112018\/wp-content\/uploads\/2014\/11\/20141119_nv_3dan_08.jpg' title=\"\" data-rl_title=\"\" class=\"rl-gallery-link\" data-rl_caption=\"\" data-rel=\"lightbox-gallery-1\"><img width=\"150\" height=\"150\" src=\"http:\/\/unipas.si\/_stara20112018\/wp-content\/uploads\/2014\/11\/20141119_nv_3dan_08-150x150.jpg\" class=\"attachment-thumbnail size-thumbnail\" alt=\"\" loading=\"lazy\" \/><\/a>\n\t\t\t<\/div><\/figure><figure class='gallery-item'>\n\t\t\t<div class='gallery-icon portrait'>\n\t\t\t\t<a href='http:\/\/unipas.si\/_stara20112018\/wp-content\/uploads\/2014\/11\/20141119_nv_3dan_09.jpg' title=\"\" data-rl_title=\"\" class=\"rl-gallery-link\" data-rl_caption=\"\" data-rel=\"lightbox-gallery-1\"><img width=\"150\" height=\"150\" src=\"http:\/\/unipas.si\/_stara20112018\/wp-content\/uploads\/2014\/11\/20141119_nv_3dan_09-150x150.jpg\" class=\"attachment-thumbnail size-thumbnail\" alt=\"\" loading=\"lazy\" \/><\/a>\n\t\t\t<\/div><\/figure><figure class='gallery-item'>\n\t\t\t<div class='gallery-icon landscape'>\n\t\t\t\t<a href='http:\/\/unipas.si\/_stara20112018\/wp-content\/uploads\/2014\/11\/20141119_nv_3dan_10.jpg' title=\"\" data-rl_title=\"\" class=\"rl-gallery-link\" data-rl_caption=\"\" data-rel=\"lightbox-gallery-1\"><img width=\"150\" height=\"150\" src=\"http:\/\/unipas.si\/_stara20112018\/wp-content\/uploads\/2014\/11\/20141119_nv_3dan_10-150x150.jpg\" class=\"attachment-thumbnail size-thumbnail\" alt=\"\" loading=\"lazy\" \/><\/a>\n\t\t\t<\/div><\/figure><figure class='gallery-item'>\n\t\t\t<div class='gallery-icon landscape'>\n\t\t\t\t<a href='http:\/\/unipas.si\/_stara20112018\/wp-content\/uploads\/2014\/11\/20141119_nv_3dan_11.jpg' title=\"\" data-rl_title=\"\" class=\"rl-gallery-link\" data-rl_caption=\"\" data-rel=\"lightbox-gallery-1\"><img width=\"150\" height=\"150\" src=\"http:\/\/unipas.si\/_stara20112018\/wp-content\/uploads\/2014\/11\/20141119_nv_3dan_11-150x150.jpg\" class=\"attachment-thumbnail size-thumbnail\" alt=\"\" loading=\"lazy\" \/><\/a>\n\t\t\t<\/div><\/figure><figure class='gallery-item'>\n\t\t\t<div class='gallery-icon portrait'>\n\t\t\t\t<a href='http:\/\/unipas.si\/_stara20112018\/wp-content\/uploads\/2014\/11\/20141119_nv_3dan_12.jpg' title=\"\" data-rl_title=\"\" class=\"rl-gallery-link\" data-rl_caption=\"\" data-rel=\"lightbox-gallery-1\"><img width=\"150\" height=\"150\" src=\"http:\/\/unipas.si\/_stara20112018\/wp-content\/uploads\/2014\/11\/20141119_nv_3dan_12-150x150.jpg\" class=\"attachment-thumbnail size-thumbnail\" alt=\"\" loading=\"lazy\" \/><\/a>\n\t\t\t<\/div><\/figure><figure class='gallery-item'>\n\t\t\t<div class='gallery-icon portrait'>\n\t\t\t\t<a href='http:\/\/unipas.si\/_stara20112018\/wp-content\/uploads\/2014\/11\/20141119_nv_3dan_13.jpg' title=\"\" data-rl_title=\"\" class=\"rl-gallery-link\" data-rl_caption=\"\" data-rel=\"lightbox-gallery-1\"><img width=\"150\" height=\"150\" src=\"http:\/\/unipas.si\/_stara20112018\/wp-content\/uploads\/2014\/11\/20141119_nv_3dan_13-150x150.jpg\" class=\"attachment-thumbnail size-thumbnail\" alt=\"\" loading=\"lazy\" \/><\/a>\n\t\t\t<\/div><\/figure><figure class='gallery-item'>\n\t\t\t<div class='gallery-icon portrait'>\n\t\t\t\t<a href='http:\/\/unipas.si\/_stara20112018\/wp-content\/uploads\/2014\/11\/20141119_nv_3dan_14.jpg' title=\"\" data-rl_title=\"\" class=\"rl-gallery-link\" data-rl_caption=\"\" data-rel=\"lightbox-gallery-1\"><img width=\"150\" height=\"150\" src=\"http:\/\/unipas.si\/_stara20112018\/wp-content\/uploads\/2014\/11\/20141119_nv_3dan_14-150x150.jpg\" class=\"attachment-thumbnail size-thumbnail\" alt=\"\" loading=\"lazy\" \/><\/a>\n\t\t\t<\/div><\/figure>\n\t\t<\/div>\n\n","protected":false},"excerpt":{"rendered":"<p>V okviru leto&scaron;njih Nikodemovih ve\u010derov je sino\u010di na Teolo&scaron;ki fakulteti v Ljubljani potekala okrogla miza z naslovom&nbsp;Ranjena ob\u010destva.&nbsp;Gostje ve\u010dera so bili&nbsp;dr.&nbsp;Vinko Poto\u010dnik,&nbsp;duhovnik, dr. dru\u017ebenih ved: za sociologijo in psihologijo,&nbsp;doc. dr.&nbsp;Igor&hellip; <\/p>\n","protected":false},"author":1,"featured_media":2491,"comment_status":"closed","ping_status":"closed","sticky":false,"template":"","format":"standard","meta":{"_monsterinsights_skip_tracking":false,"_monsterinsights_sitenote_active":false,"_monsterinsights_sitenote_note":"","_monsterinsights_sitenote_category":0,"ngg_post_thumbnail":0},"categories":[54],"tags":[],"_links":{"self":[{"href":"http:\/\/unipas.si\/_stara20112018\/wp-json\/wp\/v2\/posts\/2511"}],"collection":[{"href":"http:\/\/unipas.si\/_stara20112018\/wp-json\/wp\/v2\/posts"}],"about":[{"href":"http:\/\/unipas.si\/_stara20112018\/wp-json\/wp\/v2\/types\/post"}],"author":[{"embeddable":true,"href":"http:\/\/unipas.si\/_stara20112018\/wp-json\/wp\/v2\/users\/1"}],"replies":[{"embeddable":true,"href":"http:\/\/unipas.si\/_stara20112018\/wp-json\/wp\/v2\/comments?post=2511"}],"version-history":[{"count":0,"href":"http:\/\/unipas.si\/_stara20112018\/wp-json\/wp\/v2\/posts\/2511\/revisions"}],"wp:featuredmedia":[{"embeddable":true,"href":"http:\/\/unipas.si\/_stara20112018\/wp-json\/wp\/v2\/media\/2491"}],"wp:attachment":[{"href":"http:\/\/unipas.si\/_stara20112018\/wp-json\/wp\/v2\/media?parent=2511"}],"wp:term":[{"taxonomy":"category","embeddable":true,"href":"http:\/\/unipas.si\/_stara20112018\/wp-json\/wp\/v2\/categories?post=2511"},{"taxonomy":"post_tag","embeddable":true,"href":"http:\/\/unipas.si\/_stara20112018\/wp-json\/wp\/v2\/tags?post=2511"}],"curies":[{"name":"wp","href":"https:\/\/api.w.org\/{rel}","templated":true}]}}