{"id":249,"date":"2011-08-27T23:00:00","date_gmt":"2011-08-27T21:00:00","guid":{"rendered":"http:\/\/unipas.si\/wp\/2011\/08\/27\/pocitnisko-duhovni-program-2\/"},"modified":"2018-08-31T18:18:42","modified_gmt":"2018-08-31T16:18:42","slug":"pocitnisko-duhovni-program-2","status":"publish","type":"post","link":"http:\/\/unipas.si\/_stara20112018\/pocitnisko-duhovni-program-2\/","title":{"rendered":"Po\u010ditni\u0161ko duhovni program II."},"content":{"rendered":"<p> \t<strong><a href=\"http:\/\/unipas.si\/2011\/08\/27\/pocitnisko-duhovni-program-2\/\"><img loading=\"lazy\" class=\" alignleft size-full wp-image-247\" alt=\"kaprije\" height=\"100\" src=\"http:\/\/unipas.si-content\/uploads\/2011\/07\/kaprije.jpg\" style=\"margin-right: 20px; float: left;\" width=\"100\" \/><\/a><\/strong><\/p>\n<p style=\"text-align: justify;\"> \t<strong>KAPRIJE &#8211; Poletni tedni za &scaron;tudente in mlade v poklicih<\/strong>, <strong>28. avgust-4. september 2011<\/strong>, Otok Kaprije, Hrva&scaron;ka<br \/> \tUNIPAS (Univerzitetna pastorala) u\u017eiva v izzivih, ki jih ponuja \u017eivljenje in tako pripravlja nov duhovno-po\u010ditni&scaron;ki program za &scaron;tudente in mlade v poklicih v starosti od 18-35 let. Odpo\u010diti se, si nabrati novih mo\u010di za telo, si privo&scaron;\u010diti nekaj ur plavanja, predvsem pa veliko prilo\u017enosti za medsebojne pogovore, zanimive debate, pa tudi trenutke ti&scaron;ine, dela na sebi, prilo\u017enosti za molitev, duhovno poglabljanje, &#8230; vse to so zna\u010dilnosti na&scaron;ega programa. Bi se nam pridru\u017eil\/-a?<br \/> \t&nbsp;<\/p>\n<p>   <!--more-->  <\/p>\n<p style=\"text-align: justify;\"> \tProgram je namenjen &scaron;tudentom in mladim v poklicih v starosti od 18 do 35 let. Mlaj&scaron;i imajo mo\u017enost sodelovanja v SKAM-ovi poletni &scaron;oli skupnosti (<a href=\"http:\/\/www.drustvo-skam.si\/kaprije\">http:\/\/www.drustvo-skam.si\/kaprije<\/a>), starej&scaron;e od 30 let (\u010deprav sprejmemo pri nas do 35 leta starosti) pa vabimo, naj se obrnejo na skupino 30+, ki jo vodi p. Jo\u017eko Zajec DJ. Prav je, da si vsak poi&scaron;\u010de tisto skupino, ki je njegovim letom najbli\u017eja. Po eni strani se bo sam najbolj&scaron;e po\u010dutil med sebi podobnimi, po drugi strani pa je tudi veliko la\u017eje delati v skupini, \u010de starostni razpon udele\u017eencev ni prevelik.<\/p>\n<p style=\"text-align: justify;\"> \t&nbsp;<\/p>\n<p> \tTema po\u010ditni&scaron;ko duhovnih dnevov Kaprije 2011: <strong>Biti kristjan v sodobni dru\u017ebi<\/strong><\/p>\n<p> \tGlavno vpra&scaron;anje, ki se ga \u017eelimo dotakniti v leto&scaron;njem programu na Kaprijah je: &quot;Kako biti kristjan v sodobni dru\u017ebi?&quot; Odgovor bomo iskali preko zgledov \u017eivljenja raznih svetnikov ali svetni&scaron;kih kandidatov, po ve\u010dini mlaj&scaron;ega izvora in zaradi tega mogo\u010de celo manj poznanih. Preko njih se \u017eelimo dotakniti vpra&scaron;anj o spolnosti, materialnih dobrinah, vpra&scaron;anje soo\u010denja s samim seboj, skrb za drugega, zaupanje\/samozaupanje, samota&hellip; Spoznali bomo na primer Enrico Plebani, ki je v vsega skupaj 30 letih svojega \u017eivljenja izkusila droge, razne ljubezenske avanture&hellip; a se na koncu popolnoma posvetila slu\u017eenju najbolj ubogim in na koncu umrla za \u017eol\u010dnim limfomom. Zagotovo nam lahko zgled njenega \u017eivljenja v marsi\u010dem pomaga pri premagovanju na&scaron;ih \u017eivljenjskih vpra&scaron;anj.<\/p>\n<p> \tRazli\u010dni mo\u017eje in \u017eene so tudi nam danes lahko v veliko spodbudo pri na&scaron;em kr&scaron;\u010danskem \u017eivljenju. Eni so \u017eiveli skrito pred o\u010dmi javnosti, drugi bili dru\u017ebeno aktivni, tretji morali veliko pretrpeti, \u010detrti so bili zgled skromnosti in poni\u017enosti. Predvsem pa so vsak na svoj na\u010din izvirno \u017eiveli svoje kr&scaron;\u010dansko poslanstvo. In kako ga \u017eivi&scaron; ti?<\/p>\n<p> \t&nbsp;<\/p>\n<p> \t<strong>Termini<\/strong><br \/> \tNa razpolago sta dva termina, v katera se lahko prijavite:<\/p>\n<ul>\n<li> \t\t<strong>24.-31. julij 2011<\/strong><\/li>\n<li> \t\t<strong>28. avgust-4. september 2011<\/strong><\/li>\n<\/ul>\n<p> \tVoditelj obeh terminov: Klemen Svetelj, &scaron;tudentski duhovnik v Ljubljani. Z njim sodeluje &scaron;e ekipa, ki mu pomaga pri tehni\u010dnih in vsebinskih poudarkih.<\/p>\n<p> \t&nbsp;<\/p>\n<p> \tPrijavi se: <a href=\"http:\/\/www.drustvo-skam.si\/kaprije\/prijavnicagosti.php\">http:\/\/<span>www.drustvo-skam.si<\/span>\/<span>kaprije<\/span>\/<span>prijavnicagosti.php<\/span><\/a><\/p>\n<p> \t<strong><span>&Scaron;tevilo prostih mest<\/span><\/strong><br \/> \t<span>&Scaron;tevilo<\/span> <span>udele\u017eencev<\/span> je <span>omejeno<\/span> <span>na<\/span> 24. <span>Prednost<\/span> <span>ima<\/span>, <span>kdor<\/span> <span>prej<\/span> <span>poravna<\/span> <span>ceno<\/span> oz. <span>izpolni<\/span> <span>vse<\/span> <span>obveznosti<\/span> v <span>zvezi<\/span> s <span>prijavo<\/span>.<\/p>\n<p> \t&nbsp;<\/p>\n<p> \t<strong>Potek dneva<\/strong><br \/> \tPo potrebi se lahko kak&scaron;no stvar tudi med seboj dogovorimo in urnik nekoliko prilagodimo potrebam skupine.<\/p>\n<p> \tOkvirni dnevni na\u010drt (z mo\u017enostjo sprememb):<br \/> \t7.00 Ma&scaron;a v \u017eupnijski cerkvi (kdor \u017eeli)<br \/> \t7.45 Jutranja molitev, zajtrk, pomivanje<br \/> \t8.30 Dopoldansko kopanje<br \/> \t9.30 Vsebinski blok<br \/> \t11.30 Slu\u017eenje, delo po skupinah<br \/> \t13.00 Kosilo, pomivanje<br \/> \t14.30 Siesta, prosto, pla\u017ea<br \/> \t20.00 Ve\u010derja, pomivanje<br \/> \t21.30 Ve\u010derna molitev, refleksija, prosto<br \/> \tOblikovanje dneva je v veliki meri odvisno tudi od predlogov udele\u017eencev in pripravljenosti za sodelovanje.<\/p>\n<p> \t&nbsp;<\/p>\n<p> \t<strong>Na\u010din dela v vsebinskem bloku<\/strong><\/p>\n<p> \tDosedanje izku&scaron;nje na na&scaron;ih programih ka\u017eejo, da nekateri \u017eelijo in rabijo pogovor v skupini, zopet drugi si \u017eelijo ti&scaron;ino in ve\u010d osebnega dela. Mi sku&scaron;amo povezati oboje: na za\u010detku vsebinskega bloka je kratek uvod, nekaj za\u010detnih misli in napotkov, nato pa sledi osebno delo. Ob koncu osebnega dela je na razpolago nekaj \u010dasa, ko lahko (kdor \u017eeli) stvari predebatiramo tudi v skupini. \u010ce pa kdo \u017eeli ta \u010das porabiti &scaron;e za osebno delo, mu je to omogo\u010deno.<\/p>\n<p> \t<strong>Prevoz do &Scaron;ibenika in naprej na Kaprije<\/strong><br \/> \tNa Kaprije bomo potovali z avtobusom, ki bo imel odhod <strong>ob nedeljah ob 11. uri s parkiri&scaron;\u010da pred halo Tivoli v Ljubljani<\/strong>. Prevoz je vklju\u010den v ceno. V &Scaron;ibeniku se bomo vkrcali na trajekt z odhodom ob 19. uri. Na Kaprije bomo prispeli ob 21.25 uri.<br \/> \tOd Kaprij se bomo poslovili naslednjo nedeljo s trajektom ob 17.30. V &Scaron;ibeniku nas bo ob 18.40 \u010dakal avtobus, ki nas bo pripeljal v Ljubljano sredi no\u010di (1.00). V sezonskih konicah (konec julija, za\u010detek avgusta) se odhod iz &Scaron;ibenika lahko zakasni do 45 minut.<\/p>\n<p> \t<strong>Kaj vzeti s seboj?<\/strong><\/p>\n<ul>\n<li> \t\t<strong>spalno vre\u010do in rjuho<\/strong> za pod spalno vre\u010do (ali dve rjuhi namesto spalne vre\u010de) in <strong>prevleko za vzglavnik<\/strong> (kdor prevleke in rjuhe ne bo imel, ju bo lahko dobil v domu po ceni: rjuha 7 EUR\/kos, prevleka za vzglavnik 7 EUR\/kos)<\/li>\n<li> \t\t<strong>le\u017ealno podlogo<\/strong> (armafleks &#8211; lahko manj&scaron;i kos, za sedenje na prostem),<\/li>\n<li> \t\tle\u017ealno podlogo za na pla\u017eo,<\/li>\n<li> \t\tprimerna obla\u010dila in obutev za vro\u010de poletne dni in za na morje,<\/li>\n<li> \t\tkopalke, brisa\u010do, pokrivalo (kapa s &scaron;iltom, klobuk, ruta &#8230;), kremo za son\u010denje, sredstvo za za&scaron;\u010dito pred komarji,<\/li>\n<li> \t\tpripomo\u010dke za osebno higieno,<\/li>\n<li> \t\tzvezek in pisalo,<\/li>\n<li> \t\tosebni dokument in dokument o zdravstvenem zavarovanju,<\/li>\n<li> \t\tin&scaron;trument (kitara, orglice, flavta&#8230;) ali razne dru\u017eabne igre,<\/li>\n<li> \t\thrva&scaron;ke kune za pla\u010dilo brzega broda oz. trajekta, stro&scaron;ke bivanja, za sladoled, razglednice &#8230;<\/li>\n<\/ul>\n<p> \t<strong>Obvezno<\/strong> si na <a href=\"http:\/\/www.zzzs.si\/\" target=\"_blank\">Zavodu za zdravstveno zavarovanje Slovenije<\/a> brezpla\u010dno pridobite evropsko zdravstveno kartico.<\/p>\n<p> \t<strong>Druge prakti\u010dne informacije<\/strong><\/p>\n<ul>\n<li> \t\tKdor \u017eeli raziskovati otok, biti dele\u017een prelepih son\u010dnih vzhodov ali &scaron;e lep&scaron;ih zahodov, naj ima prinese s seboj tudi &scaron;portno obutev, ker so skale izredno ostre in pora&scaron;\u010dene s trnjem.<\/li>\n<li> \t\tKer so morski je\u017eki stalni prebivalci obale otoka, za la\u017eji vstop in izstop iz vode zelo prav pridejo plasti\u010dne opanke oz. primerna obutev za v vodo.<\/li>\n<li> \t\tPriporo\u010damo, da <strong>prinesete s seboj \u010dutaro, za katero boste sami skrbeli.<\/strong> Tako je vsak sam zase odgovoren za pija\u010do za na pla\u017eo.<\/li>\n<li> \t\tTrgovina na otoku ni ravno bogato zalo\u017eena (razglednice in sladoled se vendarle da dobiti ;), predvsem pa so cene vi&scaron;je (vse stvari je pa\u010d treba prepeljati s trajektom iz &Scaron;ibenika in to zara\u010dunajo zraven). Pretiranega luksuza torej ne smemo pri\u010dakovati!<\/li>\n<\/ul>\n","protected":false},"excerpt":{"rendered":"<p>KAPRIJE &#8211; Poletni tedni za &scaron;tudente in mlade v poklicih, 28. avgust-4. september 2011, Otok Kaprije, Hrva&scaron;ka UNIPAS (Univerzitetna pastorala) u\u017eiva v izzivih, ki jih ponuja \u017eivljenje in tako pripravlja&hellip; <\/p>\n","protected":false},"author":1,"featured_media":247,"comment_status":"closed","ping_status":"closed","sticky":false,"template":"","format":"standard","meta":{"_monsterinsights_skip_tracking":false,"_monsterinsights_sitenote_active":false,"_monsterinsights_sitenote_note":"","_monsterinsights_sitenote_category":0,"ngg_post_thumbnail":0},"categories":[20],"tags":[],"_links":{"self":[{"href":"http:\/\/unipas.si\/_stara20112018\/wp-json\/wp\/v2\/posts\/249"}],"collection":[{"href":"http:\/\/unipas.si\/_stara20112018\/wp-json\/wp\/v2\/posts"}],"about":[{"href":"http:\/\/unipas.si\/_stara20112018\/wp-json\/wp\/v2\/types\/post"}],"author":[{"embeddable":true,"href":"http:\/\/unipas.si\/_stara20112018\/wp-json\/wp\/v2\/users\/1"}],"replies":[{"embeddable":true,"href":"http:\/\/unipas.si\/_stara20112018\/wp-json\/wp\/v2\/comments?post=249"}],"version-history":[{"count":0,"href":"http:\/\/unipas.si\/_stara20112018\/wp-json\/wp\/v2\/posts\/249\/revisions"}],"wp:featuredmedia":[{"embeddable":true,"href":"http:\/\/unipas.si\/_stara20112018\/wp-json\/wp\/v2\/media\/247"}],"wp:attachment":[{"href":"http:\/\/unipas.si\/_stara20112018\/wp-json\/wp\/v2\/media?parent=249"}],"wp:term":[{"taxonomy":"category","embeddable":true,"href":"http:\/\/unipas.si\/_stara20112018\/wp-json\/wp\/v2\/categories?post=249"},{"taxonomy":"post_tag","embeddable":true,"href":"http:\/\/unipas.si\/_stara20112018\/wp-json\/wp\/v2\/tags?post=249"}],"curies":[{"name":"wp","href":"https:\/\/api.w.org\/{rel}","templated":true}]}}