{"id":248,"date":"2011-07-23T23:00:00","date_gmt":"2011-07-23T21:00:00","guid":{"rendered":"http:\/\/unipas.si\/wp\/2011\/07\/23\/pocitnisko-duhovni-program-1\/"},"modified":"2018-08-31T18:18:42","modified_gmt":"2018-08-31T16:18:42","slug":"pocitnisko-duhovni-program-1","status":"publish","type":"post","link":"http:\/\/unipas.si\/_stara20112018\/pocitnisko-duhovni-program-1\/","title":{"rendered":"Po\u010ditni\u0161ko duhovni program I."},"content":{"rendered":"<p> \t<strong><a href=\"http:\/\/unipas.si\/2011\/07\/23\/pocitnisko-duhovni-program-1\/\"><img loading=\"lazy\" class=\" alignleft size-full wp-image-247\" alt=\"kaprije\" height=\"100\" src=\"http:\/\/unipas.si-content\/uploads\/2011\/07\/kaprije.jpg\" style=\"margin-right: 20px; float: left;\" width=\"100\" \/><\/a>KAPRIJE &#8211; Poletni tedni za &scaron;tudente in mlade v poklicih<\/strong>, <strong>24.-31. julij 2011<\/strong>, Otok Kaprije, Hrva&scaron;ka<br \/> \tUNIPAS (Univerzitetna pastorala) u\u017eiva v izzivih, ki jih ponuja \u017eivljenje in tako pripravlja nov duhovno-po\u010ditni&scaron;ki program za &scaron;tudente in mlade v poklicih v starosti od 18-35 let. Odpo\u010diti se, si nabrati novih mo\u010di za telo, si privo&scaron;\u010diti nekaj ur plavanja, predvsem pa veliko prilo\u017enosti za medsebojne pogovore, zanimive debate, pa tudi trenutke ti&scaron;ine, dela na sebi, prilo\u017enosti za molitev, duhovno poglabljanje, &#8230; vse to so zna\u010dilnosti na&scaron;ega programa. Bi se nam pridru\u017eil\/-a?<br \/> \t&nbsp;<\/p>\n<p>   <!--more-->  <\/p>\n<p> \t&nbsp;<\/p>\n<p> \tProgram je namenjen &scaron;tudentom in mladim v poklicih v starosti od 18 do 35 let. Mlaj&scaron;i imajo mo\u017enost sodelovanja v SKAM-ovi poletni &scaron;oli skupnosti (<a href=\"http:\/\/www.drustvo-skam.si\/kaprije\">http:\/\/www.drustvo-skam.si\/kaprije<\/a>), starej&scaron;e od 30 let (\u010deprav sprejmemo pri nas do 35 leta starosti) pa vabimo, naj se obrnejo na skupino 30+, ki jo vodi p. Jo\u017eko Zajec DJ. Prav je, da si vsak poi&scaron;\u010de tisto skupino, ki je njegovim letom najbli\u017eja. Po eni strani se bo sam najbolj&scaron;e po\u010dutil med sebi podobnimi, po drugi strani pa je tudi veliko la\u017eje delati v skupini, \u010de starostni razpon udele\u017eencev ni prevelik.<\/p>\n<p style=\"text-align: justify;\"> \t&nbsp;<\/p>\n<p> \t<span>Tema<\/span> <span>po\u010ditni&scaron;ko<\/span> <span>duhovnih<\/span> <span>dnevov<\/span> <span>Kaprije<\/span> 2011: <strong><span>Biti<\/span> <span>kristjan<\/span> v <span>sodobni<\/span> <span>dru\u017ebi<\/span><\/strong><\/p>\n<p> \t<span>Glavno<\/span> <span>vpra&scaron;anje<\/span>, <span>ki<\/span> se <span>ga<\/span> <span>\u017eelimo<\/span> <span>dotakniti<\/span> v <span>leto&scaron;njem<\/span> <span>programu<\/span> <span>na<\/span> <span>Kaprijah<\/span> je: &quot;<span>Kako<\/span> <span>biti<\/span> <span>kristjan<\/span> v <span>sodobni<\/span> <span>dru\u017ebi<\/span>?&quot; <span>Odgovor<\/span> <span>bomo<\/span> <span>iskali<\/span> <span>preko<\/span> <span>zgledov<\/span> <span>\u017eivljenja<\/span> <span>raznih<\/span> <span>svetnikov<\/span> <span>ali<\/span> <span>svetni&scaron;kih<\/span> <span>kandidatov<\/span>, <span>po<\/span> <span>ve\u010dini<\/span> <span>mlaj&scaron;ega<\/span> <span>izvora<\/span> in <span>zaradi<\/span> <span>tega<\/span> <span>mogo\u010de<\/span> <span>celo<\/span> <span>manj<\/span> <span>poznanih<\/span>. <span>Preko<\/span> <span>njih<\/span> se <span>\u017eelimo<\/span> <span>dotakniti<\/span> <span>vpra&scaron;anj<\/span> o <span>spolnosti<\/span>, <span>materialnih<\/span> <span>dobrinah<\/span>, <span>vpra&scaron;anje<\/span> <span>soo\u010denja<\/span> s <span>samim<\/span> <span>seboj<\/span>, <span>skrb<\/span> <span>za<\/span> <span>drugega<\/span>, <span>zaupanje<\/span>\/<span>samozaupanje<\/span>, <span>samota&hellip;<\/span> <span>Spoznali<\/span> <span>bomo<\/span> <span>na<\/span> primer <span>Enrico<\/span> <span>Plebani<\/span>, <span>ki<\/span> je v <span>vsega<\/span> <span>skupaj<\/span> 30 <span>letih<\/span> <span>svojega<\/span> <span>\u017eivljenja<\/span> <span>izkusila<\/span> <span>droge<\/span>, <span>razne<\/span> <span>ljubezenske<\/span> <span>avanture&hellip;<\/span> a se <span>na<\/span> <span>koncu<\/span> <span>popolnoma<\/span> <span>posvetila<\/span> <span>slu\u017eenju<\/span> <span>najbolj<\/span> <span>ubogim<\/span> in <span>na<\/span> <span>koncu<\/span> <span>umrla<\/span> <span>za<\/span> <span>\u017eol\u010dnim<\/span> <span>limfomom<\/span>. <span>Zagotovo<\/span> <span>nam<\/span> <span>lahko<\/span> <span>zgled<\/span> <span>njenega<\/span> <span>\u017eivljenja<\/span> v <span>marsi\u010dem<\/span> <span>pomaga<\/span> <span>pri<\/span> <span>premagovanju<\/span> <span>na&scaron;ih<\/span> <span>\u017eivljenjskih<\/span> <span>vpra&scaron;anj<\/span>.<\/p>\n<p> \t<span>Razli\u010dni<\/span> <span>mo\u017eje<\/span> in <span>\u017eene<\/span> so <span>tudi<\/span> <span>nam<\/span> <span>danes<\/span> <span>lahko<\/span> v <span>veliko<\/span> <span>spodbudo<\/span> <span>pri<\/span> <span>na&scaron;em<\/span> <span>kr&scaron;\u010danskem<\/span> <span>\u017eivljenju<\/span>. <span>Eni<\/span> so <span>\u017eiveli<\/span> <span>skrito<\/span> <span>pred<\/span> <span>o\u010dmi<\/span> <span>javnosti<\/span>, <span>drugi<\/span> <span>bili<\/span> <span>dru\u017ebeno<\/span> <span>aktivni<\/span>, <span>tretji<\/span> <span>morali<\/span> <span>veliko<\/span> <span>pretrpeti<\/span>, <span>\u010detrti<\/span> so <span>bili<\/span> <span>zgled<\/span> <span>skromnosti<\/span> in <span>poni\u017enosti<\/span>. <span>Predvsem<\/span> pa so <span>vsak<\/span> <span>na<\/span> <span>svoj<\/span> <span>na\u010din<\/span> <span>izvirno<\/span> <span>\u017eiveli<\/span> <span>svoje<\/span> <span>kr&scaron;\u010dansko<\/span> <span>poslanstvo<\/span>. In <span>kako<\/span> <span>ga<\/span> <span>\u017eivi&scaron;<\/span> <span>ti<\/span>?<\/p>\n<p> \t&nbsp;<\/p>\n<p> \t<strong>Termini<\/strong><br \/> \t<span>Na<\/span> <span>razpolago<\/span> <span>sta<\/span> <span>dva<\/span> <span>termina<\/span>, v <span>katera<\/span> se <span>lahko<\/span> <span>prijavite<\/span>:<\/p>\n<ul>\n<li> \t\t<strong>24.-31. <span>julij<\/span> 2011<\/strong><\/li>\n<li> \t\t<strong>28. <span>avgust-4<\/span>. <span>september<\/span> 2011<\/strong><\/li>\n<\/ul>\n<p> \t<span>Voditelj<\/span> <span>obeh<\/span> <span>terminov<\/span>: <span>Klemen<\/span> <span>Svetelj<\/span>, <span>&scaron;tudentski<\/span> <span>duhovnik<\/span> v <span>Ljubljani<\/span>. Z <span>njim<\/span> <span>sodeluje<\/span> &scaron;e <span>ekipa<\/span>, <span>ki<\/span> mu <span>pomaga<\/span> <span>pri<\/span> <span>tehni\u010dnih<\/span> in <span>vsebinskih<\/span> <span>poudarkih<\/span>.<\/p>\n<p> \t&nbsp;<\/p>\n<p> \t<span>Prijavi<\/span> se: <a href=\"http:\/\/www.drustvo-skam.si\/kaprije\/prijavnicagosti.php\">http:\/\/<span><span>www.drustvo-skam.si<\/span><\/span>\/<span><span>kaprije<\/span><\/span>\/<span><span>prijavnicagosti.php<\/span><\/span><\/a><\/p>\n<p> \t<strong><span><span>&Scaron;tevilo<\/span> <span>prostih<\/span> <span>mest<\/span><\/span><\/strong><br \/> \t<span><span>&Scaron;tevilo<\/span><\/span> <span><span>udele\u017eencev<\/span><\/span> je <span><span>omejeno<\/span><\/span> <span><span>na<\/span><\/span> 24. <span><span>Prednost<\/span><\/span> <span><span>ima<\/span><\/span>, <span><span>kdor<\/span><\/span> <span><span>prej<\/span><\/span> <span><span>poravna<\/span><\/span> <span><span>ceno<\/span><\/span> oz. <span><span>izpolni<\/span><\/span> <span><span>vse<\/span><\/span> <span><span>obveznosti<\/span><\/span> v <span><span>zvezi<\/span><\/span> s <span><span>prijavo<\/span><\/span>.<\/p>\n<p> \t&nbsp;<\/p>\n<p> \t<strong>Potek dneva<\/strong><\/p>\n<p> \tPo potrebi se lahko kak&scaron;no stvar tudi med seboj dogovorimo in urnik nekoliko prilagodimo potrebam skupine.<\/p>\n<p> \tOkvirni dnevni na\u010drt (z mo\u017enostjo sprememb):<br \/> \t7.00 Ma&scaron;a v \u017eupnijski cerkvi (kdor \u017eeli)<br \/> \t7.45 Jutranja molitev, zajtrk, pomivanje<br \/> \t8.30 Dopoldansko kopanje<br \/> \t9.30 Vsebinski blok<br \/> \t11.30 Slu\u017eenje, delo po skupinah<br \/> \t13.00 Kosilo, pomivanje<br \/> \t14.30 Siesta, prosto, pla\u017ea<br \/> \t20.00 Ve\u010derja, pomivanje<br \/> \t21.30 Ve\u010derna molitev, refleksija, prosto<br \/> \tOblikovanje dneva je v veliki meri odvisno tudi od predlogov udele\u017eencev in pripravljenosti za sodelovanje.<\/p>\n<p> \t&nbsp;<\/p>\n<p> \t<strong><span>Na\u010din<\/span> <span>dela<\/span> v <span>vsebinskem<\/span> <span>bloku<\/span><\/strong><\/p>\n<p> \t<span>Dosedanje<\/span> <span>izku&scaron;nje<\/span> <span>na<\/span> <span>na&scaron;ih<\/span> <span>programih<\/span> <span>ka\u017eejo<\/span>, <span>da<\/span> <span>nekateri<\/span> <span>\u017eelijo<\/span> in <span>rabijo<\/span> <span>pogovor<\/span> v <span>skupini<\/span>, <span>zopet<\/span> <span>drugi<\/span> <span>si<\/span> <span>\u017eelijo<\/span> <span>ti&scaron;ino<\/span> in <span>ve\u010d<\/span> <span>osebnega<\/span> <span>dela<\/span>. Mi <span>sku&scaron;amo<\/span> <span>povezati<\/span> <span>oboje<\/span>: <span>na<\/span> <span>za\u010detku<\/span> <span>vsebinskega<\/span> <span>bloka<\/span> je <span>kratek<\/span> <span>uvod<\/span>, <span>nekaj<\/span> <span>za\u010detnih<\/span> <span>misli<\/span> in <span>napotkov<\/span>, <span>nato<\/span> pa <span>sledi<\/span> <span>osebno<\/span> <span>delo<\/span>. Ob <span>koncu<\/span> <span>osebnega<\/span> <span>dela<\/span> je <span>na<\/span> <span>razpolago<\/span> <span>nekaj<\/span> <span>\u010dasa<\/span>, <span>ko<\/span> <span>lahko<\/span> (<span>kdor<\/span> <span>\u017eeli<\/span>) <span>stvari<\/span> <span>predebatiramo<\/span> <span>tudi<\/span> v <span>skupini<\/span>. \u010ce pa <span>kdo<\/span> <span>\u017eeli<\/span> <span>ta<\/span> \u010das <span>porabiti<\/span> &scaron;e <span>za<\/span> <span>osebno<\/span> <span>delo<\/span>, mu je to <span>omogo\u010deno<\/span>.<\/p>\n<p> \t<strong>Prevoz do &Scaron;ibenika in naprej na Kaprije<\/strong><br \/> \tNa Kaprije bomo potovali z avtobusom, ki bo imel odhod <strong>ob nedeljah ob 11. uri s parkiri&scaron;\u010da pred halo Tivoli v Ljubljani<\/strong>. Prevoz je vklju\u010den v ceno. V &Scaron;ibeniku se bomo vkrcali na trajekt z odhodom ob 19. uri. Na Kaprije bomo prispeli ob 21.25 uri.<br \/> \tOd Kaprij se bomo poslovili naslednjo nedeljo s trajektom ob 17.30. V &Scaron;ibeniku nas bo ob 18.40 \u010dakal avtobus, ki nas bo pripeljal v Ljubljano sredi no\u010di (1.00). V sezonskih konicah (konec julija, za\u010detek avgusta) se odhod iz &Scaron;ibenika lahko zakasni do 45 minut.<\/p>\n<p> \t<strong>Kaj vzeti s seboj?<\/strong><\/p>\n<ul>\n<li> \t\t<strong>spalno vre\u010do in rjuho<\/strong> za pod spalno vre\u010do (ali dve rjuhi namesto spalne vre\u010de) in <strong>prevleko za vzglavnik<\/strong> (kdor prevleke in rjuhe ne bo imel, ju bo lahko dobil v domu po ceni: rjuha 7 EUR\/kos, prevleka za vzglavnik 7 EUR\/kos)<\/li>\n<li> \t\t<strong>le\u017ealno podlogo<\/strong> (armafleks &#8211; lahko manj&scaron;i kos, za sedenje na prostem),<\/li>\n<li> \t\tle\u017ealno podlogo za na pla\u017eo,<\/li>\n<li> \t\tprimerna obla\u010dila in obutev za vro\u010de poletne dni in za na morje,<\/li>\n<li> \t\tkopalke, brisa\u010do, pokrivalo (kapa s &scaron;iltom, klobuk, ruta &#8230;), kremo za son\u010denje, sredstvo za za&scaron;\u010dito pred komarji,<\/li>\n<li> \t\tpripomo\u010dke za osebno higieno,<\/li>\n<li> \t\tzvezek in pisalo,<\/li>\n<li> \t\tosebni dokument in dokument o zdravstvenem zavarovanju,<\/li>\n<li> \t\tin&scaron;trument (kitara, orglice, flavta&#8230;) in razne dru\u017eabne igre,<\/li>\n<li> \t\thrva&scaron;ke kune za pla\u010dilo brzega broda oz. trajekta, stro&scaron;ke bivanja, za sladoled, razglednice &#8230;<\/li>\n<\/ul>\n<p> \t<strong>Obvezno<\/strong> si na <a href=\"http:\/\/www.zzzs.si\/\" target=\"_blank\">Zavodu za zdravstveno zavarovanje Slovenije<\/a> brezpla\u010dno pridobite evropsko zdravstveno kartico.<\/p>\n<p> \t<strong>Druge prakti\u010dne informacije<\/strong><\/p>\n<ul>\n<li> \t\tKdor \u017eeli raziskovati otok, biti dele\u017een prelepih son\u010dnih vzhodov ali &scaron;e lep&scaron;ih zahodov, naj ima prinese s seboj tudi &scaron;portno obutev, ker so skale izredno ostre in pora&scaron;\u010dene s trnjem.<\/li>\n<li> \t\tKer so morski je\u017eki stalni prebivalci obale otoka, za la\u017eji vstop in izstop iz vode zelo prav pridejo plasti\u010dne opanke oz. primerna obutev za v vodo.<\/li>\n<li> \t\tPriporo\u010damo vam, da <strong>prinesete s seboj \u010dutaro, za katero boste sami skrbeli. <\/strong>Tako je vsak sam zase odgovoren za pija\u010do za na pla\u017eo.<\/li>\n<li> \t\tTrgovina na otoku ni ravno bogato zalo\u017eena (razglednice in sladoled se vendarle da dobiti ;), predvsem pa so cene vi&scaron;je (vse stvari je pa\u010d treba prepeljati s trajektom iz &Scaron;ibenika in to zara\u010dunajo zraven). Pretiranega luksuza torej ne smemo pri\u010dakovati!<\/li>\n<\/ul>\n","protected":false},"excerpt":{"rendered":"<p>KAPRIJE &#8211; Poletni tedni za &scaron;tudente in mlade v poklicih, 24.-31. julij 2011, Otok Kaprije, Hrva&scaron;ka UNIPAS (Univerzitetna pastorala) u\u017eiva v izzivih, ki jih ponuja \u017eivljenje in tako pripravlja nov&hellip; <\/p>\n","protected":false},"author":1,"featured_media":247,"comment_status":"closed","ping_status":"closed","sticky":false,"template":"","format":"standard","meta":{"_monsterinsights_skip_tracking":false,"_monsterinsights_sitenote_active":false,"_monsterinsights_sitenote_note":"","_monsterinsights_sitenote_category":0,"ngg_post_thumbnail":0},"categories":[20],"tags":[],"_links":{"self":[{"href":"http:\/\/unipas.si\/_stara20112018\/wp-json\/wp\/v2\/posts\/248"}],"collection":[{"href":"http:\/\/unipas.si\/_stara20112018\/wp-json\/wp\/v2\/posts"}],"about":[{"href":"http:\/\/unipas.si\/_stara20112018\/wp-json\/wp\/v2\/types\/post"}],"author":[{"embeddable":true,"href":"http:\/\/unipas.si\/_stara20112018\/wp-json\/wp\/v2\/users\/1"}],"replies":[{"embeddable":true,"href":"http:\/\/unipas.si\/_stara20112018\/wp-json\/wp\/v2\/comments?post=248"}],"version-history":[{"count":0,"href":"http:\/\/unipas.si\/_stara20112018\/wp-json\/wp\/v2\/posts\/248\/revisions"}],"wp:featuredmedia":[{"embeddable":true,"href":"http:\/\/unipas.si\/_stara20112018\/wp-json\/wp\/v2\/media\/247"}],"wp:attachment":[{"href":"http:\/\/unipas.si\/_stara20112018\/wp-json\/wp\/v2\/media?parent=248"}],"wp:term":[{"taxonomy":"category","embeddable":true,"href":"http:\/\/unipas.si\/_stara20112018\/wp-json\/wp\/v2\/categories?post=248"},{"taxonomy":"post_tag","embeddable":true,"href":"http:\/\/unipas.si\/_stara20112018\/wp-json\/wp\/v2\/tags?post=248"}],"curies":[{"name":"wp","href":"https:\/\/api.w.org\/{rel}","templated":true}]}}