{"id":230,"date":"2010-12-01T14:24:39","date_gmt":"2010-12-01T13:24:39","guid":{"rendered":"http:\/\/unipas.si\/wp\/2010\/12\/01\/nikodemu-v-slovo\/"},"modified":"2018-08-31T18:18:41","modified_gmt":"2018-08-31T16:18:41","slug":"nikodemu-v-slovo","status":"publish","type":"post","link":"http:\/\/unipas.si\/_stara20112018\/nikodemu-v-slovo\/","title":{"rendered":"Nikodemu v slovo!"},"content":{"rendered":"<p><a href=\"http:\/\/unipas.si\/2010\/12\/01\/nikodemu-v-slovo\/\"><img loading=\"lazy\" class=\" alignleft size-full wp-image-229\" style=\"margin-right: 20px; float: left;\" src=\"http:\/\/unipas.si-content\/uploads\/2010\/12\/zakljucek-thumb.jpg\" alt=\"zakljucek-thumb\" width=\"100\" height=\"100\" \/><\/a>Nikodemovi ve\u010der so minili, vse rekvizite smo \u017ee pospravili in  postavili v kot, kjer se bo sedaj lahko nabiral prah na njih do  prihodnjega leta. \u0160e zaklju\u010dne ra\u010dune poravnamo, razpo\u0161ljemo zbornike  lanskoletnih ve\u010derov, nato pa za\u010dnemo terjati predavatelje za leto\u0161nja  predavanja in pripravo novega zbornika. Tehni\u010dno je stvar mimo, kaj pa  vsebinsko?<\/p>\n<p>  <!--more-->  <\/p>\n<p>Leto solidarnosti in dobrodelnosti \u0161e ni kon\u010dano, pravzaprav smo \u0161ele  dobro vstopili vanj. Predavatelji so nam vsak ve\u010der natrosili ne\u0161teto  misli in idej ter predlogov, kako bi to leto lahko naredili bogato ne  samo v mislih, ampak predvsem v dejanjih. Solidarnost, ki ostane zgolj  pri besedah, je ena velika la\u017e! Isto bi lahko rekli za dobrodelnost, ki  se ne uresni\u010di.<\/p>\n<p>Kot organizator sem bil nekoliko presene\u010den nad obiskom ve\u010derov. Bolj  kot vsebina predavanj nas pritegnejo znana imena. Nad\u0161kof Stres,  \u0160tuhec, \u017dor\u017e \u2013 to so najbolj poznana imena in vsak s svojega podro\u010dja  nam ima kaj povedati. Zdelo se mi je pa \u0161koda, da je bil obisk bistveno  manj\u0161i pri tistih predavateljih, ki so nam poimensko manj znani, so nam  pa vsebinsko ponudili veliko bolj oprijemljive stvari.<\/p>\n<p>Nekdo mi je v teh dneh dejal: \u00bbVe\u0161, o solidarnosti in dobrodelnosti \u2013  tega danes ne poslu\u0161amo radi; to ni \u00bbzanimivo\u00ab oz. od nas zahteva  preve\u010d osebnega anga\u017eiranja!\u00ab Osebno se mi ob tem odpira vpra\u0161anje, ali  smo se res popolnoma zaprli vsak v svojo kamrico in nam je srce  okamnelo, da nas nobena stvar ve\u010d ne gane? Velikokrat imam ob\u010dutek, da  gredo stvari skozi eno uho notri in skozi drugo ven, vmes pa ni\u010d ne  ostane! \u017de v glavi se te\u017eko kaj spremeni, kaj \u0161ele, da bi sprememba  pri\u0161la do srca!<\/p>\n<p>Tehni\u010dno so Nikodemovi ve\u010deri mimo, vsebinsko pa smo \u0161ele na za\u010detku.  Upam, da \u00bbseme solidarnosti in dobrodelnosti\u00ab ne bo usahnilo ali da ga  bo vrag vzel, ampak da bo obrodilo svoj sad. Ne pri\u010dakujmo in ne  zahtevajmo, da mora takoj obroditi stokratno \u2013 veliko bo \u017ee to, \u010de bomo  seme vrgli v zemljo in mu pustili rasti.<\/p>\n","protected":false},"excerpt":{"rendered":"<p>Nikodemovi ve\u010der so minili, vse rekvizite smo \u017ee pospravili in postavili v kot, kjer se bo sedaj lahko nabiral prah na njih do prihodnjega leta. \u0160e zaklju\u010dne ra\u010dune poravnamo, razpo\u0161ljemo&hellip; <\/p>\n","protected":false},"author":1,"featured_media":229,"comment_status":"closed","ping_status":"closed","sticky":false,"template":"","format":"standard","meta":{"_monsterinsights_skip_tracking":false,"_monsterinsights_sitenote_active":false,"_monsterinsights_sitenote_note":"","_monsterinsights_sitenote_category":0,"ngg_post_thumbnail":0},"categories":[8],"tags":[],"_links":{"self":[{"href":"http:\/\/unipas.si\/_stara20112018\/wp-json\/wp\/v2\/posts\/230"}],"collection":[{"href":"http:\/\/unipas.si\/_stara20112018\/wp-json\/wp\/v2\/posts"}],"about":[{"href":"http:\/\/unipas.si\/_stara20112018\/wp-json\/wp\/v2\/types\/post"}],"author":[{"embeddable":true,"href":"http:\/\/unipas.si\/_stara20112018\/wp-json\/wp\/v2\/users\/1"}],"replies":[{"embeddable":true,"href":"http:\/\/unipas.si\/_stara20112018\/wp-json\/wp\/v2\/comments?post=230"}],"version-history":[{"count":0,"href":"http:\/\/unipas.si\/_stara20112018\/wp-json\/wp\/v2\/posts\/230\/revisions"}],"wp:featuredmedia":[{"embeddable":true,"href":"http:\/\/unipas.si\/_stara20112018\/wp-json\/wp\/v2\/media\/229"}],"wp:attachment":[{"href":"http:\/\/unipas.si\/_stara20112018\/wp-json\/wp\/v2\/media?parent=230"}],"wp:term":[{"taxonomy":"category","embeddable":true,"href":"http:\/\/unipas.si\/_stara20112018\/wp-json\/wp\/v2\/categories?post=230"},{"taxonomy":"post_tag","embeddable":true,"href":"http:\/\/unipas.si\/_stara20112018\/wp-json\/wp\/v2\/tags?post=230"}],"curies":[{"name":"wp","href":"https:\/\/api.w.org\/{rel}","templated":true}]}}