{"id":2290,"date":"2013-12-01T22:04:36","date_gmt":"2013-12-01T21:04:36","guid":{"rendered":"http:\/\/unipas.si\/wp\/2013\/12\/01\/povzetek-nikodemovih-vecerov-2013\/"},"modified":"2013-12-01T22:04:36","modified_gmt":"2013-12-01T21:04:36","slug":"povzetek-nikodemovih-vecerov-2013","status":"publish","type":"post","link":"http:\/\/unipas.si\/_stara20112018\/povzetek-nikodemovih-vecerov-2013\/","title":{"rendered":"Povzetek Nikodemovih ve\u010derov 2013"},"content":{"rendered":"<p> \t<img loading=\"lazy\" class=\" alignright size-full wp-image-2289\" alt=\"\" src=\"http:\/\/unipas.si-content\/uploads\/2013\/12\/Nikodemovi.JPG\" style=\"float: right; height: 142px; width: 100px;\" width=\"800\" height=\"1135\" srcset=\"http:\/\/unipas.si\/_stara20112018\/wp-content\/uploads\/2013\/12\/Nikodemovi.JPG 800w, http:\/\/unipas.si\/_stara20112018\/wp-content\/uploads\/2013\/12\/Nikodemovi-211x300.jpg 211w, http:\/\/unipas.si\/_stara20112018\/wp-content\/uploads\/2013\/12\/Nikodemovi-768x1090.jpg 768w, http:\/\/unipas.si\/_stara20112018\/wp-content\/uploads\/2013\/12\/Nikodemovi-722x1024.jpg 722w\" sizes=\"(max-width: 800px) 100vw, 800px\" \/>Leto&scaron;nji Nikodemovi ve\u010deri z naslovom &quot;Spremembe?!&quot; so potekali od 11. do 21. novembra 2013. Organizatorja sta bila Unipas in Socialna akademija. Ve\u010dina ve\u010derov je potekala v dvorani Teolo&scaron;ke fakultete, po en ve\u010der pa v Zavodu sv. Stanislava v &Scaron;entvidu (Akademija ob 20. letnici &Scaron;kofijske klasi\u010dne gimnazije in v Unionski dvorani (sre\u010danje s Pedrom Opeko, ki ga je organizirala Civilna dru\u017eba za pravi\u010dno Slovenijo).<strong> <\/strong><\/p>\n<p>   <!--more-->  <\/p>\n<p> \tV nadaljevanju so povezave do zvo\u010dnih in video posnetkov ter nekaterih \u010dlankov.<\/p>\n<p> \tZa <a href=\"http:\/\/sl.radiovaticana.va\/news\/2013\/11\/12\/47._nikodemovi_ve%C4%8Deriv_ljubljani_od_ponedeljka,_11._do_%C4%8Detrtka,_21.\/slv-744360\">zvo\u010dne posnetke <\/a>se zahvaljujemo ekipi Radia Vatikan in Radia Ognji&scaron;\u010de.<\/p>\n<p> \t\u010clanki na <a href=\"http:\/\/www.casnik.si\/?s=nikodemovi\">www.casnik.si<\/a> in v tiskani izdaji tednika Dru\u017eina (letnik 62 (2013), &scaron;t. 47 in 48)<\/p>\n<p> \t<iframe loading=\"lazy\" allowfullscreen=\"\" frameborder=\"0\" height=\"315\" src=\"\/\/www.youtube-nocookie.com\/embed\/videoseries?list=PL3zMbt1myYpkqeLzRBZhQ_9Biltcblf_r\" width=\"560\"><\/iframe><\/p>\n","protected":false},"excerpt":{"rendered":"<p>Leto&scaron;nji Nikodemovi ve\u010deri z naslovom &quot;Spremembe?!&quot; so potekali od 11. do 21. novembra 2013. Organizatorja sta bila Unipas in Socialna akademija. Ve\u010dina ve\u010derov je potekala v dvorani Teolo&scaron;ke fakultete, po&hellip; <\/p>\n","protected":false},"author":2,"featured_media":2289,"comment_status":"closed","ping_status":"closed","sticky":false,"template":"","format":"standard","meta":{"_monsterinsights_skip_tracking":false,"_monsterinsights_sitenote_active":false,"_monsterinsights_sitenote_note":"","_monsterinsights_sitenote_category":0,"ngg_post_thumbnail":0},"categories":[51],"tags":[],"_links":{"self":[{"href":"http:\/\/unipas.si\/_stara20112018\/wp-json\/wp\/v2\/posts\/2290"}],"collection":[{"href":"http:\/\/unipas.si\/_stara20112018\/wp-json\/wp\/v2\/posts"}],"about":[{"href":"http:\/\/unipas.si\/_stara20112018\/wp-json\/wp\/v2\/types\/post"}],"author":[{"embeddable":true,"href":"http:\/\/unipas.si\/_stara20112018\/wp-json\/wp\/v2\/users\/2"}],"replies":[{"embeddable":true,"href":"http:\/\/unipas.si\/_stara20112018\/wp-json\/wp\/v2\/comments?post=2290"}],"version-history":[{"count":0,"href":"http:\/\/unipas.si\/_stara20112018\/wp-json\/wp\/v2\/posts\/2290\/revisions"}],"wp:featuredmedia":[{"embeddable":true,"href":"http:\/\/unipas.si\/_stara20112018\/wp-json\/wp\/v2\/media\/2289"}],"wp:attachment":[{"href":"http:\/\/unipas.si\/_stara20112018\/wp-json\/wp\/v2\/media?parent=2290"}],"wp:term":[{"taxonomy":"category","embeddable":true,"href":"http:\/\/unipas.si\/_stara20112018\/wp-json\/wp\/v2\/categories?post=2290"},{"taxonomy":"post_tag","embeddable":true,"href":"http:\/\/unipas.si\/_stara20112018\/wp-json\/wp\/v2\/tags?post=2290"}],"curies":[{"name":"wp","href":"https:\/\/api.w.org\/{rel}","templated":true}]}}