{"id":2221,"date":"2013-11-12T16:46:44","date_gmt":"2013-11-12T15:46:44","guid":{"rendered":"http:\/\/unipas.si\/wp\/2013\/11\/12\/svez-veter-papeza-franciska\/"},"modified":"2013-11-12T16:46:44","modified_gmt":"2013-11-12T15:46:44","slug":"svez-veter-papeza-franciska","status":"publish","type":"post","link":"http:\/\/unipas.si\/_stara20112018\/svez-veter-papeza-franciska\/","title":{"rendered":"1. ve\u010der: Sve\u017e veter pape\u017ea Fran\u010di\u0161ka"},"content":{"rendered":"<p> \t<img alt=\"\" src=\"http:\/\/www.unipas.si\/images\/DSC_5910.jpg\" style=\"height: 133px; width: 300px; float: left;\" \/>Poslu&scaron;aj <a href=\"http:\/\/media01.radiovaticana.va\/audiomp3\/00399385.MP3\">zvo\u010dni posnetek<\/a> (vir: Radio Vatikan), spodaj tudi <strong>video <\/strong>posnetek.<\/p>\n<p> \tPrvi leto&scaron;nji Nikodemov ve\u010der smo z p. Brankom Cestnikom, Tinom Mami\u0107em in dr. Andrejem Sajetom v polni dvorani Teolo&scaron;ke fakultete v Ljubljani razmi&scaron;ljali o &quot;sve\u017eem vetru pape\u017ea Fran\u010di&scaron;ka&quot;.&nbsp;<\/p>\n<p>   <!--more-->  <\/p>\n<p> \tKlaretinec p. Branko Cestnik je dejal, da fenomen pape\u017ea Fran\u010di&scaron;ka oblikujejo tri stvari:<\/p>\n<ul>\n<li> \t\tZase vztrajno uporablja poimenovanje &raquo;rimski &scaron;kof&laquo; namesto &raquo;pape\u017e&laquo; in tako odpira <strong>ekumenski <\/strong><strong>dialog<\/strong>, predvsem s pravoslavnimi kristjani. S tem tudi razbija podobo dvora z vle\u010dkami in prikloni. Kot pravi: &raquo;\u010ce gre krajevni &scaron;kof v Rim, trepeta. Zakaj? Ker je pri&scaron;el na dvor. Moral bi trepetati dvor, ker je pri&scaron;la Cerkev.&laquo;<\/li>\n<li> \t\tIzbira osmih kardinalov za svetovanje iz vsega sveta, ker ho\u010de sli&scaron;ati glas ljudstva in ne samo kurije.<\/li>\n<li> \t\tNjegova odlo\u010ditev za uboge, ki ru&scaron;i monarhi\u010dno podobo pape\u017ea in Cerkev kli\u010de na pot k \u010dloveku.<\/li>\n<\/ul>\n<p> \t\u010ce bi novinarju Tinu Mami\u0107u nekdo rekel pred enim letom, da bo na pape&scaron;kem sede\u017eu \u010dlovek, ki bo pokazal voljo po spremembah in sezul rde\u010de \u010develj\u010dke, mu ne bi verjel. Mami\u0107a so vedno motili rde\u010di \u010develjci pri pape\u017eu. \u010ceveljci so bili ma&scaron;karada, ki ji je Fran\u010di&scaron;ek naredil konec. Pape\u017e Benedikt XVI. je odstopil v trenutku, ko je dobil na mizo dve rde\u010di knjigi o preiskavah, ki so pokazale na gre&scaron;no rimsko kurijo &#8230; Mami\u0107 ima podatke, da so bile v knjigi zabele\u017eene vse vrste orgij, &raquo;stvari, ki si jih ne znamo predstavljati.&laquo;<\/p>\n<p> \tCerkveni pravnik dr. Andrej Saje vidi v pape\u017eu Fran\u010di&scaron;ku sve\u017e veter v demitizaciji pape&scaron;ke slu\u017ebe. \u017de njegov prvi nastop je bil spontan, naraven in se je pribli\u017eal ljudem. Preprostost njegovega \u017eivljenja odlikuje tudi zavrnitev nekaterih tradicionalnih pape&scaron;kih obla\u010dil ter bivanje v domu sv. Marte.<br \/> \tKot pravi, Fran\u010di&scaron;ka odlikuje evangelijska avtenti\u010dnost. To je pokazal \u017ee izborom imena po sv. Fran\u010di&scaron;ku in ignacijanska duhovnost, ki je zasidrana v Bo\u017eji besedi. Ta se poka\u017ee tudi, ko priznava nepopolnost, je samokriti\u010den in ga ni strah spregovoriti o aktualnih vpra&scaron;anjih. Odprt je za dialog in daje intervjuje novinarjem. Oznanja, kar \u017eivi in veruje.<\/p>\n<p> \tV pogovoru v drugem delu ve\u010dera so gostje odgovarjali na vpra&scaron;anja obiskovalcev. Za\u010dutili smo \u017eeljo po tem, da se tudi Cerkev na Slovenskem poda na pot sprememb in iskanja novih mo\u017enosti za evangelizacijo.<\/p>\n<p> \tVe\u010der je z glasbenimi to\u010dkami obogatila skupina Spes, moderatorka je bila Mojca Perat.<\/p>\n<p> \t<a href=\"http:\/\/radio.ognjisce.si\/sl\/148\/slovenija\/12138\/\">Poro\u010dilo <\/a>na Radiu Ognji&scaron;\u010de<\/p>\n<p> \t<a href=\"http:\/\/www.casnik.si\/index.php\/2013\/11\/12\/osnove-sistema-vodenja-kakovosti-tudi-v-cerkvi\/\">Ale&scaron; \u010cerin &#8211; <\/a><a href=\"http:\/\/www.casnik.si\/index.php\/2013\/11\/12\/osnove-sistema-vodenja-kakovosti-tudi-v-cerkvi\/\" rel=\"bookmark\" title=\"Permanent Link to Osnove sistema vodenja kakovosti tudi v Cerkvi?\">Osnove sistema vodenja kakovosti tudi v Cerkvi?<\/a><a href=\"http:\/\/www.casnik.si\/index.php\/2013\/11\/12\/osnove-sistema-vodenja-kakovosti-tudi-v-cerkvi\/\"> <\/a>na casnik.si<\/p>\n<p> \tFotografije: Tatjana Splichal, <a href=\"http:\/\/www.druzina.si\">druzina.si<\/a><\/p>\n<div id='gallery-1' class='gallery galleryid-2221 gallery-columns-3 gallery-size-thumbnail'><figure class='gallery-item'>\n\t\t\t<div class='gallery-icon landscape'>\n\t\t\t\t<a href='http:\/\/unipas.si\/_stara20112018\/wp-content\/uploads\/2013\/11\/20131111_nv_1.jpg' title=\"\" data-rl_title=\"\" class=\"rl-gallery-link\" data-rl_caption=\"\" data-rel=\"lightbox-gallery-1\"><img width=\"150\" height=\"150\" src=\"http:\/\/unipas.si\/_stara20112018\/wp-content\/uploads\/2013\/11\/20131111_nv_1-150x150.jpg\" class=\"attachment-thumbnail size-thumbnail\" alt=\"\" loading=\"lazy\" \/><\/a>\n\t\t\t<\/div><\/figure><figure class='gallery-item'>\n\t\t\t<div class='gallery-icon landscape'>\n\t\t\t\t<a href='http:\/\/unipas.si\/_stara20112018\/wp-content\/uploads\/2013\/11\/20131111_nv_2.jpg' title=\"\" data-rl_title=\"\" class=\"rl-gallery-link\" data-rl_caption=\"\" data-rel=\"lightbox-gallery-1\"><img width=\"150\" height=\"150\" src=\"http:\/\/unipas.si\/_stara20112018\/wp-content\/uploads\/2013\/11\/20131111_nv_2-150x150.jpg\" class=\"attachment-thumbnail size-thumbnail\" alt=\"\" loading=\"lazy\" \/><\/a>\n\t\t\t<\/div><\/figure><figure class='gallery-item'>\n\t\t\t<div class='gallery-icon landscape'>\n\t\t\t\t<a href='http:\/\/unipas.si\/_stara20112018\/wp-content\/uploads\/2013\/11\/20131111_nv_3.jpg' title=\"\" data-rl_title=\"\" class=\"rl-gallery-link\" data-rl_caption=\"\" data-rel=\"lightbox-gallery-1\"><img width=\"150\" height=\"150\" src=\"http:\/\/unipas.si\/_stara20112018\/wp-content\/uploads\/2013\/11\/20131111_nv_3-150x150.jpg\" class=\"attachment-thumbnail size-thumbnail\" alt=\"\" loading=\"lazy\" \/><\/a>\n\t\t\t<\/div><\/figure><figure class='gallery-item'>\n\t\t\t<div class='gallery-icon landscape'>\n\t\t\t\t<a href='http:\/\/unipas.si\/_stara20112018\/wp-content\/uploads\/2013\/11\/20131111_nv_4.jpg' title=\"\" data-rl_title=\"\" class=\"rl-gallery-link\" data-rl_caption=\"\" data-rel=\"lightbox-gallery-1\"><img width=\"150\" height=\"150\" src=\"http:\/\/unipas.si\/_stara20112018\/wp-content\/uploads\/2013\/11\/20131111_nv_4-150x150.jpg\" class=\"attachment-thumbnail size-thumbnail\" alt=\"\" loading=\"lazy\" \/><\/a>\n\t\t\t<\/div><\/figure><figure class='gallery-item'>\n\t\t\t<div class='gallery-icon landscape'>\n\t\t\t\t<a href='http:\/\/unipas.si\/_stara20112018\/wp-content\/uploads\/2013\/11\/20131111_nv_5.jpg' title=\"\" data-rl_title=\"\" class=\"rl-gallery-link\" data-rl_caption=\"\" data-rel=\"lightbox-gallery-1\"><img width=\"150\" height=\"150\" src=\"http:\/\/unipas.si\/_stara20112018\/wp-content\/uploads\/2013\/11\/20131111_nv_5-150x150.jpg\" class=\"attachment-thumbnail size-thumbnail\" alt=\"\" loading=\"lazy\" \/><\/a>\n\t\t\t<\/div><\/figure><figure class='gallery-item'>\n\t\t\t<div class='gallery-icon landscape'>\n\t\t\t\t<a href='http:\/\/unipas.si\/_stara20112018\/wp-content\/uploads\/2013\/11\/20131111_nv_6.jpg' title=\"\" data-rl_title=\"\" class=\"rl-gallery-link\" data-rl_caption=\"\" data-rel=\"lightbox-gallery-1\"><img width=\"150\" height=\"150\" src=\"http:\/\/unipas.si\/_stara20112018\/wp-content\/uploads\/2013\/11\/20131111_nv_6-150x150.jpg\" class=\"attachment-thumbnail size-thumbnail\" alt=\"\" loading=\"lazy\" \/><\/a>\n\t\t\t<\/div><\/figure>\n\t\t<\/div>\n\n<p> \t<iframe loading=\"lazy\" allowfullscreen=\"\" frameborder=\"0\" height=\"315\" src=\"\/\/www.youtube.com\/embed\/IC2xigBFDuc\" width=\"560\"><\/iframe><\/p>\n","protected":false},"excerpt":{"rendered":"<p>Poslu&scaron;aj zvo\u010dni posnetek (vir: Radio Vatikan), spodaj tudi video posnetek. Prvi leto&scaron;nji Nikodemov ve\u010der smo z p. Brankom Cestnikom, Tinom Mami\u0107em in dr. Andrejem Sajetom v polni dvorani Teolo&scaron;ke fakultete&hellip; <\/p>\n","protected":false},"author":2,"featured_media":0,"comment_status":"closed","ping_status":"closed","sticky":false,"template":"","format":"standard","meta":{"_monsterinsights_skip_tracking":false,"_monsterinsights_sitenote_active":false,"_monsterinsights_sitenote_note":"","_monsterinsights_sitenote_category":0,"ngg_post_thumbnail":0},"categories":[51],"tags":[],"_links":{"self":[{"href":"http:\/\/unipas.si\/_stara20112018\/wp-json\/wp\/v2\/posts\/2221"}],"collection":[{"href":"http:\/\/unipas.si\/_stara20112018\/wp-json\/wp\/v2\/posts"}],"about":[{"href":"http:\/\/unipas.si\/_stara20112018\/wp-json\/wp\/v2\/types\/post"}],"author":[{"embeddable":true,"href":"http:\/\/unipas.si\/_stara20112018\/wp-json\/wp\/v2\/users\/2"}],"replies":[{"embeddable":true,"href":"http:\/\/unipas.si\/_stara20112018\/wp-json\/wp\/v2\/comments?post=2221"}],"version-history":[{"count":0,"href":"http:\/\/unipas.si\/_stara20112018\/wp-json\/wp\/v2\/posts\/2221\/revisions"}],"wp:attachment":[{"href":"http:\/\/unipas.si\/_stara20112018\/wp-json\/wp\/v2\/media?parent=2221"}],"wp:term":[{"taxonomy":"category","embeddable":true,"href":"http:\/\/unipas.si\/_stara20112018\/wp-json\/wp\/v2\/categories?post=2221"},{"taxonomy":"post_tag","embeddable":true,"href":"http:\/\/unipas.si\/_stara20112018\/wp-json\/wp\/v2\/tags?post=2221"}],"curies":[{"name":"wp","href":"https:\/\/api.w.org\/{rel}","templated":true}]}}