{"id":2200,"date":"2013-10-23T18:29:00","date_gmt":"2013-10-23T16:29:00","guid":{"rendered":"http:\/\/unipas.si\/wp\/2013\/10\/23\/nikodemovi-veceri-2013-2\/"},"modified":"2013-10-23T18:29:00","modified_gmt":"2013-10-23T16:29:00","slug":"nikodemovi-veceri-2013-2","status":"publish","type":"post","link":"http:\/\/unipas.si\/_stara20112018\/nikodemovi-veceri-2013-2\/","title":{"rendered":"Nikodemovi ve\u010deri 2013"},"content":{"rendered":"<p> \t<img loading=\"lazy\" alt=\"\" height=\"168\" src=\"http:\/\/www.unipas.si\/images\/Nikodemovi.JPG\" style=\"float: left;\" width=\"118\" \/>Nikodemovi ve\u010deri 2013: Spremembe?!<\/p>\n<p> \t<em>Na pogovornih ve\u010derih, ki jih priredimo vsako leto v novembru, &scaron;tudentje, izobra\u017eenci in drugi zainteresirani razpravljajo o aktualnih vpra&scaron;anjih z razli\u010dnimi sogovorniki iz sveta znanosti, kulture, politike gospodarstva. <\/em><\/p>\n<p> \t<strong>Leto&scaron;nji 47. Nikodemovi ve\u010deri bodo potekali <span style=\"color:#B22222;\">od 11. do 21. novembra 2013 v Ljubljani<\/span>. <\/strong>Pripravljata jih Unipas in Socialna akademija. Ve\u010dina ve\u010derov bo v dvorani Teolo&scaron;ke fakultete, po en ve\u010der pa v Zavodu sv. Stanislava v &Scaron;entvidu in v Unionski dvorani.<\/p>\n<p> \tLeto&scaron;nja tema ve\u010derov so <strong>spremembe<\/strong>, saj zaznavamo, da je v teh razmeroma razburkanih \u010dasih o tem treba razmi&scaron;ljati in se pogovarjati.<\/p>\n<p> \t<span style=\"color:#B22222;\">Ponedeljek, 11. 11. 2013<\/span> &ndash; Dvorana Teolo&scaron;ke fakultete, ob 19.30<br \/> \t<span style=\"color:#0000CD;\"><strong>Sve\u017e veter pape\u017ea Fran\u010di&scaron;ka<\/strong><\/span><br \/> \tmag. p<strong>. Branko Cestnik<\/strong> CMF, duhovnik, klaretinec, teolog in filozof<br \/> \t<strong>Tino Mami\u0107<\/strong>, samostojni novinar, univ. dipl. prof. zgodovine<br \/> \t<strong>dr. Andrej Saje<\/strong>, duhovnik, doktor kanonskega prava s specializacijo v pravni sodni praksi, &scaron;tudijski prefekt ljubljanskega semeni&scaron;\u010da<\/p>\n<p> \t<em>Kako postati dobra blagovna znamka kristjana? Je dober kristjan podoba, ki jo utele&scaron;a pape\u017e Fran\u010di&scaron;ek? Pravi kristjan, naj bi bil oseba, ki spozna in prizna, da je gre&scaron;na in se nato v \u017eivljenju ravna v skladu z Bo\u017ejimi zapovedmi. Vera vodi kristjana k prizadevanju za po&scaron;tenost v politiki in gospodarstvu, v izobra\u017eevanje otrok, v spo&scaron;tovanje narave in k odprtosti za dialog z pripadniki drugih verstev in nadzorov.<\/em><\/p>\n<p> \t<em>Kristjan razmi&scaron;lja in premaguje ovire v obliki predsodkov, stereotipov, kli&scaron;ejev in neumnosti ter greha. Razmi&scaron;ljati in verovati pomeni ne le postajati sre\u010den, temve\u010d tudi aktivno sodelovati v bojih za pravi\u010dnost, demokracijo in svobodo. Graditi moramo zdravo skupnost in odgovorno civilno dru\u017ebo. Pape\u017e nam s svojim delom daje zgled. Spet nam sku&scaron;a pribli\u017eati Cerkev, ki je marsikje bila preve\u010d oddaljena od potreb ljudi in se je preve\u010d ukvarja sama s sabo. Narediti sku&scaron;a skupnost, ki bo &scaron;e bolj vklju\u010devala laike, vodila&nbsp; odgovorno ekonomijo in prevzemala pogumno odlo\u010ditve in odgovorno posledice.<\/em><\/p>\n<p> \t<span style=\"color:#B22222;\">Torek, 12. 11. 2013<\/span> &ndash; Dvorana Teolo&scaron;ke fakultete, ob 19.30<br \/> \t<span style=\"color:#0000CD;\"><strong>Jutri na&scaron;ih otrok<\/strong><\/span><br \/> \t<em>Kak&scaron;en bo svet jutri in kako zanj vzgajati mlade danes?<\/em><br \/> \tdr. <strong>Karel Gr\u017ean<\/strong>, duhovnik, magister teologije in dr. znanosti s podro\u010dja literarnih ved<br \/> \t<strong>Melita Korde&scaron; Dem&scaron;ar<\/strong>, socialna pedagoginja in direktorica Monessori in&scaron;tituta<br \/> \t<strong>Silva Matos<\/strong>, dipl. psihologinja in psihoterapevtka<br \/> \t<strong>Milan Matos<\/strong>, biv&scaron;i direktor Mladinske knjige<\/p>\n<p> \t<em>Znan je rek: Na mladih svet stoji! A vendar prihodnost sveta krojijo odrasli. Pogosto z zaskrbljenostjo gledamo na to, kak&scaron;ne posledice za prihodnost bodo imela dejanja dana&scaron;njih politikov &hellip; oz. kak&scaron;en svet bomo zapustili zanamcem &hellip;<\/em><\/p>\n<p> \t<em>Od koga je odvisno, kak&scaron;en bo svet jutri? Kak&scaron;en svet \u017eelimo za na&scaron;e otroke, vnuke? Kaj (lahko) storimo za to danes? Kak&scaron;no vlogo ima pri tem vzgoja? Katera podro\u010dja zaobjema ta vzgoja &ndash; dru\u017eina, &scaron;ola, razne institucije? Kaj lahko pri tem stori Cerkev?<\/em><\/p>\n<p> \t<span style=\"color:#B22222;\">Sreda, 13. 11. 2013 &ndash; <\/span><strong><span style=\"color:#B22222;\">Zavod sv. Stanislava (&Scaron;tula 23, Ljubljana &Scaron;entvid,) ob 18.00<\/span><br \/> \t<span style=\"color:#0000CD;\">Akademija ob 20-letnici &Scaron;kofijske klasi\u010dne gimnazije<\/span><\/strong><br \/> \t<em>Organizira: Zavod sv. Stanislava <\/em><\/p>\n<p> \t<span style=\"color:#B22222;\">\u010cetrtek, 14. 11. 2013<\/span> &ndash; Dvorana Teolo&scaron;ke fakultete, ob 19.30<br \/> \t<span style=\"color:#0000CD;\"><strong>Dotik Bo\u017ejega<\/strong><\/span><br \/> \tp. <strong>Vili Lov&scaron;e<\/strong> DJ, duhovnik, jezuit, predstojnik skupnosti jezuitov pri sv. Jo\u017eefu<br \/> \t<strong>Mojca Giacomelli<\/strong>, pobudnica ustanovitve centra \u017divi na polno<br \/> \t<strong>Ema Kotar<\/strong>, absolventka etnologije in kulturne antropologije, skupnost Emanuel<\/p>\n<p> \t<em>\u010clovek se nenehno spreminja &ndash; v dobro ali slabo; stagnirati ne more. Evangelij mi pomaga, da se spreminjam v dobro. Postajal naj bi vse bolj to, kar je Bo\u017eja zamisel zame. Razberem jo lahko tudi v evangeliju.<\/em><\/p>\n<p> \t<em>Kako Bo\u017eja beseda deluje v \u010dloveku? Kak&scaron;ne so zakonitosti? Kako o\u010distiti srce &ndash; misli in \u010dutenje, da bi Bo\u017eja beseda padla na &#39;rodovitna tla&#39;?<\/em><\/p>\n<p> \t<em>Povezava med razumevanjem evangeljskega besedila in tem, da nas le-ta spreminja. Bog se je dotaknil mojega \u017eivljenja in me spremenil.<\/em><\/p>\n<p> \t<span style=\"color:#B22222;\">Ponedeljek, 18. 11. 2013<\/span> &ndash; <strong>Unionska dvorana (Miklo&scaron;i\u010deva 3, Ljubljana &#8211; <\/strong><a href=\"http:\/\/goo.gl\/maps\/IWtZC\">http:\/\/goo.gl\/maps\/IWtZC<\/a><strong>), <span style=\"color:#B22222;\">ob 18.00<\/span><br \/> \t<span style=\"color:#0000CD;\">Pedro Opeka &ndash; Pri\u010devanje o pravi\u010dnosti in pravici<\/span><\/strong><br \/> \t<em>Organizira: Civilna dru\u017eba za pravi\u010dno Slovenijo<\/em><br \/> \tPedro Opeka, duhovnik lazarist in misijonar na Madagaskarju<\/p>\n<p> \t<span style=\"color:#B22222;\">Torek, 19. 11. 2013<\/span> &ndash; Dvorana Teolo&scaron;ke fakultete, ob 19.30<br \/> \t<span style=\"color:#0000CD;\"><strong>Sprejemam in spreminjam<\/strong><\/span><br \/> \tdr. <strong>Aleksander Zadel<\/strong>, doktor psiholo&scaron;kih znanosti in specialist klini\u010dne psihologije<\/p>\n<p> \t<em>Moderna dru\u017eba postavlja pred nas iz dneva v dan nove izzive. Partnerji, sodelavci, nadrejeni, otroci od nas pri\u010dakujejo, da smo pripravljeni od sebe dati vse in &scaron;e ve\u010d. Pogosto smo v tekmi s pri\u010dakovanji okolice utrujeni in iz\u010drpani. Posledica tega je nejevolja, apatija in pogosto tudi depresija. Kaj po\u010dne \u010dlovek, ki je poln energije, vesel in radosten druga\u010de? Ali dela manj? Ali so bli\u017enji do njega manj zahtevni? Ali vozi po cestah, kjer je manj prometa? Sposobnost prilagajanja spremembam je deloma prirojena, v veliki meri pa priu\u010dena sposobnost. Na predavanju in razgovoru bomo odstrli tan\u010dico vpra&scaron;anja zakaj smo taki kot smo in nismo taki kot bi si \u017eeleli biti.<\/em><\/p>\n<p> \t<span style=\"color:#B22222;\">Sreda, 20. 11. 2013<\/span> &ndash; Dvorana Teolo&scaron;ke fakultete, ob 19.30<br \/> \t<span style=\"color:#0000CD;\"><strong>Pridite in poglejte &ndash; je danes druga\u010de? <\/strong><\/span><br \/> \tV<em> zadnjih 20 letih v Cerkvi pogosto sli&scaron;imo o spodletelih poskusih pastoralnega na\u010drtovanja. Kako pa je tokrat?<\/em><br \/> \t<strong>Rafo Pinosa<\/strong>, duhovnik, salezijanec, dolgoletni mladinski delavec, specializant managementa \u010dlove&scaron;kih virov<br \/> \t<strong>&Scaron;tefan Kr\u017ei&scaron;nik<\/strong>, vodja programov Iskreni.net.<\/p>\n<p> \t<em>Pred dobrima dvema letoma je bil v Cerkvi na Slovenskem na pobudo S&Scaron;K ustanovljen Strate&scaron;ki svet &ndash; skupina, zadol\u017eena za pripravo krovnega dokumenta pastoralnega na\u010drtovanja Cerkve na Slovenskem z naslovom Pridite in poglejte. Avgusta 2012 je bil dokument predstavljen &scaron;ir&scaron;i javnosti in procesi na\u010drtovanja so se pri\u010deli tudi na drugih ravneh.<\/em><\/p>\n<p> \t<em>Vsak proces na\u010drtovanja je proces pastoralnega spreobrnjenja, v katerem naj bi se spreminjal predvsem tisti, ki na\u010drtuje. V zadnjih 20 letih v Cerkvi pogosto sli&scaron;imo o spodletelih poskusih pastoralnega na\u010drtovanja. Kako pa je tokrat? Kak&scaron;ni so sadovi zadnjega pastoralnega na\u010drtovanja v Cerkvi na Slovenskem? Kako ta proces spreminja ob\u010destva, posameznike in strukture?<\/em><\/p>\n<p> \t<span style=\"color:#B22222;\">\u010cetrtek, 21. 11. 2013<\/span> &ndash; Dvorana Teolo&scaron;ke fakultete, ob 19.30<br \/> \t<span style=\"color:#0000CD;\"><strong>Sveto kot neizbe\u017eno<\/strong><\/span><br \/> \tProf. dr. <strong>Jo\u017ee Trontelj<\/strong>, predsednik Slovenske akademije znanosti in umetnosti<\/p>\n<p> \t<em>Zadnje obdobje na&scaron;e narodne zgodovine pretresajo &scaron;tevilni &scaron;kandali in afere, ki kli\u010dejo po spremembah v miselnosti, delovanju posameznikov in celotnih sistemov na&scaron;e dru\u017ebe. Vstajni&scaron;ka gibanja zahtevajo odstop starih nomenklatur ter novega in po&scaron;tenega delovanja drugih ljudi. Vsak ima svoje ideje, vsak svoja imena, svoje predloge, vsi bi nekaj menjali in spreminjali.<\/em><\/p>\n<p> \t<em>Res lahko spreminjamo vse, kar nam ni v&scaron;e\u010d?<\/em><\/p>\n<p> \t<em>Ali je v na&scaron;em kulturnem okolju &scaron;e kaj, kar je &raquo;sveto&laquo; in zaradi tega nespremenljivo? Je to svetost \u017eivljenja od spo\u010detja do naravne smrti? Kak&scaron;no naj bi bilo \u010dloveka vredno in dostojno \u017eivljenje, ki &scaron;\u010diti dostojanstvo slehernega med nami in mu omogo\u010da tudi versko, kulturno in socialno delovanje? Kako v lu\u010di sodobnih tendenc po spremembah gledati na pojmovanje in razumevanje dru\u017eine, star&scaron;evstva, pravice do otrok? Kako se obvarovati pred tem, da bi na \u010dloveka ne gledali kot na &raquo;homusfaber&laquo;, ki je vrednoten zgolj skozi o\u010di zaslu\u017eka? Kaj je na&scaron;i dru\u017ebi v \u010dasu, v katerem smo, ostalo kot bistveno in sveto? Za kaj bi bili danes pripravljeni dati \u017eivljenje? Za katere vrednote si bomo morali prizadevati v prihodnosti?<\/em><\/p>\n<p> \t<em>Ve\u010d informacij na el. po&scaron;ti info@unipas.si ali po telefonu 041\/288 917 (Tone \u010cesen, &scaron;tudentski duhovnik).<\/em><\/p>\n<p> \t<span style=\"color:#FF0000;\">\u010ce si pripravljen sodelovati kot prostovoljec pri izvedbi Nikodemovih ve\u010derih, se oglasi na Unipasu ali na mail: <\/span><a href=\"mailto:marija@unipas.si\"><span style=\"color:#FF0000;\">marija@unipas.si<\/span><\/a><span style=\"color:#FF0000;\">. Hvala! \ud83d\ude42<\/span><\/p>\n","protected":false},"excerpt":{"rendered":"<p>Nikodemovi ve\u010deri 2013: Spremembe?! Na pogovornih ve\u010derih, ki jih priredimo vsako leto v novembru, &scaron;tudentje, izobra\u017eenci in drugi zainteresirani razpravljajo o aktualnih vpra&scaron;anjih z razli\u010dnimi sogovorniki iz sveta znanosti, kulture,&hellip; <\/p>\n","protected":false},"author":1,"featured_media":0,"comment_status":"closed","ping_status":"closed","sticky":false,"template":"","format":"standard","meta":{"_monsterinsights_skip_tracking":false,"_monsterinsights_sitenote_active":false,"_monsterinsights_sitenote_note":"","_monsterinsights_sitenote_category":0,"ngg_post_thumbnail":0},"categories":[51],"tags":[],"_links":{"self":[{"href":"http:\/\/unipas.si\/_stara20112018\/wp-json\/wp\/v2\/posts\/2200"}],"collection":[{"href":"http:\/\/unipas.si\/_stara20112018\/wp-json\/wp\/v2\/posts"}],"about":[{"href":"http:\/\/unipas.si\/_stara20112018\/wp-json\/wp\/v2\/types\/post"}],"author":[{"embeddable":true,"href":"http:\/\/unipas.si\/_stara20112018\/wp-json\/wp\/v2\/users\/1"}],"replies":[{"embeddable":true,"href":"http:\/\/unipas.si\/_stara20112018\/wp-json\/wp\/v2\/comments?post=2200"}],"version-history":[{"count":0,"href":"http:\/\/unipas.si\/_stara20112018\/wp-json\/wp\/v2\/posts\/2200\/revisions"}],"wp:attachment":[{"href":"http:\/\/unipas.si\/_stara20112018\/wp-json\/wp\/v2\/media?parent=2200"}],"wp:term":[{"taxonomy":"category","embeddable":true,"href":"http:\/\/unipas.si\/_stara20112018\/wp-json\/wp\/v2\/categories?post=2200"},{"taxonomy":"post_tag","embeddable":true,"href":"http:\/\/unipas.si\/_stara20112018\/wp-json\/wp\/v2\/tags?post=2200"}],"curies":[{"name":"wp","href":"https:\/\/api.w.org\/{rel}","templated":true}]}}