{"id":2185,"date":"2013-11-14T17:49:00","date_gmt":"2013-11-14T16:49:00","guid":{"rendered":"http:\/\/unipas.si\/wp\/2013\/11\/14\/2-vecer-jutri-nasih-otrok\/"},"modified":"2013-11-14T17:49:00","modified_gmt":"2013-11-14T16:49:00","slug":"2-vecer-jutri-nasih-otrok","status":"publish","type":"post","link":"http:\/\/unipas.si\/_stara20112018\/2-vecer-jutri-nasih-otrok\/","title":{"rendered":"2. ve\u010der: Jutri na\u0161ih otrok"},"content":{"rendered":"<p> \tV drugi Nikodemov ve\u010der (12. 11.) z naslovom Jutri na&scaron;ih otrok sta nas glasbeno vpeljala Primo\u017e Kri\u017eaj in Filip Firbas iz skupine Odsev. Polno dvorano na Teolo&scaron;ki fakulteti v Ljubljani je prvi nagovoril dr. Karel Gr\u017ean. Spodbudil je mlade, naj zavzamejo sedanji \u010das in prostor. Mladi morajo za\u010dutiti svojo vrednost in izpolniti svoje poslanstvo. Poudaril je Bo\u017ejo pedagogiko, ki pravi, da je vsakdo vreden, da mora storiti, kar je v njegovih zmo\u017enostih in da naj se ne boji, ker je Gospod z njim. Predlagal je, naj mladi oporo \u010drpajo v evangeliju Jezusa Kristusa, ki po&scaron;ilja Svetega Duha, da jih obvaruje in jim daje mo\u010di.&nbsp; &nbsp;<\/p>\n<p>   <!--more-->  <\/p>\n<p> \t&nbsp;&nbsp;<\/p>\n<p align=\"justify\"> \tMelita Korde&scaron; Dem&scaron;ar je predstavila Montessori pedagogiko, za katero je zna\u010dilno, da so v oddelkih otroci razli\u010dnih starosti, ki sami izbirajo delo in le-to poteka v dolgih \u010dasovnih sklopih. Montessori pedagogika uveljavlja nekaj temeljnih principov: otroci so upanje \u010dlove&scaron;tva, v sebi nosijo svojo pot in s tem \u017eeljo po u\u010denju, zmo\u017enost svobodne izbire. Na pomembno mesto postavljajo zbranost, ti&scaron;ino in u\u010denje v starostno me&scaron;anih skupinah.&nbsp; &nbsp;&nbsp;&nbsp;<\/p>\n<p align=\"justify\"> \tNato je Silva Matos izpostavila pomen dru\u017eine, ki pa je vedno na poti razpada, saj so spremembe stalnica \u017eivljenja, na katere se je treba odzivati. Vsak otrok je pri&scaron;el na svet z dolo\u010denim poslanstvom po Bo\u017ejem na\u010drtu in star&scaron;i si otroka ne smejo lastiti. Mladim je dala popotnico z besedami Friderika Ireneja Barage: &quot;Ne boj se izzivov, ki jih predte postavlja \u010das.&quot;&nbsp;&nbsp;<\/p>\n<p align=\"justify\"> \tKam vodijo na&scaron;e poti, se je sra&scaron;eval Milan Matos. V Sloveniji smo naredili po osamosvojitvi le pol koraka. Podjetni&scaron;tvo, ki &nbsp;je temelj svobode in ustvarjalnosti, zanemarjamo. Pri\u010dakujemo veliko od drugih in malo od sebe. Svet je danes globalen, konkuren\u010den, tekmovalen. Za tak svet je potrebno mlade pripravljati. Navaditi se moramo tudi na frustracije in si znati pomagati.&nbsp; &nbsp;&nbsp;&nbsp;&nbsp;<\/p>\n<p align=\"justify\"> \tVe\u010der se je zaklju\u010dil z \u017eivahno razpravo.&nbsp; &nbsp;<\/p>\n<p> \tPoslu&scaron;aj <a href=\"http:\/\/media01.radiovaticana.va\/audiomp3\/00399452.MP3\">zvo\u010dni posnetek<\/a>&nbsp;(vir:&nbsp;Radio&nbsp;Vatikan)<\/p>\n<p> \tGostje ve\u010dera:<\/p>\n<p> \t<span style=\"color: rgb(102, 102, 102); font-family: Tahoma, Arial, Helvetica, sans-serif; line-height: 18px;\">dr.&nbsp;<\/span><strong style=\"margin: 0px; padding: 0px; border: 0px; outline: 0px; font-family: Tahoma, Arial, Helvetica, sans-serif; vertical-align: baseline; color: rgb(102, 102, 102); line-height: 18px;\">Karel Gr\u017ean<\/strong><span style=\"color: rgb(102, 102, 102); font-family: Tahoma, Arial, Helvetica, sans-serif; line-height: 18px;\">, duhovnik, magister teologije in dr. znanosti s podro\u010dja literarnih ved<\/span><br style=\"color: rgb(102, 102, 102); font-family: Tahoma, Arial, Helvetica, sans-serif; line-height: 18px;\" \/> \t<strong style=\"margin: 0px; padding: 0px; border: 0px; outline: 0px; font-family: Tahoma, Arial, Helvetica, sans-serif; vertical-align: baseline; color: rgb(102, 102, 102); line-height: 18px;\">Melita Korde&scaron; Dem&scaron;ar<\/strong><span style=\"color: rgb(102, 102, 102); font-family: Tahoma, Arial, Helvetica, sans-serif; line-height: 18px;\">, socialna pedagoginja in direktorica Monessori in&scaron;tituta<\/span><br style=\"color: rgb(102, 102, 102); font-family: Tahoma, Arial, Helvetica, sans-serif; line-height: 18px;\" \/> \t<strong style=\"margin: 0px; padding: 0px; border: 0px; outline: 0px; font-family: Tahoma, Arial, Helvetica, sans-serif; vertical-align: baseline; color: rgb(102, 102, 102); line-height: 18px;\">Silva Matos<\/strong><span style=\"color: rgb(102, 102, 102); font-family: Tahoma, Arial, Helvetica, sans-serif; line-height: 18px;\">, dipl. psihologinja in psihoterapevtka<\/span><br style=\"color: rgb(102, 102, 102); font-family: Tahoma, Arial, Helvetica, sans-serif; line-height: 18px;\" \/> \t<strong style=\"margin: 0px; padding: 0px; border: 0px; outline: 0px; font-family: Tahoma, Arial, Helvetica, sans-serif; vertical-align: baseline; color: rgb(102, 102, 102); line-height: 18px;\">Milan Matos<\/strong><span style=\"color: rgb(102, 102, 102); font-family: Tahoma, Arial, Helvetica, sans-serif; line-height: 18px;\">, biv&scaron;i direktor Mladinske knjige<\/span><\/p>\n<div id='gallery-1' class='gallery galleryid-2185 gallery-columns-3 gallery-size-thumbnail'><figure class='gallery-item'>\n\t\t\t<div class='gallery-icon landscape'>\n\t\t\t\t<a href='http:\/\/unipas.si\/_stara20112018\/wp-content\/uploads\/2013\/11\/20131112_nv_01.jpg' title=\"\" data-rl_title=\"\" class=\"rl-gallery-link\" data-rl_caption=\"\" data-rel=\"lightbox-gallery-1\"><img width=\"150\" height=\"150\" src=\"http:\/\/unipas.si\/_stara20112018\/wp-content\/uploads\/2013\/11\/20131112_nv_01-150x150.jpg\" class=\"attachment-thumbnail size-thumbnail\" alt=\"\" loading=\"lazy\" \/><\/a>\n\t\t\t<\/div><\/figure><figure class='gallery-item'>\n\t\t\t<div class='gallery-icon landscape'>\n\t\t\t\t<a href='http:\/\/unipas.si\/_stara20112018\/wp-content\/uploads\/2013\/11\/20131112_nv_02.jpg' title=\"\" data-rl_title=\"\" class=\"rl-gallery-link\" data-rl_caption=\"\" data-rel=\"lightbox-gallery-1\"><img width=\"150\" height=\"150\" src=\"http:\/\/unipas.si\/_stara20112018\/wp-content\/uploads\/2013\/11\/20131112_nv_02-150x150.jpg\" class=\"attachment-thumbnail size-thumbnail\" alt=\"\" loading=\"lazy\" \/><\/a>\n\t\t\t<\/div><\/figure><figure class='gallery-item'>\n\t\t\t<div class='gallery-icon landscape'>\n\t\t\t\t<a href='http:\/\/unipas.si\/_stara20112018\/wp-content\/uploads\/2013\/11\/20131112_nv_03.jpg' title=\"\" data-rl_title=\"\" class=\"rl-gallery-link\" data-rl_caption=\"\" data-rel=\"lightbox-gallery-1\"><img width=\"150\" height=\"150\" src=\"http:\/\/unipas.si\/_stara20112018\/wp-content\/uploads\/2013\/11\/20131112_nv_03-150x150.jpg\" class=\"attachment-thumbnail size-thumbnail\" alt=\"\" loading=\"lazy\" \/><\/a>\n\t\t\t<\/div><\/figure><figure class='gallery-item'>\n\t\t\t<div class='gallery-icon landscape'>\n\t\t\t\t<a href='http:\/\/unipas.si\/_stara20112018\/wp-content\/uploads\/2013\/11\/20131112_nv_04.jpg' title=\"\" data-rl_title=\"\" class=\"rl-gallery-link\" data-rl_caption=\"\" data-rel=\"lightbox-gallery-1\"><img width=\"150\" height=\"150\" src=\"http:\/\/unipas.si\/_stara20112018\/wp-content\/uploads\/2013\/11\/20131112_nv_04-150x150.jpg\" class=\"attachment-thumbnail size-thumbnail\" alt=\"\" loading=\"lazy\" \/><\/a>\n\t\t\t<\/div><\/figure><figure class='gallery-item'>\n\t\t\t<div class='gallery-icon portrait'>\n\t\t\t\t<a href='http:\/\/unipas.si\/_stara20112018\/wp-content\/uploads\/2013\/11\/20131112_nv_05.jpg' title=\"\" data-rl_title=\"\" class=\"rl-gallery-link\" data-rl_caption=\"\" data-rel=\"lightbox-gallery-1\"><img width=\"150\" height=\"150\" src=\"http:\/\/unipas.si\/_stara20112018\/wp-content\/uploads\/2013\/11\/20131112_nv_05-150x150.jpg\" class=\"attachment-thumbnail size-thumbnail\" alt=\"\" loading=\"lazy\" \/><\/a>\n\t\t\t<\/div><\/figure><figure class='gallery-item'>\n\t\t\t<div class='gallery-icon landscape'>\n\t\t\t\t<a href='http:\/\/unipas.si\/_stara20112018\/wp-content\/uploads\/2013\/11\/20131112_nv_06.jpg' title=\"\" data-rl_title=\"\" class=\"rl-gallery-link\" data-rl_caption=\"\" data-rel=\"lightbox-gallery-1\"><img width=\"150\" height=\"150\" src=\"http:\/\/unipas.si\/_stara20112018\/wp-content\/uploads\/2013\/11\/20131112_nv_06-150x150.jpg\" class=\"attachment-thumbnail size-thumbnail\" alt=\"\" loading=\"lazy\" \/><\/a>\n\t\t\t<\/div><\/figure><figure class='gallery-item'>\n\t\t\t<div class='gallery-icon landscape'>\n\t\t\t\t<a href='http:\/\/unipas.si\/_stara20112018\/wp-content\/uploads\/2013\/11\/20131112_nv_07.jpg' title=\"\" data-rl_title=\"\" class=\"rl-gallery-link\" data-rl_caption=\"\" data-rel=\"lightbox-gallery-1\"><img width=\"150\" height=\"150\" src=\"http:\/\/unipas.si\/_stara20112018\/wp-content\/uploads\/2013\/11\/20131112_nv_07-150x150.jpg\" class=\"attachment-thumbnail size-thumbnail\" alt=\"\" loading=\"lazy\" \/><\/a>\n\t\t\t<\/div><\/figure>\n\t\t<\/div>\n\n","protected":false},"excerpt":{"rendered":"<p>V drugi Nikodemov ve\u010der (12. 11.) z naslovom Jutri na&scaron;ih otrok sta nas glasbeno vpeljala Primo\u017e Kri\u017eaj in Filip Firbas iz skupine Odsev. Polno dvorano na Teolo&scaron;ki fakulteti v Ljubljani&hellip; <\/p>\n","protected":false},"author":1,"featured_media":0,"comment_status":"closed","ping_status":"closed","sticky":false,"template":"","format":"standard","meta":{"_monsterinsights_skip_tracking":false,"_monsterinsights_sitenote_active":false,"_monsterinsights_sitenote_note":"","_monsterinsights_sitenote_category":0,"ngg_post_thumbnail":0},"categories":[51],"tags":[],"_links":{"self":[{"href":"http:\/\/unipas.si\/_stara20112018\/wp-json\/wp\/v2\/posts\/2185"}],"collection":[{"href":"http:\/\/unipas.si\/_stara20112018\/wp-json\/wp\/v2\/posts"}],"about":[{"href":"http:\/\/unipas.si\/_stara20112018\/wp-json\/wp\/v2\/types\/post"}],"author":[{"embeddable":true,"href":"http:\/\/unipas.si\/_stara20112018\/wp-json\/wp\/v2\/users\/1"}],"replies":[{"embeddable":true,"href":"http:\/\/unipas.si\/_stara20112018\/wp-json\/wp\/v2\/comments?post=2185"}],"version-history":[{"count":0,"href":"http:\/\/unipas.si\/_stara20112018\/wp-json\/wp\/v2\/posts\/2185\/revisions"}],"wp:attachment":[{"href":"http:\/\/unipas.si\/_stara20112018\/wp-json\/wp\/v2\/media?parent=2185"}],"wp:term":[{"taxonomy":"category","embeddable":true,"href":"http:\/\/unipas.si\/_stara20112018\/wp-json\/wp\/v2\/categories?post=2185"},{"taxonomy":"post_tag","embeddable":true,"href":"http:\/\/unipas.si\/_stara20112018\/wp-json\/wp\/v2\/tags?post=2185"}],"curies":[{"name":"wp","href":"https:\/\/api.w.org\/{rel}","templated":true}]}}