{"id":195,"date":"2010-11-24T23:00:00","date_gmt":"2010-11-24T22:00:00","guid":{"rendered":"http:\/\/unipas.si\/wp\/2010\/11\/24\/revscina-v-luci-svetega-pisma-in-zgodnjega-krscanstva\/"},"modified":"2018-08-31T18:18:40","modified_gmt":"2018-08-31T16:18:40","slug":"revscina-v-luci-svetega-pisma-in-zgodnjega-krscanstva","status":"publish","type":"post","link":"http:\/\/unipas.si\/_stara20112018\/revscina-v-luci-svetega-pisma-in-zgodnjega-krscanstva\/","title":{"rendered":"Rev\u0161\u010dina v lu\u010di Svetega pisma in zgodnjega kr\u0161\u010danstva"},"content":{"rendered":"<p> \t<a href=\"http:\/\/unipas.si\/2010\/11\/24\/revscina-v-luci-svetega-pisma-in-zgodnjega-krscanstva\/\"><img loading=\"lazy\" class=\" alignleft size-full wp-image-184\" alt=\"8-vecer-thumb\" height=\"100\" src=\"http:\/\/unipas.si-content\/uploads\/2010\/11\/8-vecer-thumb.jpg\" style=\"margin-right: 20px; float: left;\" width=\"100\" \/><\/a>Leto&scaron;nji zadnji Nikodemov ve\u010der je minil v znamenju Svetega pisma in zgodovine. Spregovorili so nam trije strokovnjaki s teh podro\u010dij. Dr. Sne\u017ena Ve\u010dko je predstavila judovsko gospodarsko in socialno ureditev ter razmere v \u010dasu do pojava kr&scaron;\u010danstva. Ta \u010das je razdelila na &scaron;tiri obdobja, od rodovnega Izreala v \u010dasu o\u010dakov in izhoda iz Egipta, do rimsko-monarhi\u010dnega, zasedenega Izraela v \u010dasu rojstva Jezusa Kristusa.<br \/> \t&nbsp;<\/p>\n<p>   <!--more-->  <\/p>\n<p> \tDr. Maksimiljan Matja\u017e se je osredoto\u010dil na odnos Svetega pisma do rev&scaron;\u010dine in solidarnosti. Povedal je, da ljubezen ne pozna pravil in to\u010dnih meril. Zapoved ljubezni je tako najte\u017eja izmed vseh zapovedi, saj je tako zelo osebna in jo hkrati zlahka presli&scaron;imo.<\/p>\n<p> \tDr. Ale&scaron; Maver je razlo\u017eil odnos do reve\u017eev s strani zgodnje Cerkve. Ta je skozi vso zgodovino vzbujal \u010dudenje s strani nekristjanov in se je zelo razlikoval od poganske okolice. Vseeno pa tudi prve Cerkve ne smemo idealizirati, saj te\u017eave zaradi materialnih sredstev lahko zasledimo \u017ee v opisih Apostolskih del.<\/p>\n<p> \tGostje so poudarili, da Sveto pismo v sebi gotovo nosi sporo\u010dila tako o lokalnem kot o globalnem odnosu do rev&scaron;\u010dine in solidarnosti. Predvsem pa nas spodbuja, da svoje duhovnosti ne \u017eivimo le pri molitvi, temve\u010d pri vsem, tudi socialnem in dru\u017ebenem delovanju.<\/p>\n<p> \tAudio posnetek je dosegljiv <a href=\"http:\/\/audio.ognjisce.si\/index.php?p=Arhiv_leto_2010%2FNikodemovi_veceri_2010\" target=\"_blank\">v audio arhivu radia Ognji&scaron;\u010de<\/a>.<\/p>\n<p> \t&nbsp;<\/p>\n<div id='gallery-1' class='gallery galleryid-195 gallery-columns-3 gallery-size-thumbnail'><figure class='gallery-item'>\n\t\t\t<div class='gallery-icon landscape'>\n\t\t\t\t<a href='http:\/\/unipas.si\/_stara20112018\/wp-content\/uploads\/2010\/11\/DSC00770.JPG' title=\"\" data-rl_title=\"\" class=\"rl-gallery-link\" data-rl_caption=\"\" data-rel=\"lightbox-gallery-1\"><img width=\"150\" height=\"150\" src=\"http:\/\/unipas.si\/_stara20112018\/wp-content\/uploads\/2010\/11\/DSC00770-150x150.jpg\" class=\"attachment-thumbnail size-thumbnail\" alt=\"\" loading=\"lazy\" \/><\/a>\n\t\t\t<\/div><\/figure><figure class='gallery-item'>\n\t\t\t<div class='gallery-icon landscape'>\n\t\t\t\t<a href='http:\/\/unipas.si\/_stara20112018\/wp-content\/uploads\/2010\/11\/DSC00779.JPG' title=\"\" data-rl_title=\"\" class=\"rl-gallery-link\" data-rl_caption=\"\" data-rel=\"lightbox-gallery-1\"><img width=\"150\" height=\"150\" src=\"http:\/\/unipas.si\/_stara20112018\/wp-content\/uploads\/2010\/11\/DSC00779-150x150.jpg\" class=\"attachment-thumbnail size-thumbnail\" alt=\"\" loading=\"lazy\" \/><\/a>\n\t\t\t<\/div><\/figure><figure class='gallery-item'>\n\t\t\t<div class='gallery-icon landscape'>\n\t\t\t\t<a href='http:\/\/unipas.si\/_stara20112018\/wp-content\/uploads\/2010\/11\/DSC00785.JPG' title=\"\" data-rl_title=\"\" class=\"rl-gallery-link\" data-rl_caption=\"\" data-rel=\"lightbox-gallery-1\"><img width=\"150\" height=\"150\" src=\"http:\/\/unipas.si\/_stara20112018\/wp-content\/uploads\/2010\/11\/DSC00785-150x150.jpg\" class=\"attachment-thumbnail size-thumbnail\" alt=\"\" loading=\"lazy\" \/><\/a>\n\t\t\t<\/div><\/figure><figure class='gallery-item'>\n\t\t\t<div class='gallery-icon landscape'>\n\t\t\t\t<a href='http:\/\/unipas.si\/_stara20112018\/wp-content\/uploads\/2010\/11\/DSC00790.JPG' title=\"\" data-rl_title=\"\" class=\"rl-gallery-link\" data-rl_caption=\"\" data-rel=\"lightbox-gallery-1\"><img width=\"150\" height=\"150\" src=\"http:\/\/unipas.si\/_stara20112018\/wp-content\/uploads\/2010\/11\/DSC00790-150x150.jpg\" class=\"attachment-thumbnail size-thumbnail\" alt=\"\" loading=\"lazy\" \/><\/a>\n\t\t\t<\/div><\/figure><figure class='gallery-item'>\n\t\t\t<div class='gallery-icon landscape'>\n\t\t\t\t<a href='http:\/\/unipas.si\/_stara20112018\/wp-content\/uploads\/2010\/11\/DSC00798.JPG' title=\"\" data-rl_title=\"\" class=\"rl-gallery-link\" data-rl_caption=\"\" data-rel=\"lightbox-gallery-1\"><img width=\"150\" height=\"150\" src=\"http:\/\/unipas.si\/_stara20112018\/wp-content\/uploads\/2010\/11\/DSC00798-150x150.jpg\" class=\"attachment-thumbnail size-thumbnail\" alt=\"\" loading=\"lazy\" \/><\/a>\n\t\t\t<\/div><\/figure><figure class='gallery-item'>\n\t\t\t<div class='gallery-icon landscape'>\n\t\t\t\t<a href='http:\/\/unipas.si\/_stara20112018\/wp-content\/uploads\/2010\/11\/DSC00805.JPG' title=\"\" data-rl_title=\"\" class=\"rl-gallery-link\" data-rl_caption=\"\" data-rel=\"lightbox-gallery-1\"><img width=\"150\" height=\"150\" src=\"http:\/\/unipas.si\/_stara20112018\/wp-content\/uploads\/2010\/11\/DSC00805-150x150.jpg\" class=\"attachment-thumbnail size-thumbnail\" alt=\"\" loading=\"lazy\" \/><\/a>\n\t\t\t<\/div><\/figure><figure class='gallery-item'>\n\t\t\t<div class='gallery-icon landscape'>\n\t\t\t\t<a href='http:\/\/unipas.si\/_stara20112018\/wp-content\/uploads\/2010\/11\/DSC00808.JPG' title=\"\" data-rl_title=\"\" class=\"rl-gallery-link\" data-rl_caption=\"\" data-rel=\"lightbox-gallery-1\"><img width=\"150\" height=\"150\" src=\"http:\/\/unipas.si\/_stara20112018\/wp-content\/uploads\/2010\/11\/DSC00808-150x150.jpg\" class=\"attachment-thumbnail size-thumbnail\" alt=\"\" loading=\"lazy\" \/><\/a>\n\t\t\t<\/div><\/figure><figure class='gallery-item'>\n\t\t\t<div class='gallery-icon landscape'>\n\t\t\t\t<a href='http:\/\/unipas.si\/_stara20112018\/wp-content\/uploads\/2010\/11\/DSC00812.JPG' title=\"\" data-rl_title=\"\" class=\"rl-gallery-link\" data-rl_caption=\"\" data-rel=\"lightbox-gallery-1\"><img width=\"150\" height=\"150\" src=\"http:\/\/unipas.si\/_stara20112018\/wp-content\/uploads\/2010\/11\/DSC00812-150x150.jpg\" class=\"attachment-thumbnail size-thumbnail\" alt=\"\" loading=\"lazy\" \/><\/a>\n\t\t\t<\/div><\/figure><figure class='gallery-item'>\n\t\t\t<div class='gallery-icon landscape'>\n\t\t\t\t<a href='http:\/\/unipas.si\/_stara20112018\/wp-content\/uploads\/2010\/11\/DSC00816.JPG' title=\"\" data-rl_title=\"\" class=\"rl-gallery-link\" data-rl_caption=\"\" data-rel=\"lightbox-gallery-1\"><img width=\"150\" height=\"150\" src=\"http:\/\/unipas.si\/_stara20112018\/wp-content\/uploads\/2010\/11\/DSC00816-150x150.jpg\" class=\"attachment-thumbnail size-thumbnail\" alt=\"\" loading=\"lazy\" \/><\/a>\n\t\t\t<\/div><\/figure><figure class='gallery-item'>\n\t\t\t<div class='gallery-icon landscape'>\n\t\t\t\t<a href='http:\/\/unipas.si\/_stara20112018\/wp-content\/uploads\/2010\/11\/DSC00820.JPG' title=\"\" data-rl_title=\"\" class=\"rl-gallery-link\" data-rl_caption=\"\" data-rel=\"lightbox-gallery-1\"><img width=\"150\" height=\"150\" src=\"http:\/\/unipas.si\/_stara20112018\/wp-content\/uploads\/2010\/11\/DSC00820-150x150.jpg\" class=\"attachment-thumbnail size-thumbnail\" alt=\"\" loading=\"lazy\" \/><\/a>\n\t\t\t<\/div><\/figure>\n\t\t<\/div>\n\n","protected":false},"excerpt":{"rendered":"<p>Leto&scaron;nji zadnji Nikodemov ve\u010der je minil v znamenju Svetega pisma in zgodovine. Spregovorili so nam trije strokovnjaki s teh podro\u010dij. Dr. Sne\u017ena Ve\u010dko je predstavila judovsko gospodarsko in socialno ureditev&hellip; <\/p>\n","protected":false},"author":1,"featured_media":184,"comment_status":"closed","ping_status":"closed","sticky":false,"template":"","format":"standard","meta":{"_monsterinsights_skip_tracking":false,"_monsterinsights_sitenote_active":false,"_monsterinsights_sitenote_note":"","_monsterinsights_sitenote_category":0,"ngg_post_thumbnail":0},"categories":[8],"tags":[],"_links":{"self":[{"href":"http:\/\/unipas.si\/_stara20112018\/wp-json\/wp\/v2\/posts\/195"}],"collection":[{"href":"http:\/\/unipas.si\/_stara20112018\/wp-json\/wp\/v2\/posts"}],"about":[{"href":"http:\/\/unipas.si\/_stara20112018\/wp-json\/wp\/v2\/types\/post"}],"author":[{"embeddable":true,"href":"http:\/\/unipas.si\/_stara20112018\/wp-json\/wp\/v2\/users\/1"}],"replies":[{"embeddable":true,"href":"http:\/\/unipas.si\/_stara20112018\/wp-json\/wp\/v2\/comments?post=195"}],"version-history":[{"count":0,"href":"http:\/\/unipas.si\/_stara20112018\/wp-json\/wp\/v2\/posts\/195\/revisions"}],"wp:featuredmedia":[{"embeddable":true,"href":"http:\/\/unipas.si\/_stara20112018\/wp-json\/wp\/v2\/media\/184"}],"wp:attachment":[{"href":"http:\/\/unipas.si\/_stara20112018\/wp-json\/wp\/v2\/media?parent=195"}],"wp:term":[{"taxonomy":"category","embeddable":true,"href":"http:\/\/unipas.si\/_stara20112018\/wp-json\/wp\/v2\/categories?post=195"},{"taxonomy":"post_tag","embeddable":true,"href":"http:\/\/unipas.si\/_stara20112018\/wp-json\/wp\/v2\/tags?post=195"}],"curies":[{"name":"wp","href":"https:\/\/api.w.org\/{rel}","templated":true}]}}