{"id":1765,"date":"2013-04-01T11:35:48","date_gmt":"2013-04-01T09:35:48","guid":{"rendered":"http:\/\/unipas.si\/wp\/2013\/04\/01\/od-mnozicnega-krscanstva-k-obcestveni-in-osebni-veri\/"},"modified":"2018-08-31T18:18:45","modified_gmt":"2018-08-31T16:18:45","slug":"od-mnozicnega-krscanstva-k-obcestveni-in-osebni-veri","status":"publish","type":"post","link":"http:\/\/unipas.si\/_stara20112018\/od-mnozicnega-krscanstva-k-obcestveni-in-osebni-veri\/","title":{"rendered":"Od mno\u017ei\u010dnega kr\u0161\u010danstva k ob\u010destveni in osebni veri"},"content":{"rendered":"<p> \t<img alt=\"\" src=\"data:image\/jpeg;base64,\/9j\/4AAQSkZJRgABAQEBLAEsAAD\/2wBDAAgGBgcGBQgHBwcJCQgKDBQNDAsLDBkSEw8UHRofHh0aHBwgJC4nICIsIxwcKDcpLDAxNDQ0Hyc5PTgyPC4zNDL\/2wBDAQkJCQwLDBgNDRgyIRwhMjIyMjIyMjIyMjIyMjIyMjIyMjIyMjIyMjIyMjIyMjIyMjIyMjIyMjIyMjIyMjIyMjL\/wAARCABkAFEDASIAAhEBAxEB\/8QAHwAAAQUBAQEBAQEAAAAAAAAAAAECAwQFBgcICQoL\/8QAtRAAAgEDAwIEAwUFBAQAAAF9AQIDAAQRBRIhMUEGE1FhByJxFDKBkaEII0KxwRVS0fAkM2JyggkKFhcYGRolJicoKSo0NTY3ODk6Q0RFRkdISUpTVFVWV1hZWmNkZWZnaGlqc3R1dnd4eXqDhIWGh4iJipKTlJWWl5iZmqKjpKWmp6ipqrKztLW2t7i5usLDxMXGx8jJytLT1NXW19jZ2uHi4+Tl5ufo6erx8vP09fb3+Pn6\/8QAHwEAAwEBAQEBAQEBAQAAAAAAAAECAwQFBgcICQoL\/8QAtREAAgECBAQDBAcFBAQAAQJ3AAECAxEEBSExBhJBUQdhcRMiMoEIFEKRobHBCSMzUvAVYnLRChYkNOEl8RcYGRomJygpKjU2Nzg5OkNERUZHSElKU1RVVldYWVpjZGVmZ2hpanN0dXZ3eHl6goOEhYaHiImKkpOUlZaXmJmaoqOkpaanqKmqsrO0tba3uLm6wsPExcbHyMnK0tPU1dbX2Nna4uPk5ebn6Onq8vP09fb3+Pn6\/9oADAMBAAIRAxEAPwDgLi5lLH94\/wD31VVp3PV2\/OlnbDkZ6GoGcetUJknnP\/eb86YZmP8AE351Hu9MUnUjuaAJPNf++350vmtj77fnVtNHuvKEsyrCh5\/eHB\/AdaabJOgLt\/wGgCsJnx99vzpyzP8A32\/OpZLB0TcAfxFVsYOMYpbjJlmk\/vt+dTxzybh87fnVNTz2qZD8woA0PPk\/vH86KgxRQBVugBISM4qsTn1rSuFjAyal0\/w5qOsfPaWxEX\/PRztX9etF11JV29DHVS7qiglmOAB3Nd9ZeHk0azSZofMv2GSW5EfsPepPDHge7stYW91HyjDANyBWzuft+Fd5FZR3KnIDE\/MTWU6mtkaKDtdnmX2Ga7vM3DOST\/Ea14bSLasbR\/KeBkdDW\/faWsciOgAJLY471ly\/61gOM8\/jWNSbewRjqSLo8E0DgjBHIGK4\/XtD+zt50A+XrgV30Uh2ZB+8pH44rIljFzBLC\/PdD3HtWdKo07lyR5oAQcGpouoq7qVi8MjOFxg4NUojyK707oyL26imbv8AOKKAOp8P+FHuQuoalHiE\/NDCf4vc+3tXQ31\/9jjCKFULwADjFdLp0VtrNsTFchooQEZozn5scj8K5XxVojw4Fo0sjscCPGSx9sVjKzfvHVSagtNzcs5jLpSOzDDgH8K0tDlSd5IcgOFzj2rBhif+x7WB5PICxjfuGWHHp61o+GdPAv7u7mZJIiqx27g84I54\/KslG87hJvlL+p2h2MRjg7h9a46+RkuN4X5WP5V3dwyNO9qVlRuqMy\/K4x2NcpqcZjnKEHnn8qc4mZUikAs3IwduGFUbl0RVuUxtJwfrSNMYopYz0KPWa05bTnUn7y5\/GsKcRSZPc28V1G6so3MM59642e1aC4K7Twa3o79lyC3GD+fUVVuitx+8HJBrqp3iQzO2\/WirOD6CithG\/wCFfFkvhy8eK5JaynwWPUo3r\/jXo17rGiQRR3lxNFJJjdGUOTyO1eH3B3OSVA+lLYag+nXAkESzqvRXPT6VM4X1QQqW0Z65cWza1p7XcMkkG\/7yYxnHt2NYmlT\/ANj+JYXmmkW2mBicBvlBPQ4+v86b4U8XJqM8ljOgglfmNc8N64rS1jR4ZkeNpFDuvQc\/j7VnGNnax0X59juVn2oFzkY61y3iEhbqMr\/ECa4y48UeIfC8UVrdLDdQYxHMSckDsT61dtNbk1qxhu5lCMxKbVPA5\/wp1E0rkrV8vUpXk4+0eV\/eU5\/Gqc5CWQHtUF1cCTVpGDYUHAp9\/wD8ezrnGPmFZRjZoiWphGdt7c\/SrVo+5NrGsx9yyZBq1athlNdViC5tPpRUu8eoopCKcghPL5z6LVaURH7gIHvTZSWmcFtvJGKhZW7E4qzPqa\/hY2Sa+j3b7WUZg+baDJ2BPb616BD5n2kE42t83PHH949wPc8ntivIZDu6jFdf4f8AE8jQmC5kBuEIKs3\/AC0PQM3rt9PpTOuhUUfdZ2uq2yXdq9obMXCEfvC\/yhf8D37n1rmBpw02wMUMqyeWWc4bJHtXWBxd6Uiq+1FXJOeWJ5J\/GvP9Tm\/0k20IILsAcdhUTjfQ6Wo2v1IEuIFGNw5PcdTRdyiSHavBQdM54rFvZgbqUIflJ\/Wo\/tD7lw3bFDjc5pzi9LE0nPI6U+E84xxUIbB56GpISN+COKZiW+faijaKKQEVx5Su3Xdk5+tVGIJxk\/nVidRJcSNlRuYnk+9V3CDjcKLmbQx1BPy7vxqFwwOe471KeTwePWmlB\/e5qkwNzT\/FlzaWywyOSB2I7VSvdbE8jvECGYdfSs7ZQYSoyy4o0NVVkla5EWzznNPj5bPpS7Fx7\/ShIz3NFyCQEHuKnjBDAijMLREGLY4AwRnn1zSxAhvUVNyixuaijH+yaKWgxt1EBPKATwx\/nVbyx6miiqJe4BAT1NGwA9TRRSACOM980BPMYhmY\/jRRQITyVyRk0+KMBgAxGaKKRaLaWqMuSWzjNSJbIcctRRUjRa+yp\/eb86KKKBn\/2Q==\" \/><span style=\"color:#006699;\"><strong>V Sloveniji se 77 % dr\u017eavljanov pri&scaron;teva h katoli\u010danom, od tega pa je le 15 % nedeljnikov (http:\/\/katoliska-cerkev.si\/statisticni-podatki-o-cerkvi-na-slovenskem-za-leto-2011). Potrebno se je tudi vpra&scaron;ati, koliko nedeljnikov obiskuje sv. ma&scaron;o iz tradicije in koliko iz osebne vere. Te &scaron;tevilke nas ne smejo prestra&scaron;iti, temve\u010d nas izzivajo k refleksiji: kje je na&scaron;a vera? Seveda gre na prvem mestu za osebno vpra&scaron;anje: kje sem z osebno vero? Kako mi gre? Kaj mi pomeni? Je vse odvisno samo od mene?<\/strong><\/span><\/p>\n<p>   <!--more-->  <\/p>\n<p> \t<strong>Kaj je vera?<\/strong><\/p>\n<ul>\n<li> \t\tvera je dar: \u017de sv. Avgu&scaron;tin je v svojih Izpovedih opisal spoznanje, da je vse milost. Vera mnogim ni polo\u017eena kar v zibko, ampak se do vere dokopljejo po vztrajnem iskanju, premi&scaron;ljevanju, v\u010dasih ob sre\u010danju s kak&scaron;no osebo, v\u010dasih na duhovnih vajah, drugi\u010d ob prebiranju Svetega pisma. Na to iskanje odgovarja Bog &ndash; z vero. Bog v tebi ustvarja hrepenenje, da ga i&scaron;\u010de&scaron;, Bog te kli\u010de, On sam se ti daje v nemir iskanja, da bi te lahko potem pomiril in objel. On sam te vodi po poti vere, po poti k Njemu. Vera je proces, ki traja vse \u017eivljenje, je proces iskanja Bo\u017eje bli\u017eine, ki je enkrat konkretna, drugi\u010d prazna.<\/li>\n<li> \t\tvera je zaupanje: Kako mo\u010dno vero ima&scaron;, se poka\u017ee v preizku&scaron;njah. Bog od tebe &nbsp;pri\u010dakuje le, da mu zaupa&scaron;, da mu verjame&scaron;. Jezus sam je rekel: &raquo;Vse je mogo\u010de tistemu, ki veruje&laquo; (Mr 9,23). Bog za vsako stvar potrebuje tvojo privolitev, tvojo vero Vanj, zaupanje v Njegove besede: &raquo;Ne boj se, samo veruj!&laquo; (Mr 5,36).<\/li>\n<li> \t\tvera je odnos: Vsak, ki je kdaj bil v partnerskem odnosu dobro ve, da je za lep in rasto\u010d odnos potreben prispevek obeh. Enako velja tudi za druge odnose, tudi v odnosu do star&scaron;ev, prijateljev, &scaron;efov se mora&scaron; truditi. Svojo vero lahko preveri&scaron; tudi tako, da opazuje&scaron;, kak&scaron;en je tvoj odnos do Boga, kako se trudi&scaron;, kaj prispeva&scaron;, kaj pri\u010dakuje&scaron;. Jezus te je imenoval za svojega prijatelja (prim. Jn 15,15), zato se nikar ne boj govoriti z njim kot z najbolj&scaron;im prijateljem.<\/li>\n<li> \t\tvera je garanje: Bolj kot garanje to raje opi&scaron;imo z besedami premikanje, rast, korakanje. Tako je. Vera je tudi garanje. Pride pu&scaron;\u010dava, samota, lahko celo ob\u010dutje zapu&scaron;\u010denosti in takrat je gotovo te\u017eko delati korake k Bogu. Lahko si preprosto pred kak&scaron;no zahtevno odlo\u010ditvijo pa ne ve&scaron;, kako naprej. Tudi to od tebe zahteva napor zaupanja, izro\u010danja.<\/li>\n<\/ul>\n<p> \t&nbsp;<\/p>\n<p> \t<strong>Kaj je bistvo na&scaron;e kr&scaron;\u010danske vere?<\/strong><\/p>\n<p> \t(Pogovor ob veroizpovedi naj bo namenjen odkrivanju, kaj priznavamo kot kristjani. V pomo\u010d pri odkrivanju vere vam je lahko Katekizem Katoli&scaron;ke Cerkve (KKC)).<\/p>\n<table border=\"1\" cellpadding=\"0\" cellspacing=\"0\">\n<tbody>\n<tr>\n<td style=\"width:307px;\">\n<ol>\n<li> \t\t\t\t\t\t<strong>Verujem v enega Boga<\/strong>,<\/li>\n<\/ol>\n<p style=\"margin-left:36.0pt;\"> \t\t\t\t\tO\u010deta vsemogo\u010dnega,<\/p>\n<p style=\"margin-left:36.0pt;\"> \t\t\t\t\tStvarnika nebes in zemlje,<\/p>\n<p style=\"margin-left:36.0pt;\"> \t\t\t\t\tvseh vidnih in nevidnih stvari.<\/p>\n<p> \t\t\t\t\t&nbsp;<\/p>\n<\/td>\n<td style=\"width:307px;\">\n<p> \t\t\t\t\tBog je eden.<\/p>\n<p> \t\t\t\t\tBog je Trojica.<\/p>\n<p> \t\t\t\t\tBog je O\u010de.<\/p>\n<p> \t\t\t\t\tBog je Vsemogo\u010den.<\/p>\n<p> \t\t\t\t\tBog je Stvarnik.<\/p>\n<p> \t\t\t\t\t&nbsp;<\/p>\n<\/td>\n<\/tr>\n<tr>\n<td style=\"width:307px;\">\n<ol>\n<li value=\"2\"> \t\t\t\t\t\t<strong>In v enega gospoda Jezusa Kristusa<\/strong>,<\/li>\n<\/ol>\n<p style=\"margin-left:36.0pt;\"> \t\t\t\t\tedinorojenega Sina Bo\u017ejega,<\/p>\n<p style=\"margin-left:36.0pt;\"> \t\t\t\t\tki je iz O\u010deta rojen pred vsemi veki<\/p>\n<p style=\"margin-left:36.0pt;\"> \t\t\t\t\tin je Bog od Boga, lu\u010d od lu\u010di, pravi Bog od pravega Boga,<\/p>\n<p style=\"margin-left:36.0pt;\"> \t\t\t\t\trojen, ne ustvarjen, enega bistva z O\u010detom,<\/p>\n<p style=\"margin-left:36.0pt;\"> \t\t\t\t\tin je po njem vse ustvarjeno,<\/p>\n<p style=\"margin-left:36.0pt;\"> \t\t\t\t\tki je zaradi nas ljudi in zaradi na&scaron;ega zveli\u010danja<\/p>\n<p style=\"margin-left:36.0pt;\"> \t\t\t\t\tpri&scaron;el iz nebes.<\/p>\n<p style=\"margin-left:36.0pt;\"> \t\t\t\t\tIn se je utelesil po Svetem Duhu<\/p>\n<p style=\"margin-left:36.0pt;\"> \t\t\t\t\tiz Marije Device in postal \u010dlovek.<\/p>\n<p style=\"margin-left:36.0pt;\"> \t\t\t\t\tBil je tudi kri\u017ean za nas, pod Poncijem Pilatom je trpel<\/p>\n<p style=\"margin-left:36.0pt;\"> \t\t\t\t\tin bil v grob polo\u017een.<\/p>\n<p style=\"margin-left:36.0pt;\"> \t\t\t\t\tIn tretji dan je od mrtvih vstal, po pri\u010devanju Pisma.<\/p>\n<p style=\"margin-left:36.0pt;\"> \t\t\t\t\tIn je &scaron;el v nebesa, sedi na desnici O\u010detovi.<\/p>\n<p style=\"margin-left:36.0pt;\"> \t\t\t\t\tIn bo spet pri&scaron;el v slavi,<\/p>\n<p style=\"margin-left:36.0pt;\"> \t\t\t\t\tsodit \u017eive in mrtve,<\/p>\n<p style=\"margin-left:36.0pt;\"> \t\t\t\t\tin Njegovemu kraljestvu ne bo konca.<\/p>\n<p> \t\t\t\t\t&nbsp;<\/p>\n<\/td>\n<td style=\"width:307px;\">\n<p> \t\t\t\t\tV veroizpovedi je kratek povzetek Jezusovega u\u010dlove\u010denja, trpljenja, smrti in vstajenja.<\/p>\n<p> \t\t\t\t\tKako dobro poznam Jezusa in Njegovo zgodbo?<\/p>\n<p> \t\t\t\t\tJe Jezus samo neka zgodovinska oseba, ki je spremenila svet ali njegov nauk spreminja tudi mene?<\/p>\n<p> \t\t\t\t\tKatere klju\u010dne to\u010dke bi izpostavili, \u010de bi te kdo vpra&scaron;al, kdo je bil Jezus?<\/p>\n<p> \t\t\t\t\tKako si Jezusa predstavljam?<\/p>\n<p> \t\t\t\t\tKaj je bistvo Njegovega oznanila?<\/p>\n<p> \t\t\t\t\t&nbsp;<\/p>\n<\/td>\n<\/tr>\n<tr>\n<td style=\"width:307px;\">\n<ol>\n<li value=\"3\"> \t\t\t\t\t\t<strong>In v svetega Duha<\/strong>,<\/li>\n<\/ol>\n<p style=\"margin-left:35.4pt;\"> \t\t\t\t\tGospoda, ki o\u017eivlja;<\/p>\n<p style=\"margin-left:36.0pt;\"> \t\t\t\t\tki izhaja iz O\u010deta in Sina,<\/p>\n<p style=\"margin-left:36.0pt;\"> \t\t\t\t\tki ga z O\u010detom in Sinom molimo in slavimo;<\/p>\n<p style=\"margin-left:36.0pt;\"> \t\t\t\t\tki je govoril po prerokih.<\/p>\n<p> \t\t\t\t\t&nbsp;<\/p>\n<\/td>\n<td style=\"width:307px;\">\n<p> \t\t\t\t\tKako dobro poznam tretjo bo\u017ejo osebo &ndash; Svetega Duha?<\/p>\n<p> \t\t\t\t\tSin in Duh sta poslana skupaj.<\/p>\n<p> \t\t\t\t\tSveti Duh tudi danes govori po mnogih ljudeh in odpira srca za razumevanje Bo\u017eje Besede in Njegove volje.<\/p>\n<\/td>\n<\/tr>\n<tr>\n<td style=\"width:307px;\">\n<ol>\n<li value=\"4\"> \t\t\t\t\t\t<strong>In eno, sveto, katoli&scaron;ko in apostolsko Cerkev<\/strong>.<\/li>\n<\/ol>\n<p style=\"margin-left:36.0pt;\"> \t\t\t\t\tPriznavam en krst v odpu&scaron;\u010danje grehov.<\/p>\n<p style=\"margin-left:36.0pt;\"> \t\t\t\t\tIn pri\u010dakujem vstajenje od mrtvih<\/p>\n<p style=\"margin-left:36.0pt;\"> \t\t\t\t\tin \u017eivljenje v prihodnjem veku.<\/p>\n<p style=\"margin-left:36.0pt;\"> \t\t\t\t\tAmen.<\/p>\n<p> \t\t\t\t\t&nbsp;<\/p>\n<\/td>\n<td style=\"width:307px;\">\n<p> \t\t\t\t\tCerkev kot Jezusova nevesta prva najgloblje posreduje \u017eelje in voljo Gospoda.<\/p>\n<p> \t\t\t\t\tCerkev sva ti in jaz (ne samo \u017eupnik, ne samo &scaron;kofija, ne samo Vatikan, ampak ti in jaz) &ndash; po krstu brata &ndash; pridru\u017eena ob\u010destvu vernikov, ki pa so tudi \u017eupnik, &scaron;kofija in Vatikan.<\/p>\n<p> \t\t\t\t\tKak&scaron;no podobo o Cerkvi imam?<\/p>\n<\/td>\n<\/tr>\n<\/tbody>\n<\/table>\n<p> \t&nbsp;<\/p>\n<p> \t&nbsp;<\/p>\n<p> \t<strong>Zakaj verujem: ker &raquo;moram&laquo; ali ker \u017eelim in ker i&scaron;\u010dem Boga?<\/strong><\/p>\n<p> \t&nbsp;<\/p>\n<p> \t&nbsp;<\/p>\n<p> \tTRADICIJA: Tradicija ali izro\u010dilo se prena&scaron;a iz roda v rod \u017ee od apostolov dalje, ko so ti prejeli nauk od Kristusa ter ga posredovali naprej. Apostoli so opominjali vernike, naj se dr\u017eijo izro\u010dil (prim. 2 Tes 2,15), to pa je naloga tudi dana&scaron;njih &scaron;kofov kot naslednikov apostolov. Izro\u010dilo se tako prena&scaron;a po ljudeh (od &scaron;kofov preko duhovnikov in katehetov do star&scaron;ev), poleg pa spadajo tudi branje Svetega pisma, pripadnost Bo\u017ejemu ljudstvu in cerkveno u\u010diteljstvo, ki svojo avtoriteto izra\u017ea v imenu Jezusa Kristusa (Dogmati\u010dna konstitucija o Bo\u017ejem razodetju, BR 10). Tradicija je torej nujno potrebna in kristjani jo priznavamo \u017ee od samega za\u010detka, predvsem v sprejemanju zakramentov. V slovenskem prostoru je tradicija &scaron;e vedno zelo mo\u010dna in tudi spo&scaron;tovana, za\u017eelena. A kr&scaron;\u010danska vera zaradi okolja, v katerem \u017eivimo, ne more ve\u010d obstati zgolj zaradi tradicije, zato je nujen korak k osebni veri.<\/p>\n<p> \tOSEBNO SRE\u010cANJE S KRISTUSOM: Osebna vera je velik dar. Ni dana vsakemu, \u010deprav je vsaka izpoved vere, ne glede na to, kako globoka je, osebna izpoved. \u017de mnogi svetniki niso znali opisati z besedami svojega sre\u010danja z vstalim Kristusom. Si predstavljate: Pavla je dobesedno &raquo;vrglo na tla&laquo;, ko ga je Jezus, ki naj bi \u017ee davno umrl, kar naenkrat obiskal z \u017eivo Besedo in poslanstvom (prim. Apd 9,3&ndash;9)? Nekaterim ljudem pri osebni veri pomaga razum, ko z razumom pridejo do spoznanja, da je kr&scaron;\u010danstvo resnica, kar pomeni, da pri iskanju odgovorov na temeljna vpra&scaron;anja (npr.: Kaj je smisel \u017eivljenja? Zakaj sem na svetu?), najdejo odgovor v kr&scaron;\u010danskem nauku. Drugi osebno vero do\u017eivijo &raquo;misti\u010dno&laquo;, kar opi&scaron;ejo kot posebno sre\u010danje s Kristusom. Vsekakor ne obstaja recept ene poti do sre\u010danja z Gospodom, temve\u010d je Bog tisti, ki ima pripravljeno pot za vsakega; za vsakega svojo. Pri osebni veri in rasti v njej vedno ostaja merilo: &raquo;I&scaron;\u010dite in boste na&scaron;li. Trkajte in se vam bo odprlo&laquo; (Mt 7,7).<\/p>\n<p> \tRAZMERJE MED TRADCIJO in OSEBNO VERO: Pri tradiciji je klju\u010dnega pomena, da se pogosto vpra&scaron;amo, ZAKAJ nekaj po\u010dnemo. Pri globoki osebni veri pa je pomembno, da UPO&Scaron;TEVAMO tudi tradicijo. V obeh lahko obstaja nevarnost skrajnosti: pri tradiciji se lahko strogo dr\u017eimo &raquo;reglcov&laquo; in zapademo v &raquo;tradicionalizem&laquo;, ki ne vidi dlje od izpolnjevanja zapovedi in farizejstva. Pri osebni veri pa je pomembno ne le se dr\u017eati svojih razmi&scaron;ljanj in \u010dutenj, temve\u010d te preverjati v skupnosti in iskati trdne temelje v izro\u010dilu. Potrebno je oboje!<\/p>\n<p> \t&nbsp;<\/p>\n<p> \t<strong>Od mno\u017ei\u010dnega kr&scaron;\u010danstva k ob\u010destveni in osebni veri (PIP 52)<\/strong><\/p>\n<table border=\"1\" cellpadding=\"0\" cellspacing=\"0\">\n<tbody>\n<tr>\n<td style=\"width:286px;height:277px;\">\n<ul>\n<li> \t\t\t\t\t\t<u>mno\u017ei\u010dno kr&scaron;\u010danstvo<\/u>: Na&scaron;a Cerkev se mno\u017ei\u010dnosti in tradiciji ne \u017eeli odre\u010di, a ker se je tradicionalno verno okolje spremenilo, je poglavitno prav to, da si mo\u010dneje prizadevamo za osebno vero.<\/li>\n<\/ul>\n<p style=\"margin-left:13.65pt;\"> \t\t\t\t\t&nbsp;<\/p>\n<ul>\n<li> \t\t\t\t\t\t<u>osebna vera<\/u>: Ko neka tradicionalna vera preraste v osebno vero, se to ka\u017ee v na\u010dinu \u017eivljenja: \u017eivim to, kar verujem. V Sloveniji smo kristjani zaradi izrednih dru\u017ebenih razmer mnogokrat zaznamovani in zato \u010dutimo te\u017eo pri izpovedovanju vere.<\/li>\n<\/ul>\n<p style=\"margin-left:13.65pt;\"> \t\t\t\t\t&nbsp;<\/p>\n<ul>\n<li> \t\t\t\t\t\t<u>ob\u010destvena vera<\/u>: Lahko bi rekli, da je ideal Cerkve. Veliko govora je in bo &scaron;e o \u017eivih ob\u010destvih, kjer osebna vera zdru\u017euje posameznike v skupine in gibanja. Za\u010den&scaron;i z dru\u017eino so ta ob\u010destva jedro, zavetje in spodbuda za rast v osebni veri.<\/li>\n<\/ul>\n<p> \t\t\t\t\t&nbsp;<\/p>\n<\/td>\n<td style=\"width:286px;height:277px;\">\n<p> \t\t\t\t\t&nbsp;<\/p>\n<p> \t\t\t\t\t&nbsp;<\/p>\n<\/td>\n<\/tr>\n<\/tbody>\n<\/table>\n<div> \t&nbsp; \t<\/p>\n<hr align=\"left\" size=\"1\" width=\"33%\" \/>\n<div id=\"ftn1\">\n<p> \t\t\t<a href=\"http:\/\/unipas.si\/?p=1938#_ftnref1\" name=\"_ftn1\" title=\"\">[1]<\/a> O \u017eivih ob\u010destvih bomo razmi&scaron;ljali &nbsp;v eni od prihajajo\u010dih katehez.<\/p>\n<\/p><\/div>\n<\/p><\/div>\n<p> \t&nbsp;<\/p>\n<p> \t<strong>Pogovor po skupinah:<\/strong><\/p>\n<ul>\n<li> \t\tKako sem prejel vero? (v dru\u017eini, od star&scaron;ev, od starih star&scaron;iev od fanta\/dekleta, v \u017eupniji, v gibanju\/zdru\u017eenju\/mladinski skupini, ob sre\u010danju, s kako osebo, ob prebiranju Bo\u017eje besede &hellip;)<\/li>\n<\/ul>\n<p> \t<u>Metodolo&scaron;ki pristop:<\/u> ob pogovoru na vpra&scaron;anje Kako sem prejel vero? se zdru\u017eimo v manj&scaron;e skupine in sicer tisti, ki so jo prejeli v dru\u017eini so ena skupina, tisti, ki so jo prejeli ob branju Svetega pisma, so druga skupina itn.<br \/> \t&#8211; Skupina se pogovori in i&scaron;\u010de skupne to\u010dke (npr: ti, ki so vero prejeli v dru\u017eini napi&scaron;ejo na list papirja svoje izku&scaron;nje iz dru\u017eine (molitev, pogovor o veri), in tudi, kaj bi si &scaron;e \u017eeleli, ali bi kaj spremenili &ndash; tu \u017ee razmi&scaron;ljam z o\u010dmi lasne vere).<br \/> \t&#8211; Potem vsaka skupina skupaj poi&scaron;\u010de odgovor na prva tri vpra&scaron;anja: Kaj je vera? Kaj je bistvo kr&scaron;\u010danske vere? in Zakaj verujem? (ker moram ali ker \u017eelim, to potrebujem).<br \/> \t&#8211; Skupaj z voditeljem predebatirajte va&scaron;e ugotovitve. V pomo\u010d vam je lahko zgornji tekst, kjer je nekaj osnovnih to\u010dk o verovanju.<\/p>\n<ul>\n<li> \t\tOsebna vera: kako jo razumem, kako jo \u017eivim in rastem v njej? Pogovorite se o lastnih izku&scaron;njah (te so najlep&scaron;e pri\u010devanje vere).<\/li>\n<\/ul>\n<p> \t&nbsp;<\/p>\n<ul>\n<li> \t\tPrilo\u017enost za rast v veri (po PIP):<\/li>\n<\/ul>\n<p> \t&#8211; beri Sveto pismo, zlasti evangelije;<br \/> \t&#8211; udele\u017ei se duhovnih vaj, duhovne obnove;<br \/> \t&#8211; udele\u017euj se izobra\u017eevanja na verskem podro\u010dju (prim. Nikodemovi ve\u010deri);<br \/> \t&#8211; moli, ve\u010d, nau\u010di se moliti tudi na nove na\u010dine, vklju\u010dno z meditacijo;<br \/> \t&#8211; redno prejemaj svete zakramente in dobro se nanje pripravi;<br \/> \t&#8211; poi&scaron;\u010di skupino, v kateri \u010duti&scaron; oporo v svojem iskanju in s katero lahko deli&scaron; svoja razmi&scaron;ljanja;<br \/> \t&#8211; poi&scaron;\u010di duhovnega spremljevalca;<br \/> \t&#8211; prebiraj knjige z duhovno in teolo&scaron;ko vsebino, pri osnovnem nauku ti bo zelo v pomo\u010d KKC ali YouCat.<\/p>\n<p> \t&nbsp;<\/p>\n<p> \tPripravila: Karmen K.<\/p>\n<p> \t<strong>Viri in literatura:<\/strong><\/p>\n<p> \tPridite in poglejte. 2012. Slovenski pastoralni na\u010drt, krovni dokument. Slovenska &Scaron;kofovska konferenca. Ljubljana: Celjska Mohorjeva dru\u017eba.<\/p>\n<p> \tStrle, Anton. 1997. Vera Cerkve. Celje: Mohorjeva dru\u017eba.<\/p>\n<p> \tKoncilski odloki, konstitucije, odloki, izjave, poslanice 2. vatikanskega vesoljnega cerkvenega zbora (1962&ndash;1965). 1995. Ljubljana: Dru\u017eina.<\/p>\n<p> \tKatekizem katoli&scaron;ke Cerkve. 1993. Ljubljana: Dru\u017eina.<\/p>\n","protected":false},"excerpt":{"rendered":"<p>V Sloveniji se 77 % dr\u017eavljanov pri&scaron;teva h katoli\u010danom, od tega pa je le 15 % nedeljnikov (http:\/\/katoliska-cerkev.si\/statisticni-podatki-o-cerkvi-na-slovenskem-za-leto-2011). Potrebno se je tudi vpra&scaron;ati, koliko nedeljnikov obiskuje sv. ma&scaron;o iz tradicije&hellip; <\/p>\n","protected":false},"author":1,"featured_media":0,"comment_status":"closed","ping_status":"closed","sticky":false,"template":"","format":"standard","meta":{"_monsterinsights_skip_tracking":false,"_monsterinsights_sitenote_active":false,"_monsterinsights_sitenote_note":"","_monsterinsights_sitenote_category":0,"ngg_post_thumbnail":0},"categories":[33],"tags":[],"_links":{"self":[{"href":"http:\/\/unipas.si\/_stara20112018\/wp-json\/wp\/v2\/posts\/1765"}],"collection":[{"href":"http:\/\/unipas.si\/_stara20112018\/wp-json\/wp\/v2\/posts"}],"about":[{"href":"http:\/\/unipas.si\/_stara20112018\/wp-json\/wp\/v2\/types\/post"}],"author":[{"embeddable":true,"href":"http:\/\/unipas.si\/_stara20112018\/wp-json\/wp\/v2\/users\/1"}],"replies":[{"embeddable":true,"href":"http:\/\/unipas.si\/_stara20112018\/wp-json\/wp\/v2\/comments?post=1765"}],"version-history":[{"count":0,"href":"http:\/\/unipas.si\/_stara20112018\/wp-json\/wp\/v2\/posts\/1765\/revisions"}],"wp:attachment":[{"href":"http:\/\/unipas.si\/_stara20112018\/wp-json\/wp\/v2\/media?parent=1765"}],"wp:term":[{"taxonomy":"category","embeddable":true,"href":"http:\/\/unipas.si\/_stara20112018\/wp-json\/wp\/v2\/categories?post=1765"},{"taxonomy":"post_tag","embeddable":true,"href":"http:\/\/unipas.si\/_stara20112018\/wp-json\/wp\/v2\/tags?post=1765"}],"curies":[{"name":"wp","href":"https:\/\/api.w.org\/{rel}","templated":true}]}}