{"id":158,"date":"2010-11-21T23:00:00","date_gmt":"2010-11-21T22:00:00","guid":{"rendered":"http:\/\/unipas.si\/wp\/2010\/11\/21\/druzba-konfliktov-in-solidarnosti\/"},"modified":"2018-08-31T18:18:40","modified_gmt":"2018-08-31T16:18:40","slug":"druzba-konfliktov-in-solidarnosti","status":"publish","type":"post","link":"http:\/\/unipas.si\/_stara20112018\/druzba-konfliktov-in-solidarnosti\/","title":{"rendered":"Dru\u017eba konfliktov in solidarnosti"},"content":{"rendered":"<p> \t<a href=\"http:\/\/unipas.si\/2010\/11\/21\/druzba-konfliktov-in-solidarnosti\/\"><img loading=\"lazy\" class=\" alignleft size-full wp-image-11\" alt=\"ivan-stuhec\" height=\"100\" src=\"http:\/\/unipas.si-content\/uploads\/2010\/10\/ivan-stuhec.jpg\" style=\"margin-right: 20px; float: left;\" width=\"100\" \/><\/a>Drugi ponedeljkov ve\u010der je bil namenjen razmisleku o vedno aktualnej&scaron;i temi &#8211; solidarnosti med generacijami. Obzorja je obiskovalcem raz&scaron;irjal dr. Ivan &Scaron;tuhec. V predavanju je izhajal iz vpra&scaron;anja, kak&scaron;na je na&scaron;a prihodnost &ndash; bomo dru\u017eba konfliktov ali dru\u017eba solidarnosti? Staranje prebivalstva, ki bo svoj vrhunec v Evropi do\u017eivelo \u010dez 30 do 40 let, bo namre\u010d nujno prineslo nove te\u017eave in konflikte, ki jih lahko v veliki meri re&scaron;imo s preventivnim delovanjem. Po njegovem mnenju je potrebno med drugim izbolj&scaron;ati dru\u017einsko politiko, integrirati priseljence v Slovenijo ter izbolj&scaron;ati permanentno izobra\u017eevanje dr\u017eavljanov tudi o tej tematiki. Samo tako bomo na&scaron;i dru\u017ebi zagotovili trajnostni razvoj, ki zaradi potreb sedanjih ne bo ogrozil prihodnjih generacij.<\/p>\n<p>   <!--more-->  <\/p>\n<p> \tDr. &Scaron;tuhec je veliko pozornost namenil tudi dana&scaron;njim mladim, ki so individualisti in jim veliko pomeni zasebnost, a jim hkrati veliko pomenijo odnosi z drugimi ljudmi. Izpostavil je pomembnost prostovoljnega dela in se zavzel za to, da bi pri njem dali ve\u010dji poudarek na stiku z drugimi generacijami. Predlagal je tudi uvedbo obveznega enoletnega socialnega slu\u017eenja, ki bi nadomestila nekdanjo voja&scaron;\u010dino in mladim pomagala odrasti, hkrati pa jih senzibilizirala za konkretne probleme ljudi okrog njih.<\/p>\n<p> \tPredavatelj je spregovoril &scaron;e o tujih zgledih medgeneracijskega dialoga in skrbi za ostarele osebe. Na koncu je nakazal mo\u017ene re&scaron;itve, ki bi vodile do medgeneracijsko solidarne dru\u017ebe kljub zaostrovanju razmer zaradi slabe demografske slike na&scaron;e dru\u017ebe. Med njimi so uvedba vsebin za usposabljanje mladih za medgeneracijsko komunikacijo v &scaron;olski sistem, okrepitev in sistematizacija prostovoljstva za mlade med 10. in 25. letom, nove prostorske re&scaron;itve, ki bodo nudile mo\u017enost sre\u010devanja in diaologa med generacijami, ter odpravljanje tabuja smrti.<\/p>\n<p> \tAudio posnetek je dosegljiv <a href=\"http:\/\/audio.ognjisce.si\/index.php?p=Arhiv_leto_2010%2FNikodemovi_veceri_2010\" target=\"_blank\">v audio arhivu radia Ognji&scaron;\u010de<\/a>.<\/p>\n<p> \t&nbsp;<\/p>\n<div id='gallery-1' class='gallery galleryid-158 gallery-columns-3 gallery-size-thumbnail'><figure class='gallery-item'>\n\t\t\t<div class='gallery-icon landscape'>\n\t\t\t\t<a href='http:\/\/unipas.si\/_stara20112018\/wp-content\/uploads\/2010\/11\/DSC00642.JPG' title=\"\" data-rl_title=\"\" class=\"rl-gallery-link\" data-rl_caption=\"\" data-rel=\"lightbox-gallery-1\"><img width=\"150\" height=\"150\" src=\"http:\/\/unipas.si\/_stara20112018\/wp-content\/uploads\/2010\/11\/DSC00642-150x150.jpg\" class=\"attachment-thumbnail size-thumbnail\" alt=\"\" loading=\"lazy\" \/><\/a>\n\t\t\t<\/div><\/figure><figure class='gallery-item'>\n\t\t\t<div class='gallery-icon landscape'>\n\t\t\t\t<a href='http:\/\/unipas.si\/_stara20112018\/wp-content\/uploads\/2010\/11\/DSC00645.JPG' title=\"\" data-rl_title=\"\" class=\"rl-gallery-link\" data-rl_caption=\"\" data-rel=\"lightbox-gallery-1\"><img width=\"150\" height=\"150\" src=\"http:\/\/unipas.si\/_stara20112018\/wp-content\/uploads\/2010\/11\/DSC00645-150x150.jpg\" class=\"attachment-thumbnail size-thumbnail\" alt=\"\" loading=\"lazy\" \/><\/a>\n\t\t\t<\/div><\/figure><figure class='gallery-item'>\n\t\t\t<div class='gallery-icon landscape'>\n\t\t\t\t<a href='http:\/\/unipas.si\/_stara20112018\/wp-content\/uploads\/2010\/11\/DSC00657.JPG' title=\"\" data-rl_title=\"\" class=\"rl-gallery-link\" data-rl_caption=\"\" data-rel=\"lightbox-gallery-1\"><img width=\"150\" height=\"150\" src=\"http:\/\/unipas.si\/_stara20112018\/wp-content\/uploads\/2010\/11\/DSC00657-150x150.jpg\" class=\"attachment-thumbnail size-thumbnail\" alt=\"\" loading=\"lazy\" \/><\/a>\n\t\t\t<\/div><\/figure><figure class='gallery-item'>\n\t\t\t<div class='gallery-icon landscape'>\n\t\t\t\t<a href='http:\/\/unipas.si\/_stara20112018\/wp-content\/uploads\/2010\/11\/DSC00659.JPG' title=\"\" data-rl_title=\"\" class=\"rl-gallery-link\" data-rl_caption=\"\" data-rel=\"lightbox-gallery-1\"><img width=\"150\" height=\"150\" src=\"http:\/\/unipas.si\/_stara20112018\/wp-content\/uploads\/2010\/11\/DSC00659-150x150.jpg\" class=\"attachment-thumbnail size-thumbnail\" alt=\"\" loading=\"lazy\" \/><\/a>\n\t\t\t<\/div><\/figure><figure class='gallery-item'>\n\t\t\t<div class='gallery-icon landscape'>\n\t\t\t\t<a href='http:\/\/unipas.si\/_stara20112018\/wp-content\/uploads\/2010\/11\/DSC00668.JPG' title=\"\" data-rl_title=\"\" class=\"rl-gallery-link\" data-rl_caption=\"\" data-rel=\"lightbox-gallery-1\"><img width=\"150\" height=\"150\" src=\"http:\/\/unipas.si\/_stara20112018\/wp-content\/uploads\/2010\/11\/DSC00668-150x150.jpg\" class=\"attachment-thumbnail size-thumbnail\" alt=\"\" loading=\"lazy\" \/><\/a>\n\t\t\t<\/div><\/figure><figure class='gallery-item'>\n\t\t\t<div class='gallery-icon landscape'>\n\t\t\t\t<a href='http:\/\/unipas.si\/_stara20112018\/wp-content\/uploads\/2010\/11\/DSC00673.JPG' title=\"\" data-rl_title=\"\" class=\"rl-gallery-link\" data-rl_caption=\"\" data-rel=\"lightbox-gallery-1\"><img width=\"150\" height=\"150\" src=\"http:\/\/unipas.si\/_stara20112018\/wp-content\/uploads\/2010\/11\/DSC00673-150x150.jpg\" class=\"attachment-thumbnail size-thumbnail\" alt=\"\" loading=\"lazy\" \/><\/a>\n\t\t\t<\/div><\/figure><figure class='gallery-item'>\n\t\t\t<div class='gallery-icon landscape'>\n\t\t\t\t<a href='http:\/\/unipas.si\/_stara20112018\/wp-content\/uploads\/2010\/11\/DSC00678.JPG' title=\"\" data-rl_title=\"\" class=\"rl-gallery-link\" data-rl_caption=\"\" data-rel=\"lightbox-gallery-1\"><img width=\"150\" height=\"150\" src=\"http:\/\/unipas.si\/_stara20112018\/wp-content\/uploads\/2010\/11\/DSC00678-150x150.jpg\" class=\"attachment-thumbnail size-thumbnail\" alt=\"\" loading=\"lazy\" \/><\/a>\n\t\t\t<\/div><\/figure><figure class='gallery-item'>\n\t\t\t<div class='gallery-icon landscape'>\n\t\t\t\t<a href='http:\/\/unipas.si\/_stara20112018\/wp-content\/uploads\/2010\/11\/DSC00683.JPG' title=\"\" data-rl_title=\"\" class=\"rl-gallery-link\" data-rl_caption=\"\" data-rel=\"lightbox-gallery-1\"><img width=\"150\" height=\"150\" src=\"http:\/\/unipas.si\/_stara20112018\/wp-content\/uploads\/2010\/11\/DSC00683-150x150.jpg\" class=\"attachment-thumbnail size-thumbnail\" alt=\"\" loading=\"lazy\" \/><\/a>\n\t\t\t<\/div><\/figure><figure class='gallery-item'>\n\t\t\t<div class='gallery-icon landscape'>\n\t\t\t\t<a href='http:\/\/unipas.si\/_stara20112018\/wp-content\/uploads\/2010\/11\/DSC00684.JPG' title=\"\" data-rl_title=\"\" class=\"rl-gallery-link\" data-rl_caption=\"\" data-rel=\"lightbox-gallery-1\"><img width=\"150\" height=\"150\" src=\"http:\/\/unipas.si\/_stara20112018\/wp-content\/uploads\/2010\/11\/DSC00684-150x150.jpg\" class=\"attachment-thumbnail size-thumbnail\" alt=\"\" loading=\"lazy\" \/><\/a>\n\t\t\t<\/div><\/figure>\n\t\t<\/div>\n\n","protected":false},"excerpt":{"rendered":"<p>Drugi ponedeljkov ve\u010der je bil namenjen razmisleku o vedno aktualnej&scaron;i temi &#8211; solidarnosti med generacijami. Obzorja je obiskovalcem raz&scaron;irjal dr. Ivan &Scaron;tuhec. V predavanju je izhajal iz vpra&scaron;anja, kak&scaron;na je&hellip; <\/p>\n","protected":false},"author":1,"featured_media":11,"comment_status":"closed","ping_status":"closed","sticky":false,"template":"","format":"standard","meta":{"_monsterinsights_skip_tracking":false,"_monsterinsights_sitenote_active":false,"_monsterinsights_sitenote_note":"","_monsterinsights_sitenote_category":0,"ngg_post_thumbnail":0},"categories":[8],"tags":[],"_links":{"self":[{"href":"http:\/\/unipas.si\/_stara20112018\/wp-json\/wp\/v2\/posts\/158"}],"collection":[{"href":"http:\/\/unipas.si\/_stara20112018\/wp-json\/wp\/v2\/posts"}],"about":[{"href":"http:\/\/unipas.si\/_stara20112018\/wp-json\/wp\/v2\/types\/post"}],"author":[{"embeddable":true,"href":"http:\/\/unipas.si\/_stara20112018\/wp-json\/wp\/v2\/users\/1"}],"replies":[{"embeddable":true,"href":"http:\/\/unipas.si\/_stara20112018\/wp-json\/wp\/v2\/comments?post=158"}],"version-history":[{"count":0,"href":"http:\/\/unipas.si\/_stara20112018\/wp-json\/wp\/v2\/posts\/158\/revisions"}],"wp:featuredmedia":[{"embeddable":true,"href":"http:\/\/unipas.si\/_stara20112018\/wp-json\/wp\/v2\/media\/11"}],"wp:attachment":[{"href":"http:\/\/unipas.si\/_stara20112018\/wp-json\/wp\/v2\/media?parent=158"}],"wp:term":[{"taxonomy":"category","embeddable":true,"href":"http:\/\/unipas.si\/_stara20112018\/wp-json\/wp\/v2\/categories?post=158"},{"taxonomy":"post_tag","embeddable":true,"href":"http:\/\/unipas.si\/_stara20112018\/wp-json\/wp\/v2\/tags?post=158"}],"curies":[{"name":"wp","href":"https:\/\/api.w.org\/{rel}","templated":true}]}}