{"id":1246,"date":"2012-08-30T07:10:07","date_gmt":"2012-08-30T05:10:07","guid":{"rendered":"http:\/\/unipas.si\/wp\/2012\/08\/30\/poletni-oddih-in-duhovni-navdih-kaprije\/"},"modified":"2012-08-30T07:10:07","modified_gmt":"2012-08-30T05:10:07","slug":"poletni-oddih-in-duhovni-navdih-kaprije","status":"publish","type":"post","link":"http:\/\/unipas.si\/_stara20112018\/poletni-oddih-in-duhovni-navdih-kaprije\/","title":{"rendered":"Poletni oddih in duhovni navdih &#8211; Kaprije"},"content":{"rendered":"<p> \t<img loading=\"lazy\" class=\" alignleft size-full wp-image-1245\" alt=\"alt\" src=\"http:\/\/unipas.si-content\/uploads\/2012\/08\/DSC_1175.jpg\" style=\"width: 150px; height: 226px; float: left;\" width=\"318\" height=\"480\" srcset=\"http:\/\/unipas.si\/_stara20112018\/wp-content\/uploads\/2012\/08\/DSC_1175.jpg 318w, http:\/\/unipas.si\/_stara20112018\/wp-content\/uploads\/2012\/08\/DSC_1175-199x300.jpg 199w\" sizes=\"(max-width: 318px) 100vw, 318px\" \/><\/p>\n<p style=\"text-align: justify;\"> \t<span style=\"color:#daa520;\"><strong>V spominu mi je ostala prispodoba o sve\u010di, ki nam jo je na po\u010ditni&scaron;ko duhovnem tednu na Kaprijah povedal &scaron;tudentski duhovnik Klemen Svetelj. Spodbudil nas je, da si zamislimo kako se po\u010duti \u010dlovek v prostoru, kjer je popolna tema. Nato se pri\u017ege prva sve\u010dka in osvetli prostor. Vzdu&scaron;je je takoj prijetnej&scaron;e. Zatem se pri\u017ege druga sve\u010dka in tretja, &hellip; Na koncu je prostor v celoti osvetljen in \u010dlovek se po\u010duti varnej&scaron;ega.<\/strong><\/span><\/p>\n<p style=\"text-align: justify;\"> \t\u00a0<\/p>\n<p style=\"text-align: justify;\"> \t<span style=\"color:#8b4513;\">Nekako podobno si lahko predstavljamo zbiranje skupine enaintrideset mladih, ki smo se v okviru UNIPAS-A (Univerzitetne pastorale), odpravili na otok Kaprije. Mladi iz razli\u010dnih delov Slovenije, z razli\u010dnimi pri\u010dakovanji, morda ob\u010dutkom strahu pred neznanim in pred tem, kako bo in kaj nas \u010daka, smo se v nedeljo, 19. 8. 2012, zbrali v parku Tivoli, v Ljubljani. Po prvem medsebojnem spoznavanju so se za\u010dele &#8216;pri\u017eigati sve\u010dke&#8217;. Vsak dan kak&scaron;na sve\u010dka ve\u010d in na koncu tedna, pre\u017eivetega na Kaprijah, je bil &#8216;osvetljen&#8217; ves prostor, vzdu&scaron;je pa enkratno.<\/span><\/p>\n<p style=\"text-align: justify;\"> \t\u00a0<\/p>\n<p style=\"text-align: justify;\"> \t<span style=\"color:#8b4513;\">Glavno vpra&scaron;anje s katerim smo se v leto&scaron;njem po\u010ditni&scaron;ko duhovnem programu soo\u010dili je bilo: kako spoznati in sprejeti lastno krhkost ter na drugi strani kako si ob tem pomagati s krepostmi, ki so nam bile podarjene.<\/span><\/p>\n<p style=\"text-align: justify;\"> \t\u00a0<\/p>\n<p style=\"text-align: justify;\"> \t<span style=\"color:#8b4513;\">Vsebina nas je popeljala v odkrivanje kreposti, ki nas vodijo, da delamo dobro: razumnost, pravi\u010dnost, sr\u010dnost, zmernost, vera, upanje in ljubezen. Nasproti krepostim pa stojijo gre&scaron;na nagnjenja, ki nas nagibajo k zlu: napuh, lakomnost, nevo&scaron;\u010dljivost, jeza, ne\u010distost, po\u017ere&scaron;nost in lenoba.<\/span><\/p>\n<p style=\"text-align: justify;\"> \t\u00a0<\/p>\n<p style=\"text-align: justify;\"> \t<span style=\"color:#8b4513;\">Dan smo pri\u010deli z jutranjo molitvijo &ndash; hvalnicami. Nato je sledil zajtrk in po zajtrku skok v morje. Nadaljevali smo z duhovnim delom, ki nas je spodbudil k globljemu razmi&scaron;ljanju, premi&scaron;ljevanju o sebi, drugih in Bogu. Vodila sta ga s. Metka Kastelic in &scaron;tudentski duhovnik Klemen Svetelj. Po dolo\u010denem \u010dasu, ki je bil namenjen lastnemu razmi&scaron;ljanju, smo se ponovno zbrali in razdelili v &scaron;tiri skupine. V skupinah smo si delili nova spoznanja in izku&scaron;nje, povezane z obravnavano temo. Sledilo je nekaj prostega \u010dasa, ki smo ga lahko porabili za pogovore, petje, igranje dru\u017eabnih iger, &hellip; Vsak dan znova nas je slastno in izvirno pripravljeno kosilo okrepilo za popoldanski del dneva &ndash; plavanje, raziskovanje morskih globin, sprostitev in osve\u017eitev v morju ter prijetno dru\u017eenje. Po ve\u010derji smo se, hvale\u017eni za \u010dudovito pre\u017eivet dan, zbrali pri sveti ma&scaron;i, ki je bila za marsikoga vrhunec dneva.<\/span><\/p>\n<p style=\"text-align: justify;\"> \t\u00a0<\/p>\n<p style=\"text-align: justify;\"> \t<span style=\"color:#8b4513;\">&Scaron;e posebej smo bili navdu&scaron;eni nad opazovanjem planktona, ki se pono\u010di lesketa v vodi, opazovanjem son\u010dnega zahoda in &scaron;e nad mnogimi drugimi lepotami stvarstva.<\/span><\/p>\n<p style=\"text-align: justify;\"> \t\u00a0<\/p>\n<p style=\"text-align: justify;\"> \t<span style=\"color:#8b4513;\">Opis nepozabnega po\u010ditni&scaron;ko duhovnega tedna na Kaprijah lahko preprosto zaklju\u010dim z besedami: oddih, otro&scaron;ka razigranost, nova prijateljstva, pogovori, notranji mir, trenutki ti&scaron;ine, duhovno poglabljanje, <strong>odprtost za \u017eivljenje<\/strong>, &hellip;\u00a0\u00a0<\/span><\/p>\n<p> \t\u00a0<\/p>\n<p style=\"text-align: right;\"> \t<span style=\"color:#daa520;\"><strong>Barbara \u017dupan\u010di\u010d<\/strong><\/span><\/p>\n<p style=\"text-align: right;\"> \t\u00a0<\/p>\n<p style=\"text-align: justify;\"> \t<span style=\"color:#daa520;\"><\/span><\/p>\n","protected":false},"excerpt":{"rendered":"<p>V spominu mi je ostala prispodoba o sve\u010di, ki nam jo je na po\u010ditni&scaron;ko duhovnem tednu na Kaprijah povedal &scaron;tudentski duhovnik Klemen Svetelj. Spodbudil nas je, da si zamislimo kako&hellip; <\/p>\n","protected":false},"author":1,"featured_media":1244,"comment_status":"closed","ping_status":"closed","sticky":false,"template":"","format":"standard","meta":{"_monsterinsights_skip_tracking":false,"_monsterinsights_sitenote_active":false,"_monsterinsights_sitenote_note":"","_monsterinsights_sitenote_category":0,"ngg_post_thumbnail":0},"categories":[30],"tags":[],"_links":{"self":[{"href":"http:\/\/unipas.si\/_stara20112018\/wp-json\/wp\/v2\/posts\/1246"}],"collection":[{"href":"http:\/\/unipas.si\/_stara20112018\/wp-json\/wp\/v2\/posts"}],"about":[{"href":"http:\/\/unipas.si\/_stara20112018\/wp-json\/wp\/v2\/types\/post"}],"author":[{"embeddable":true,"href":"http:\/\/unipas.si\/_stara20112018\/wp-json\/wp\/v2\/users\/1"}],"replies":[{"embeddable":true,"href":"http:\/\/unipas.si\/_stara20112018\/wp-json\/wp\/v2\/comments?post=1246"}],"version-history":[{"count":0,"href":"http:\/\/unipas.si\/_stara20112018\/wp-json\/wp\/v2\/posts\/1246\/revisions"}],"wp:featuredmedia":[{"embeddable":true,"href":"http:\/\/unipas.si\/_stara20112018\/wp-json\/wp\/v2\/media\/1244"}],"wp:attachment":[{"href":"http:\/\/unipas.si\/_stara20112018\/wp-json\/wp\/v2\/media?parent=1246"}],"wp:term":[{"taxonomy":"category","embeddable":true,"href":"http:\/\/unipas.si\/_stara20112018\/wp-json\/wp\/v2\/categories?post=1246"},{"taxonomy":"post_tag","embeddable":true,"href":"http:\/\/unipas.si\/_stara20112018\/wp-json\/wp\/v2\/tags?post=1246"}],"curies":[{"name":"wp","href":"https:\/\/api.w.org\/{rel}","templated":true}]}}